{"id":103,"date":"2014-06-23T09:59:41","date_gmt":"2014-06-23T09:59:41","guid":{"rendered":"http:\/\/www.materiel-relooking.com\/blog\/?p=103"},"modified":"2015-01-06T11:37:50","modified_gmt":"2015-01-06T11:37:50","slug":"mechier-nuancier-couleur-cheveux","status":"publish","type":"post","link":"https:\/\/www.materiel-relooking.com\/blog\/mechier-nuancier-couleur-cheveux\/","title":{"rendered":"Nos m\u00e9chiers couleurs"},"content":{"rendered":"<h2 style=\"text-align: center;\">Ce <span style=\"color: #d5297f;\"><a title=\"m\u00e9chier couleur cheveux\" href=\"http:\/\/www.materiel-relooking.com\/fr\/kits-de-conseil-en-image\/28-mechier-pro.html\" target=\"_blank\"><span style=\"color: #d5297f;\"><strong>m\u00e9chier<\/strong><\/span><\/a><\/span> a \u00e9t\u00e9 sp\u00e9cialement \u00e9tudi\u00e9 selon la <span style=\"color: #d5297f;\"><strong><a title=\"m\u00e9thodes des 4 saisons\" href=\"http:\/\/www.materiel-relooking.com\/blog\/la-methode-des-4-saisons\/\" target=\"_blank\"><span style=\"color: #d5297f;\">m\u00e9thode des 4 saisons<\/span><\/a><\/strong><\/span>, tout\u00a0comme <span style=\"color: #d5297f;\">nos <a title=\"perruque\" href=\"http:\/\/www.materiel-relooking.com\/fr\/23-perruques-4-saisons\" target=\"_blank\"><span style=\"color: #d5297f;\"><strong>perruques<\/strong><\/span><\/a><\/span><span style=\"color: #d5297f;\">.<\/span><\/h2>\n<p style=\"text-align: center;\"><a title=\"m\u00e9chier relooking\" href=\"http:\/\/www.materiel-relooking.com\/fr\/kits-de-conseil-en-image\/28-mechier-pro.html\" target=\"_blank\"><img data-attachment-id=\"106\" data-permalink=\"https:\/\/www.materiel-relooking.com\/blog\/mechier-nuancier-couleur-cheveux\/mechier-pro\/\" data-orig-file=\"https:\/\/i0.wp.com\/www.materiel-relooking.com\/blog\/wp-content\/uploads\/2014\/06\/mechier-pro.jpg?fit=600%2C300&amp;ssl=1\" data-orig-size=\"600,300\" data-comments-opened=\"0\" data-image-meta=\"{&quot;aperture&quot;:&quot;0&quot;,&quot;credit&quot;:&quot;&quot;,&quot;camera&quot;:&quot;&quot;,&quot;caption&quot;:&quot;&quot;,&quot;created_timestamp&quot;:&quot;0&quot;,&quot;copyright&quot;:&quot;&quot;,&quot;focal_length&quot;:&quot;0&quot;,&quot;iso&quot;:&quot;0&quot;,&quot;shutter_speed&quot;:&quot;0&quot;,&quot;title&quot;:&quot;&quot;}\" data-image-title=\"mechier-pro\" data-image-description=\"\" data-image-caption=\"\" data-medium-file=\"https:\/\/i0.wp.com\/www.materiel-relooking.com\/blog\/wp-content\/uploads\/2014\/06\/mechier-pro.jpg?fit=300%2C150&amp;ssl=1\" data-large-file=\"https:\/\/i0.wp.com\/www.materiel-relooking.com\/blog\/wp-content\/uploads\/2014\/06\/mechier-pro.jpg?fit=600%2C300&amp;ssl=1\" loading=\"lazy\" class=\"aligncenter size-medium wp-image-106\" title=\"m\u00e9chier \" alt=\"mechier-pro\" src=\"https:\/\/i0.wp.com\/www.materiel-relooking.com\/blog\/wp-content\/uploads\/2014\/06\/mechier-pro-300x150.jpg?resize=300%2C150\" width=\"300\" height=\"150\" srcset=\"https:\/\/i0.wp.com\/www.materiel-relooking.com\/blog\/wp-content\/uploads\/2014\/06\/mechier-pro.jpg?resize=300%2C150&amp;ssl=1 300w, https:\/\/i0.wp.com\/www.materiel-relooking.com\/blog\/wp-content\/uploads\/2014\/06\/mechier-pro.jpg?resize=500%2C250&amp;ssl=1 500w, https:\/\/i0.wp.com\/www.materiel-relooking.com\/blog\/wp-content\/uploads\/2014\/06\/mechier-pro.jpg?w=600&amp;ssl=1 600w\" sizes=\"(max-width: 300px) 100vw, 300px\" data-recalc-dims=\"1\" \/><\/a><\/p>\n<p>&nbsp;<\/p>\n<p>Nos m\u00e9chiers sont con\u00e7us de telle mani\u00e8re que vous ne pouvez pas m\u00e9langer les\u00a0<strong>couleurs chaudes<\/strong>\u00a0avec les\u00a0<strong>couleurs froides<\/strong>, et,<strong>\u00a0<\/strong>de ce fait, vous avez les moyens de travailler efficacement en toute s\u00e9r\u00e9nit\u00e9.<\/p>\n<p>Vous trouverez la\u00a0<strong>couleur de cheveux<\/strong>\u00a0id\u00e9ale de votre cliente dans ce\u00a0<strong>m\u00e9chier<\/strong>\u00a0qui se pr\u00e9sente sous la forme d&rsquo;un anneau de\u00a0<strong>45 M\u00e8ches de cheveux naturels<\/strong>\u00a0distinctes pour trouver la\u00a0<strong>bonne couleur<\/strong>\u00a0de votre cliente en fonction de sa saison. Possibilit\u00e9 de s\u00e9parer les m\u00e8ches et de travailler m\u00e8che \u00e0 m\u00e8che.<\/p>\n<p>C\u2019est un <strong>outil \u00a0indispensable<\/strong> pour savoir et pouvoir donner les bonnes informations pour r\u00e9aliser une<strong> coloration<\/strong>. Vous pourrez faire r\u00e9aliser la couleur du <strong><span style=\"text-decoration: underline;\">m\u00e9chier<\/span><\/strong> sans chercher sa composition.<\/p>\n<p>&nbsp;<\/p>\n<p>Une <strong>fiche de typologie l&rsquo;<\/strong><strong>accompagne : sur celle-ci est notifi\u00e9e\u00a0<\/strong>la correspondance avec le num\u00e9ro de classification internationale de coloration.<\/p>\n<p>&nbsp;<\/p>\n<p>Pratique et indispensable, notre m\u00e9chier a \u00e9t\u00e9 sp\u00e9cialement\u00a0\u00e9tudi\u00e9 pour vous proposer une gamme compl\u00e8te et permettre ainsi un diagnostic couleur efficace et rapide lors d\u2019un\u00a0<strong>Conseil en Image<\/strong>.<\/p>\n<p>&nbsp;<\/p>\n<p style=\"text-align: center;\"><strong>C\u2019est la cl\u00e9 de votre r\u00e9ussite pour r\u00e9aliser cette prestation en toute s\u00e9r\u00e9nit\u00e9 !<\/strong><\/p>\n<p>&nbsp;<\/p>\n","protected":false},"excerpt":{"rendered":"<p>Ce m\u00e9chier a \u00e9t\u00e9 sp\u00e9cialement \u00e9tudi\u00e9 selon la m\u00e9thode des 4 saisons, tout\u00a0comme nos perruques. &nbsp; Nos m\u00e9chiers sont con\u00e7us de telle mani\u00e8re que vous ne pouvez pas m\u00e9langer les\u00a0couleurs chaudes\u00a0avec les\u00a0couleurs froides, et,\u00a0de ce fait, vous avez les moyens de travailler efficacement en toute s\u00e9r\u00e9nit\u00e9. Vous trouverez la\u00a0couleur de cheveux\u00a0id\u00e9ale de votre cliente dans ce\u00a0m\u00e9chier\u00a0qui se pr\u00e9sente sous la forme d&rsquo;un anneau de\u00a045 M\u00e8ches de cheveux naturels\u00a0distinctes pour trouver la\u00a0bonne couleur\u00a0de votre cliente en fonction de sa saison. Possibilit\u00e9 de s\u00e9parer les m\u00e8ches et de travailler m\u00e8che \u00e0 m\u00e8che. C\u2019est un outil \u00a0indispensable pour savoir et pouvoir donner les bonnes informations pour r\u00e9aliser une coloration. Vous pourrez faire r\u00e9aliser la couleur du m\u00e9chier sans chercher sa composition. &nbsp; Une fiche de typologie l&rsquo;accompagne : sur celle-ci est notifi\u00e9e\u00a0la correspondance avec le num\u00e9ro de classification internationale de coloration. &nbsp; Pratique et indispensable, notre m\u00e9chier a \u00e9t\u00e9 sp\u00e9cialement\u00a0\u00e9tudi\u00e9 pour vous proposer une gamme compl\u00e8te et permettre ainsi un diagnostic couleur efficace et rapide lors d\u2019un\u00a0Conseil en Image. &nbsp; C\u2019est la cl\u00e9 de votre r\u00e9ussite pour r\u00e9aliser cette prestation en toute s\u00e9r\u00e9nit\u00e9 ! &nbsp;<\/p>\n","protected":false},"author":1,"featured_media":698,"comment_status":"closed","ping_status":"closed","sticky":false,"template":"","format":"standard","meta":{"spay_email":"","jetpack_publicize_message":"","jetpack_is_tweetstorm":false,"jetpack_publicize_feature_enabled":true},"categories":[4],"tags":[34,32,33,31,11],"yoast_head":"<!-- This site is optimized with the Yoast SEO plugin v18.1 - https:\/\/yoast.com\/wordpress\/plugins\/seo\/ -->\n<title>M\u00e9chier le nuancier couleur cheveux<\/title>\n<meta name=\"description\" content=\"Le m\u00e9chier le nuancier de couleurs de cheveux pour la coloration cheveux retrouver le m\u00e9chier de colorim\u00e9trie pour les bonnes couleurs de cheveux des produits de coiffure.\" \/>\n<meta name=\"robots\" content=\"index, follow, max-snippet:-1, max-image-preview:large, max-video-preview:-1\" \/>\n<link rel=\"canonical\" href=\"https:\/\/www.materiel-relooking.com\/blog\/mechier-nuancier-couleur-cheveux\/\" \/>\n<meta property=\"og:locale\" content=\"fr_FR\" \/>\n<meta property=\"og:type\" content=\"article\" \/>\n<meta property=\"og:title\" content=\"M\u00e9chier le nuancier couleur cheveux\" \/>\n<meta property=\"og:description\" content=\"Le m\u00e9chier le nuancier de couleurs de cheveux pour la coloration cheveux retrouver le m\u00e9chier de colorim\u00e9trie pour les bonnes couleurs de cheveux des produits de coiffure.\" \/>\n<meta property=\"og:url\" content=\"https:\/\/www.materiel-relooking.com\/blog\/mechier-nuancier-couleur-cheveux\/\" \/>\n<meta property=\"og:site_name\" content=\"Conseils Relooking - blog Relooking\" \/>\n<meta property=\"article:publisher\" content=\"https:\/\/www.facebook.com\/pages\/Materiel-Relooking\/\" \/>\n<meta property=\"article:published_time\" content=\"2014-06-23T09:59:41+00:00\" \/>\n<meta property=\"article:modified_time\" content=\"2015-01-06T11:37:50+00:00\" \/>\n<meta property=\"og:image\" content=\"https:\/\/i0.wp.com\/www.materiel-relooking.com\/blog\/wp-content\/uploads\/2014\/06\/mechier-pro1.jpg?fit=800%2C800&#038;ssl=1\" \/>\n\t<meta property=\"og:image:width\" content=\"800\" \/>\n\t<meta property=\"og:image:height\" content=\"800\" \/>\n\t<meta property=\"og:image:type\" content=\"image\/jpeg\" \/>\n<meta name=\"twitter:card\" content=\"summary\" \/>\n<meta name=\"twitter:creator\" content=\"@materielrelook\" \/>\n<meta name=\"twitter:site\" content=\"@materielrelook\" \/>\n<meta name=\"twitter:label1\" content=\"\u00c9crit par\" \/>\n\t<meta name=\"twitter:data1\" content=\"Cristina Relooking\" \/>\n\t<meta name=\"twitter:label2\" content=\"Dur\u00e9e de lecture estim\u00e9e\" \/>\n\t<meta name=\"twitter:data2\" content=\"1 minute\" \/>\n<script type=\"application\/ld+json\" class=\"yoast-schema-graph\">{\"@context\":\"https:\/\/schema.org\",\"@graph\":[{\"@type\":\"WebSite\",\"@id\":\"https:\/\/www.materiel-relooking.com\/blog\/#website\",\"url\":\"https:\/\/www.materiel-relooking.com\/blog\/\",\"name\":\"Conseils Relooking - blog Relooking\",\"description\":\"Blog des conseils de relooking pour les Conseillers en image, des Coiffeurs, des Esth\u00e9ticiennes,\",\"potentialAction\":[{\"@type\":\"SearchAction\",\"target\":{\"@type\":\"EntryPoint\",\"urlTemplate\":\"https:\/\/www.materiel-relooking.com\/blog\/?s={search_term_string}\"},\"query-input\":\"required name=search_term_string\"}],\"inLanguage\":\"fr-FR\"},{\"@type\":\"ImageObject\",\"@id\":\"https:\/\/www.materiel-relooking.com\/blog\/mechier-nuancier-couleur-cheveux\/#primaryimage\",\"inLanguage\":\"fr-FR\",\"url\":\"https:\/\/i0.wp.com\/www.materiel-relooking.com\/blog\/wp-content\/uploads\/2014\/06\/mechier-pro1.jpg?fit=800%2C800&ssl=1\",\"contentUrl\":\"https:\/\/i0.wp.com\/www.materiel-relooking.com\/blog\/wp-content\/uploads\/2014\/06\/mechier-pro1.jpg?fit=800%2C800&ssl=1\",\"width\":800,\"height\":800,\"caption\":\"mechier pro\"},{\"@type\":\"WebPage\",\"@id\":\"https:\/\/www.materiel-relooking.com\/blog\/mechier-nuancier-couleur-cheveux\/#webpage\",\"url\":\"https:\/\/www.materiel-relooking.com\/blog\/mechier-nuancier-couleur-cheveux\/\",\"name\":\"M\u00e9chier le nuancier couleur cheveux\",\"isPartOf\":{\"@id\":\"https:\/\/www.materiel-relooking.com\/blog\/#website\"},\"primaryImageOfPage\":{\"@id\":\"https:\/\/www.materiel-relooking.com\/blog\/mechier-nuancier-couleur-cheveux\/#primaryimage\"},\"datePublished\":\"2014-06-23T09:59:41+00:00\",\"dateModified\":\"2015-01-06T11:37:50+00:00\",\"author\":{\"@id\":\"https:\/\/www.materiel-relooking.com\/blog\/#\/schema\/person\/7656fce98638251def18d00f15f5a8c0\"},\"description\":\"Le m\u00e9chier le nuancier de couleurs de cheveux pour la coloration cheveux retrouver le m\u00e9chier de colorim\u00e9trie pour les bonnes couleurs de cheveux des produits de coiffure.\",\"breadcrumb\":{\"@id\":\"https:\/\/www.materiel-relooking.com\/blog\/mechier-nuancier-couleur-cheveux\/#breadcrumb\"},\"inLanguage\":\"fr-FR\",\"potentialAction\":[{\"@type\":\"ReadAction\",\"target\":[\"https:\/\/www.materiel-relooking.com\/blog\/mechier-nuancier-couleur-cheveux\/\"]}]},{\"@type\":\"BreadcrumbList\",\"@id\":\"https:\/\/www.materiel-relooking.com\/blog\/mechier-nuancier-couleur-cheveux\/#breadcrumb\",\"itemListElement\":[{\"@type\":\"ListItem\",\"position\":1,\"name\":\"Accueil\",\"item\":\"https:\/\/www.materiel-relooking.com\/blog\/\"},{\"@type\":\"ListItem\",\"position\":2,\"name\":\"Mat\u00e9riel conseil en image\",\"item\":\"https:\/\/www.materiel-relooking.com\/blog\/category\/materiel-conseil-en-image\/\"},{\"@type\":\"ListItem\",\"position\":3,\"name\":\"Nos m\u00e9chiers couleurs\"}]},{\"@type\":\"Person\",\"@id\":\"https:\/\/www.materiel-relooking.com\/blog\/#\/schema\/person\/7656fce98638251def18d00f15f5a8c0\",\"name\":\"Cristina Relooking\",\"image\":{\"@type\":\"ImageObject\",\"@id\":\"https:\/\/www.materiel-relooking.com\/blog\/#personlogo\",\"inLanguage\":\"fr-FR\",\"url\":\"https:\/\/i0.wp.com\/www.materiel-relooking.com\/blog\/wp-content\/uploads\/2015\/01\/cris.jpg?fit=72%2C96&ssl=1\",\"contentUrl\":\"https:\/\/i0.wp.com\/www.materiel-relooking.com\/blog\/wp-content\/uploads\/2015\/01\/cris.jpg?fit=72%2C96&ssl=1\",\"caption\":\"Cristina Relooking\"},\"description\":\"Dipl\u00f4m\u00e9e de l\u2019\u00e9cole des Beaux-arts et de la C.S de la Haute Couture de Paris, Conseill\u00e8re en Image pour la personne depuis 1999, directrice de formation dans divers soci\u00e9t\u00e9s de formations.\"}]}<\/script>\n<!-- \/ Yoast SEO plugin. -->","yoast_head_json":{"title":"M\u00e9chier le nuancier couleur cheveux","description":"Le m\u00e9chier le nuancier de couleurs de cheveux pour la coloration cheveux retrouver le m\u00e9chier de colorim\u00e9trie pour les bonnes couleurs de cheveux des produits de coiffure.","robots":{"index":"index","follow":"follow","max-snippet":"max-snippet:-1","max-image-preview":"max-image-preview:large","max-video-preview":"max-video-preview:-1"},"canonical":"https:\/\/www.materiel-relooking.com\/blog\/mechier-nuancier-couleur-cheveux\/","og_locale":"fr_FR","og_type":"article","og_title":"M\u00e9chier le nuancier couleur cheveux","og_description":"Le m\u00e9chier le nuancier de couleurs de cheveux pour la coloration cheveux retrouver le m\u00e9chier de colorim\u00e9trie pour les bonnes couleurs de cheveux des produits de coiffure.","og_url":"https:\/\/www.materiel-relooking.com\/blog\/mechier-nuancier-couleur-cheveux\/","og_site_name":"Conseils Relooking - blog Relooking","article_publisher":"https:\/\/www.facebook.com\/pages\/Materiel-Relooking\/","article_published_time":"2014-06-23T09:59:41+00:00","article_modified_time":"2015-01-06T11:37:50+00:00","og_image":[{"width":800,"height":800,"url":"https:\/\/i0.wp.com\/www.materiel-relooking.com\/blog\/wp-content\/uploads\/2014\/06\/mechier-pro1.jpg?fit=800%2C800&ssl=1","type":"image\/jpeg"}],"twitter_card":"summary","twitter_creator":"@materielrelook","twitter_site":"@materielrelook","twitter_misc":{"\u00c9crit par":"Cristina Relooking","Dur\u00e9e de lecture estim\u00e9e":"1 minute"},"schema":{"@context":"https:\/\/schema.org","@graph":[{"@type":"WebSite","@id":"https:\/\/www.materiel-relooking.com\/blog\/#website","url":"https:\/\/www.materiel-relooking.com\/blog\/","name":"Conseils Relooking - blog Relooking","description":"Blog des conseils de relooking pour les Conseillers en image, des Coiffeurs, des Esth\u00e9ticiennes,","potentialAction":[{"@type":"SearchAction","target":{"@type":"EntryPoint","urlTemplate":"https:\/\/www.materiel-relooking.com\/blog\/?s={search_term_string}"},"query-input":"required name=search_term_string"}],"inLanguage":"fr-FR"},{"@type":"ImageObject","@id":"https:\/\/www.materiel-relooking.com\/blog\/mechier-nuancier-couleur-cheveux\/#primaryimage","inLanguage":"fr-FR","url":"https:\/\/i0.wp.com\/www.materiel-relooking.com\/blog\/wp-content\/uploads\/2014\/06\/mechier-pro1.jpg?fit=800%2C800&ssl=1","contentUrl":"https:\/\/i0.wp.com\/www.materiel-relooking.com\/blog\/wp-content\/uploads\/2014\/06\/mechier-pro1.jpg?fit=800%2C800&ssl=1","width":800,"height":800,"caption":"mechier pro"},{"@type":"WebPage","@id":"https:\/\/www.materiel-relooking.com\/blog\/mechier-nuancier-couleur-cheveux\/#webpage","url":"https:\/\/www.materiel-relooking.com\/blog\/mechier-nuancier-couleur-cheveux\/","name":"M\u00e9chier le nuancier couleur cheveux","isPartOf":{"@id":"https:\/\/www.materiel-relooking.com\/blog\/#website"},"primaryImageOfPage":{"@id":"https:\/\/www.materiel-relooking.com\/blog\/mechier-nuancier-couleur-cheveux\/#primaryimage"},"datePublished":"2014-06-23T09:59:41+00:00","dateModified":"2015-01-06T11:37:50+00:00","author":{"@id":"https:\/\/www.materiel-relooking.com\/blog\/#\/schema\/person\/7656fce98638251def18d00f15f5a8c0"},"description":"Le m\u00e9chier le nuancier de couleurs de cheveux pour la coloration cheveux retrouver le m\u00e9chier de colorim\u00e9trie pour les bonnes couleurs de cheveux des produits de coiffure.","breadcrumb":{"@id":"https:\/\/www.materiel-relooking.com\/blog\/mechier-nuancier-couleur-cheveux\/#breadcrumb"},"inLanguage":"fr-FR","potentialAction":[{"@type":"ReadAction","target":["https:\/\/www.materiel-relooking.com\/blog\/mechier-nuancier-couleur-cheveux\/"]}]},{"@type":"BreadcrumbList","@id":"https:\/\/www.materiel-relooking.com\/blog\/mechier-nuancier-couleur-cheveux\/#breadcrumb","itemListElement":[{"@type":"ListItem","position":1,"name":"Accueil","item":"https:\/\/www.materiel-relooking.com\/blog\/"},{"@type":"ListItem","position":2,"name":"Mat\u00e9riel conseil en image","item":"https:\/\/www.materiel-relooking.com\/blog\/category\/materiel-conseil-en-image\/"},{"@type":"ListItem","position":3,"name":"Nos m\u00e9chiers couleurs"}]},{"@type":"Person","@id":"https:\/\/www.materiel-relooking.com\/blog\/#\/schema\/person\/7656fce98638251def18d00f15f5a8c0","name":"Cristina Relooking","image":{"@type":"ImageObject","@id":"https:\/\/www.materiel-relooking.com\/blog\/#personlogo","inLanguage":"fr-FR","url":"https:\/\/i0.wp.com\/www.materiel-relooking.com\/blog\/wp-content\/uploads\/2015\/01\/cris.jpg?fit=72%2C96&ssl=1","contentUrl":"https:\/\/i0.wp.com\/www.materiel-relooking.com\/blog\/wp-content\/uploads\/2015\/01\/cris.jpg?fit=72%2C96&ssl=1","caption":"Cristina Relooking"},"description":"Dipl\u00f4m\u00e9e de l\u2019\u00e9cole des Beaux-arts et de la C.S de la Haute Couture de Paris, Conseill\u00e8re en Image pour la personne depuis 1999, directrice de formation dans divers soci\u00e9t\u00e9s de formations."}]}},"jetpack_featured_media_url":"https:\/\/i0.wp.com\/www.materiel-relooking.com\/blog\/wp-content\/uploads\/2014\/06\/mechier-pro1.jpg?fit=800%2C800&ssl=1","jetpack_publicize_connections":[],"jetpack_sharing_enabled":true,"jetpack_shortlink":"https:\/\/wp.me\/p6KybK-1F","jetpack-related-posts":[{"id":114,"url":"https:\/\/www.materiel-relooking.com\/blog\/relooking-nuancier-couleurs\/","url_meta":{"origin":103,"position":0},"title":"Le Nuancier Relooking","date":"25 juin 2014","format":false,"excerpt":"Le nuancier relooking, l\u2019outil incontournable \u00e0 remettre \u00e0 vos clients ! \u00a0 Outils de colorim\u00e9trie indispensables \u00e0 remettre \u00e0 votre client\u00e8le, nos nuanciers relooking ont \u00e9t\u00e9 sp\u00e9cialement \u00e9tudi\u00e9s pour \u00eatre en conformit\u00e9 avec la\u00a0m\u00e9thode des 4 saisons. \u00a0 Vecteur de marketing important, ils sont le moyen de v\u00e9hiculer l\u2019image de\u2026","rel":"","context":"Dans &quot;Mat\u00e9riel conseil en image&quot;","img":{"alt_text":"relooking nuancier couleurs froides","src":"https:\/\/i0.wp.com\/www.materiel-relooking.com\/blog\/wp-content\/uploads\/2014\/06\/nuancier-relooking.jpg?resize=350%2C200&ssl=1","width":350,"height":200},"classes":[]},{"id":32,"url":"https:\/\/www.materiel-relooking.com\/blog\/nuancier-relooking\/","url_meta":{"origin":103,"position":1},"title":"Des nuanciers efficaces","date":"5 juin 2012","format":false,"excerpt":"\u00ab\u00a0Utilisez des nuanciers de qualit\u00e9, c\u2019est le reflet de votre soci\u00e9t\u00e9\u00a0\u00bb Etant coloriste de m\u00e9tier, j\u2019en vois de toutes les couleurs avec les palettes des nuanciers que je croise au cours de ma vie professionnelle. Croyez moi\u00a0 savoir faire la diff\u00e9rence entre une couleur chaude et une couleur froide, ce\u2026","rel":"","context":"Dans &quot;Mat\u00e9riel conseil en image&quot;","img":{"alt_text":"nuancier couleurs","src":"https:\/\/i0.wp.com\/www.materiel-relooking.com\/blog\/wp-content\/uploads\/2012\/06\/nuancier-couleurs.jpg?fit=800%2C800&ssl=1&resize=350%2C200","width":350,"height":200},"classes":[]},{"id":73,"url":"https:\/\/www.materiel-relooking.com\/blog\/drapage-relooking\/","url_meta":{"origin":103,"position":2},"title":"drapage relooking","date":"24 juillet 2012","format":false,"excerpt":"\u00a0 Le drapage relooking c\u2019est un jeu de foulard de tissus permettant d\u2019identifier les 4 saisons. La cr\u00e9ation de ces drapages doit \u00eatre r\u00e9alis\u00e9 par une personne coloriste qui saura d\u00e9finir les couleurs chaudes et les couleurs froides. Si le jeu de foulard est mal identifi\u00e9, il pr\u00eatera \u00e0 confusion\u2026","rel":"","context":"Dans &quot;Mat\u00e9riel conseil en image&quot;","img":{"alt_text":"drapage relooking","src":"https:\/\/i0.wp.com\/www.materiel-relooking.com\/blog\/wp-content\/uploads\/2012\/07\/drapage-relooking1.jpg?fit=800%2C800&ssl=1&resize=350%2C200","width":350,"height":200},"classes":[]},{"id":417937,"url":"https:\/\/www.materiel-relooking.com\/blog\/le-diagnostic-colorimetrique-une-expertise-a-valoriser-pour-un-relooking-reussi\/","url_meta":{"origin":103,"position":3},"title":"Le diagnostic colorim\u00e9trique, une expertise \u00e0 valoriser pour un relooking r\u00e9ussi","date":"11 d\u00e9cembre 2018","format":"aside","excerpt":"Le Relooking est, aujourd\u2019hui encore, trop souvent pr\u00e9sent\u00e9 comme un simple choix, pouvant \u00eatre r\u00e9alis\u00e9 par toutes les femmes. Pourtant, du diagnostic colorim\u00e9trique \u00e0 l\u2019accompagnement des clientes dans le choix de leurs v\u00eatements ou de leur maquillage, le relooking reste une question d\u2019experte. Le profil colorim\u00e9trique pour aider les femmes\u2026","rel":"","context":"Dans &quot;Les M\u00e9thodes du Relooking&quot;","img":{"alt_text":"Le diagnostic colorim\u00e9trique, une expertise \u00e0 valoriser pour un relooking r\u00e9ussi","src":"https:\/\/i0.wp.com\/www.materiel-relooking.com\/blog\/wp-content\/uploads\/2018\/12\/Le-diagnostic-colorimetrique-une-expertise-\u00e0-valoriser-pour-un-relooking-reussi.jpg?fit=1170%2C792&ssl=1&resize=350%2C200","width":350,"height":200},"classes":[]},{"id":417681,"url":"https:\/\/www.materiel-relooking.com\/blog\/fevrier-relooking-se-refait-beaute\/","url_meta":{"origin":103,"position":4},"title":"En f\u00e9vrier, le relooking se refait une beaut\u00e9 !","date":"6 f\u00e9vrier 2018","format":false,"excerpt":"En f\u00e9vrier, le relooking se refait une beaut\u00e9\u00a0! F\u00e9vrier n\u2019est pas seulement le mois le plus froid de l\u2019ann\u00e9e, il est aussi la promesse d\u2019un printemps qui revient \u00e0 grand pas. C\u2019est l\u2019occasion pour les coaches en images et les expertes du Relooking de doper leur activit\u00e9 \u2026. Des produits\u2026","rel":"","context":"Dans &quot;Les M\u00e9thodes du Relooking&quot;","img":{"alt_text":"saint-valentin relooking","src":"https:\/\/i0.wp.com\/www.materiel-relooking.com\/blog\/wp-content\/uploads\/2018\/02\/saint-valentin-relooking.jpg?fit=908%2C709&ssl=1&resize=350%2C200","width":350,"height":200},"classes":[]},{"id":417941,"url":"https:\/\/www.materiel-relooking.com\/blog\/le-relooking-concretement-comment-cela-se-passe-pour-vos-clientes\/","url_meta":{"origin":103,"position":5},"title":"Le Relooking concr\u00e8tement, comment cela se passe pour vos clientes ?","date":"17 d\u00e9cembre 2018","format":"aside","excerpt":"Lorsqu\u2019une femme vous appelle pour faire appel \u00e0 votre expertise en mati\u00e8re de Relooking, vous savez exactement ce que vous allez faire pour r\u00e9pondre \u00e0 ses attentes. Mais vos clientes, elles, peuvent redouter le d\u00e9roul\u00e9 d\u2019une telle prestation, redouter parce que nous avons tous peur de ce que nous ne\u2026","rel":"","context":"Dans &quot;Les Astuces du Relooking&quot;","img":{"alt_text":"Le Relooking concr\u00e8tement, comment cela se passe pour vos clientes","src":"https:\/\/i0.wp.com\/www.materiel-relooking.com\/blog\/wp-content\/uploads\/2018\/12\/Le-Relooking-concr\u00e8tement-comment-cela-se-passe-pour-vos-clientes.jpg?fit=1170%2C792&ssl=1&resize=350%2C200","width":350,"height":200},"classes":[]}],"amp_enabled":true,"_links":{"self":[{"href":"https:\/\/www.materiel-relooking.com\/blog\/wp-json\/wp\/v2\/posts\/103"}],"collection":[{"href":"https:\/\/www.materiel-relooking.com\/blog\/wp-json\/wp\/v2\/posts"}],"about":[{"href":"https:\/\/www.materiel-relooking.com\/blog\/wp-json\/wp\/v2\/types\/post"}],"author":[{"embeddable":true,"href":"https:\/\/www.materiel-relooking.com\/blog\/wp-json\/wp\/v2\/users\/1"}],"replies":[{"embeddable":true,"href":"https:\/\/www.materiel-relooking.com\/blog\/wp-json\/wp\/v2\/comments?post=103"}],"version-history":[{"count":26,"href":"https:\/\/www.materiel-relooking.com\/blog\/wp-json\/wp\/v2\/posts\/103\/revisions"}],"predecessor-version":[{"id":233,"href":"https:\/\/www.materiel-relooking.com\/blog\/wp-json\/wp\/v2\/posts\/103\/revisions\/233"}],"wp:featuredmedia":[{"embeddable":true,"href":"https:\/\/www.materiel-relooking.com\/blog\/wp-json\/wp\/v2\/media\/698"}],"wp:attachment":[{"href":"https:\/\/www.materiel-relooking.com\/blog\/wp-json\/wp\/v2\/media?parent=103"}],"wp:term":[{"taxonomy":"category","embeddable":true,"href":"https:\/\/www.materiel-relooking.com\/blog\/wp-json\/wp\/v2\/categories?post=103"},{"taxonomy":"post_tag","embeddable":true,"href":"https:\/\/www.materiel-relooking.com\/blog\/wp-json\/wp\/v2\/tags?post=103"}],"curies":[{"name":"wp","href":"https:\/\/api.w.org\/{rel}","templated":true}]}}