{"id":114,"date":"2014-06-25T10:34:00","date_gmt":"2014-06-25T10:34:00","guid":{"rendered":"http:\/\/www.materiel-relooking.com\/blog\/?p=114"},"modified":"2022-08-26T07:52:51","modified_gmt":"2022-08-26T07:52:51","slug":"relooking-nuancier-couleurs","status":"publish","type":"post","link":"https:\/\/www.materiel-relooking.com\/blog\/relooking-nuancier-couleurs\/","title":{"rendered":"Le Nuancier Relooking"},"content":{"rendered":"<p><img data-attachment-id=\"115\" data-permalink=\"https:\/\/www.materiel-relooking.com\/blog\/relooking-nuancier-couleurs\/nuancier-relooking-2\/\" data-orig-file=\"https:\/\/i0.wp.com\/www.materiel-relooking.com\/blog\/wp-content\/uploads\/2014\/06\/nuancier-relooking.jpg?fit=697%2C226&amp;ssl=1\" data-orig-size=\"697,226\" data-comments-opened=\"0\" data-image-meta=\"{&quot;aperture&quot;:&quot;0&quot;,&quot;credit&quot;:&quot;&quot;,&quot;camera&quot;:&quot;&quot;,&quot;caption&quot;:&quot;&quot;,&quot;created_timestamp&quot;:&quot;0&quot;,&quot;copyright&quot;:&quot;&quot;,&quot;focal_length&quot;:&quot;0&quot;,&quot;iso&quot;:&quot;0&quot;,&quot;shutter_speed&quot;:&quot;0&quot;,&quot;title&quot;:&quot;&quot;}\" data-image-title=\"nuancier-relooking\" data-image-description=\"&lt;p&gt;relooking nuancier couleurs froides&lt;\/p&gt;\n\" data-image-caption=\"\" data-medium-file=\"https:\/\/i0.wp.com\/www.materiel-relooking.com\/blog\/wp-content\/uploads\/2014\/06\/nuancier-relooking.jpg?fit=300%2C97&amp;ssl=1\" data-large-file=\"https:\/\/i0.wp.com\/www.materiel-relooking.com\/blog\/wp-content\/uploads\/2014\/06\/nuancier-relooking.jpg?fit=697%2C226&amp;ssl=1\" loading=\"lazy\" class=\"aligncenter size-full wp-image-115\" alt=\"relooking nuancier couleurs froides\" src=\"https:\/\/i0.wp.com\/www.materiel-relooking.com\/blog\/wp-content\/uploads\/2014\/06\/nuancier-relooking.jpg?resize=697%2C226&#038;ssl=1\" width=\"697\" height=\"226\" srcset=\"https:\/\/i0.wp.com\/www.materiel-relooking.com\/blog\/wp-content\/uploads\/2014\/06\/nuancier-relooking.jpg?w=697&amp;ssl=1 697w, https:\/\/i0.wp.com\/www.materiel-relooking.com\/blog\/wp-content\/uploads\/2014\/06\/nuancier-relooking.jpg?resize=300%2C97&amp;ssl=1 300w, https:\/\/i0.wp.com\/www.materiel-relooking.com\/blog\/wp-content\/uploads\/2014\/06\/nuancier-relooking.jpg?resize=500%2C162&amp;ssl=1 500w\" sizes=\"(max-width: 697px) 100vw, 697px\" data-recalc-dims=\"1\" \/><\/p>\n<h2 style=\"text-align: center;\"><span style=\"color: #d02e6c;\">Le <strong><a title=\"nuancier relooking\" href=\"https:\/\/www.materiel-relooking.com\/fr\/6-nuanciers-relooking?p=1\" target=\"_blank\" rel=\"noopener\"><span style=\"color: #d02e6c;\">nuancier relooking<\/span><\/a><\/strong><\/span>, l\u2019outil incontournable \u00e0 remettre \u00e0 vos clients !<\/h2>\n<p>&nbsp;<\/p>\n<p style=\"text-align: left;\"><strong>Outils de colorim\u00e9trie<\/strong> indispensables \u00e0 remettre \u00e0 votre client\u00e8le, nos nuanciers relooking ont \u00e9t\u00e9 sp\u00e9cialement \u00e9tudi\u00e9s pour \u00eatre en conformit\u00e9 avec la&nbsp;<a title=\"la m\u00e9thode des 4 saisons\" href=\"https:\/\/www.materiel-relooking.com\/blog\/la-methode-des-4-saisons\/\" target=\"_blank\" rel=\"noopener\"><strong>m\u00e9thode des 4 saisons<\/strong><\/a>.<\/p>\n<p>&nbsp;<\/p>\n<p style=\"text-align: left;\"><strong>Vecteur de marketing important<\/strong>, ils sont le moyen de v\u00e9hiculer l\u2019image de votre savoir faire et de votre professionnalisme tout en \u00e9vitant \u00e0 vos clients de porter des couleurs qui ne sont pas en ad\u00e9quation avec leur typologie.&nbsp;Les conseils que contiennent ces&nbsp;<strong>nuanciers<\/strong>&nbsp;sont indispensables pour&nbsp;<strong>concr\u00e9tiser<\/strong>&nbsp;votre&nbsp;<strong>prestation de conseil en image, alors ne cherchez plus, c&rsquo;est ici que \u00e7a se passe !<\/strong><\/p>\n<p>&nbsp;<\/p>\n<p>&nbsp;<\/p>\n<p><span style=\"color: #000000;\"><strong><span style=\"text-decoration: underline;\">Retrouvez dans nos Nuanciers Relooking<\/span> :<\/strong><\/span> <span style=\"color: #888888;\"><strong>les nuanciers&nbsp;couleurs froides, couleurs chaudes, les&nbsp;<a title=\"relooking nuancier printemps\" href=\"https:\/\/www.materiel-relooking.com\/fr\/nuanciers-relooking\/18-kit-n6-3-nuanciers-printemps-.html\" target=\"_blank\" rel=\"noopener\"><span style=\"color: #888888;\">nuanciers relooking Printemps<\/span><\/a>,<a title=\"relooking nuancier ete\" href=\"https:\/\/www.materiel-relooking.com\/fr\/nuanciers-relooking\/17-kit-n5-3-nuanciers-ete-.html\" target=\"_blank\" rel=\"noopener\"><span style=\"color: #888888;\">&nbsp;relooking Et\u00e9<\/span><\/a>,&nbsp;<a title=\"relooking nuancier automne\" href=\"https:\/\/www.materiel-relooking.com\/fr\/nuanciers-relooking\/16-kit-n4-3-nuanciers-automne-.html\" target=\"_blank\" rel=\"noopener\"><span style=\"color: #888888;\">relooking Automne<\/span><\/a>,&nbsp;<a title=\"relooking nuancier hiver\" href=\"https:\/\/www.materiel-relooking.com\/fr\/nuanciers-relooking\/15-3-nuanciers-hiver.html\" target=\"_blank\" rel=\"noopener\"><span style=\"color: #888888;\">relooking Hiver<\/span><\/a>.<\/strong><\/span><\/p>\n<p>&nbsp;<\/p>\n","protected":false},"excerpt":{"rendered":"<p>Le nuancier relooking, l\u2019outil incontournable \u00e0 remettre \u00e0 vos clients ! &nbsp; Outils de colorim\u00e9trie indispensables \u00e0 remettre \u00e0 votre client\u00e8le, nos nuanciers relooking ont \u00e9t\u00e9 sp\u00e9cialement \u00e9tudi\u00e9s pour \u00eatre en conformit\u00e9 avec la&nbsp;m\u00e9thode des 4 saisons. &nbsp; Vecteur de marketing important, ils sont le moyen de v\u00e9hiculer l\u2019image de votre savoir faire et de votre professionnalisme tout en \u00e9vitant \u00e0 vos clients de porter des couleurs qui ne sont pas en ad\u00e9quation avec leur typologie.&nbsp;Les conseils que contiennent ces&nbsp;nuanciers&nbsp;sont indispensables pour&nbsp;concr\u00e9tiser&nbsp;votre&nbsp;prestation de conseil en image, alors ne cherchez plus, c&rsquo;est ici que \u00e7a se passe ! &nbsp; &nbsp; Retrouvez dans nos Nuanciers Relooking : les nuanciers&nbsp;couleurs froides, couleurs chaudes, les&nbsp;nuanciers relooking Printemps,&nbsp;relooking Et\u00e9,&nbsp;relooking Automne,&nbsp;relooking Hiver. &nbsp;<\/p>\n","protected":false},"author":1,"featured_media":0,"comment_status":"closed","ping_status":"closed","sticky":false,"template":"","format":"standard","meta":{"spay_email":"","jetpack_publicize_message":"","jetpack_is_tweetstorm":false,"jetpack_publicize_feature_enabled":true},"categories":[4],"tags":[],"yoast_head":"<!-- This site is optimized with the Yoast SEO plugin v18.1 - https:\/\/yoast.com\/wordpress\/plugins\/seo\/ -->\n<title>relooking nuancier couleurs pour conseil image<\/title>\n<meta name=\"description\" content=\"nuancier relooking , l\u2019outil incontournable \u00e0 remettre \u00e0 vos clients. La palette de couleur du nuancier de chaque saison a \u00e9t\u00e9 sp\u00e9cialement \u00e9tudi\u00e9e\" \/>\n<meta name=\"robots\" content=\"index, follow, max-snippet:-1, max-image-preview:large, max-video-preview:-1\" \/>\n<link rel=\"canonical\" href=\"https:\/\/www.materiel-relooking.com\/blog\/relooking-nuancier-couleurs\/\" \/>\n<meta property=\"og:locale\" content=\"fr_FR\" \/>\n<meta property=\"og:type\" content=\"article\" \/>\n<meta property=\"og:title\" content=\"relooking nuancier couleurs pour conseil image\" \/>\n<meta property=\"og:description\" content=\"nuancier relooking , l\u2019outil incontournable \u00e0 remettre \u00e0 vos clients. La palette de couleur du nuancier de chaque saison a \u00e9t\u00e9 sp\u00e9cialement \u00e9tudi\u00e9e\" \/>\n<meta property=\"og:url\" content=\"https:\/\/www.materiel-relooking.com\/blog\/relooking-nuancier-couleurs\/\" \/>\n<meta property=\"og:site_name\" content=\"Conseils Relooking - blog Relooking\" \/>\n<meta property=\"article:publisher\" content=\"https:\/\/www.facebook.com\/pages\/Materiel-Relooking\/\" \/>\n<meta property=\"article:published_time\" content=\"2014-06-25T10:34:00+00:00\" \/>\n<meta property=\"article:modified_time\" content=\"2022-08-26T07:52:51+00:00\" \/>\n<meta property=\"og:image\" content=\"https:\/\/www.materiel-relooking.com\/blog\/wp-content\/uploads\/2014\/06\/nuancier-relooking.jpg\" \/>\n<meta name=\"twitter:card\" content=\"summary\" \/>\n<meta name=\"twitter:creator\" content=\"@materielrelook\" \/>\n<meta name=\"twitter:site\" content=\"@materielrelook\" \/>\n<meta name=\"twitter:label1\" content=\"\u00c9crit par\" \/>\n\t<meta name=\"twitter:data1\" content=\"Cristina Relooking\" \/>\n\t<meta name=\"twitter:label2\" content=\"Dur\u00e9e de lecture estim\u00e9e\" \/>\n\t<meta name=\"twitter:data2\" content=\"1 minute\" \/>\n<script type=\"application\/ld+json\" class=\"yoast-schema-graph\">{\"@context\":\"https:\/\/schema.org\",\"@graph\":[{\"@type\":\"WebSite\",\"@id\":\"https:\/\/www.materiel-relooking.com\/blog\/#website\",\"url\":\"https:\/\/www.materiel-relooking.com\/blog\/\",\"name\":\"Conseils Relooking - blog Relooking\",\"description\":\"Blog des conseils de relooking pour les Conseillers en image, des Coiffeurs, des Esth\u00e9ticiennes,\",\"potentialAction\":[{\"@type\":\"SearchAction\",\"target\":{\"@type\":\"EntryPoint\",\"urlTemplate\":\"https:\/\/www.materiel-relooking.com\/blog\/?s={search_term_string}\"},\"query-input\":\"required name=search_term_string\"}],\"inLanguage\":\"fr-FR\"},{\"@type\":\"ImageObject\",\"@id\":\"https:\/\/www.materiel-relooking.com\/blog\/relooking-nuancier-couleurs\/#primaryimage\",\"inLanguage\":\"fr-FR\",\"url\":\"https:\/\/i0.wp.com\/www.materiel-relooking.com\/blog\/wp-content\/uploads\/2014\/06\/nuancier-relooking.jpg?fit=697%2C226&ssl=1\",\"contentUrl\":\"https:\/\/i0.wp.com\/www.materiel-relooking.com\/blog\/wp-content\/uploads\/2014\/06\/nuancier-relooking.jpg?fit=697%2C226&ssl=1\",\"width\":697,\"height\":226,\"caption\":\"relooking nuancier couleurs froides\"},{\"@type\":\"WebPage\",\"@id\":\"https:\/\/www.materiel-relooking.com\/blog\/relooking-nuancier-couleurs\/#webpage\",\"url\":\"https:\/\/www.materiel-relooking.com\/blog\/relooking-nuancier-couleurs\/\",\"name\":\"relooking nuancier couleurs pour conseil image\",\"isPartOf\":{\"@id\":\"https:\/\/www.materiel-relooking.com\/blog\/#website\"},\"primaryImageOfPage\":{\"@id\":\"https:\/\/www.materiel-relooking.com\/blog\/relooking-nuancier-couleurs\/#primaryimage\"},\"datePublished\":\"2014-06-25T10:34:00+00:00\",\"dateModified\":\"2022-08-26T07:52:51+00:00\",\"author\":{\"@id\":\"https:\/\/www.materiel-relooking.com\/blog\/#\/schema\/person\/7656fce98638251def18d00f15f5a8c0\"},\"description\":\"nuancier relooking , l\u2019outil incontournable \u00e0 remettre \u00e0 vos clients. La palette de couleur du nuancier de chaque saison a \u00e9t\u00e9 sp\u00e9cialement \u00e9tudi\u00e9e\",\"breadcrumb\":{\"@id\":\"https:\/\/www.materiel-relooking.com\/blog\/relooking-nuancier-couleurs\/#breadcrumb\"},\"inLanguage\":\"fr-FR\",\"potentialAction\":[{\"@type\":\"ReadAction\",\"target\":[\"https:\/\/www.materiel-relooking.com\/blog\/relooking-nuancier-couleurs\/\"]}]},{\"@type\":\"BreadcrumbList\",\"@id\":\"https:\/\/www.materiel-relooking.com\/blog\/relooking-nuancier-couleurs\/#breadcrumb\",\"itemListElement\":[{\"@type\":\"ListItem\",\"position\":1,\"name\":\"Accueil\",\"item\":\"https:\/\/www.materiel-relooking.com\/blog\/\"},{\"@type\":\"ListItem\",\"position\":2,\"name\":\"Mat\u00e9riel conseil en image\",\"item\":\"https:\/\/www.materiel-relooking.com\/blog\/category\/materiel-conseil-en-image\/\"},{\"@type\":\"ListItem\",\"position\":3,\"name\":\"Le Nuancier Relooking\"}]},{\"@type\":\"Person\",\"@id\":\"https:\/\/www.materiel-relooking.com\/blog\/#\/schema\/person\/7656fce98638251def18d00f15f5a8c0\",\"name\":\"Cristina Relooking\",\"image\":{\"@type\":\"ImageObject\",\"@id\":\"https:\/\/www.materiel-relooking.com\/blog\/#personlogo\",\"inLanguage\":\"fr-FR\",\"url\":\"https:\/\/i0.wp.com\/www.materiel-relooking.com\/blog\/wp-content\/uploads\/2015\/01\/cris.jpg?fit=72%2C96&ssl=1\",\"contentUrl\":\"https:\/\/i0.wp.com\/www.materiel-relooking.com\/blog\/wp-content\/uploads\/2015\/01\/cris.jpg?fit=72%2C96&ssl=1\",\"caption\":\"Cristina Relooking\"},\"description\":\"Dipl\u00f4m\u00e9e de l\u2019\u00e9cole des Beaux-arts et de la C.S de la Haute Couture de Paris, Conseill\u00e8re en Image pour la personne depuis 1999, directrice de formation dans divers soci\u00e9t\u00e9s de formations.\"}]}<\/script>\n<!-- \/ Yoast SEO plugin. -->","yoast_head_json":{"title":"relooking nuancier couleurs pour conseil image","description":"nuancier relooking , l\u2019outil incontournable \u00e0 remettre \u00e0 vos clients. La palette de couleur du nuancier de chaque saison a \u00e9t\u00e9 sp\u00e9cialement \u00e9tudi\u00e9e","robots":{"index":"index","follow":"follow","max-snippet":"max-snippet:-1","max-image-preview":"max-image-preview:large","max-video-preview":"max-video-preview:-1"},"canonical":"https:\/\/www.materiel-relooking.com\/blog\/relooking-nuancier-couleurs\/","og_locale":"fr_FR","og_type":"article","og_title":"relooking nuancier couleurs pour conseil image","og_description":"nuancier relooking , l\u2019outil incontournable \u00e0 remettre \u00e0 vos clients. La palette de couleur du nuancier de chaque saison a \u00e9t\u00e9 sp\u00e9cialement \u00e9tudi\u00e9e","og_url":"https:\/\/www.materiel-relooking.com\/blog\/relooking-nuancier-couleurs\/","og_site_name":"Conseils Relooking - blog Relooking","article_publisher":"https:\/\/www.facebook.com\/pages\/Materiel-Relooking\/","article_published_time":"2014-06-25T10:34:00+00:00","article_modified_time":"2022-08-26T07:52:51+00:00","og_image":[{"url":"https:\/\/www.materiel-relooking.com\/blog\/wp-content\/uploads\/2014\/06\/nuancier-relooking.jpg"}],"twitter_card":"summary","twitter_creator":"@materielrelook","twitter_site":"@materielrelook","twitter_misc":{"\u00c9crit par":"Cristina Relooking","Dur\u00e9e de lecture estim\u00e9e":"1 minute"},"schema":{"@context":"https:\/\/schema.org","@graph":[{"@type":"WebSite","@id":"https:\/\/www.materiel-relooking.com\/blog\/#website","url":"https:\/\/www.materiel-relooking.com\/blog\/","name":"Conseils Relooking - blog Relooking","description":"Blog des conseils de relooking pour les Conseillers en image, des Coiffeurs, des Esth\u00e9ticiennes,","potentialAction":[{"@type":"SearchAction","target":{"@type":"EntryPoint","urlTemplate":"https:\/\/www.materiel-relooking.com\/blog\/?s={search_term_string}"},"query-input":"required name=search_term_string"}],"inLanguage":"fr-FR"},{"@type":"ImageObject","@id":"https:\/\/www.materiel-relooking.com\/blog\/relooking-nuancier-couleurs\/#primaryimage","inLanguage":"fr-FR","url":"https:\/\/i0.wp.com\/www.materiel-relooking.com\/blog\/wp-content\/uploads\/2014\/06\/nuancier-relooking.jpg?fit=697%2C226&ssl=1","contentUrl":"https:\/\/i0.wp.com\/www.materiel-relooking.com\/blog\/wp-content\/uploads\/2014\/06\/nuancier-relooking.jpg?fit=697%2C226&ssl=1","width":697,"height":226,"caption":"relooking nuancier couleurs froides"},{"@type":"WebPage","@id":"https:\/\/www.materiel-relooking.com\/blog\/relooking-nuancier-couleurs\/#webpage","url":"https:\/\/www.materiel-relooking.com\/blog\/relooking-nuancier-couleurs\/","name":"relooking nuancier couleurs pour conseil image","isPartOf":{"@id":"https:\/\/www.materiel-relooking.com\/blog\/#website"},"primaryImageOfPage":{"@id":"https:\/\/www.materiel-relooking.com\/blog\/relooking-nuancier-couleurs\/#primaryimage"},"datePublished":"2014-06-25T10:34:00+00:00","dateModified":"2022-08-26T07:52:51+00:00","author":{"@id":"https:\/\/www.materiel-relooking.com\/blog\/#\/schema\/person\/7656fce98638251def18d00f15f5a8c0"},"description":"nuancier relooking , l\u2019outil incontournable \u00e0 remettre \u00e0 vos clients. La palette de couleur du nuancier de chaque saison a \u00e9t\u00e9 sp\u00e9cialement \u00e9tudi\u00e9e","breadcrumb":{"@id":"https:\/\/www.materiel-relooking.com\/blog\/relooking-nuancier-couleurs\/#breadcrumb"},"inLanguage":"fr-FR","potentialAction":[{"@type":"ReadAction","target":["https:\/\/www.materiel-relooking.com\/blog\/relooking-nuancier-couleurs\/"]}]},{"@type":"BreadcrumbList","@id":"https:\/\/www.materiel-relooking.com\/blog\/relooking-nuancier-couleurs\/#breadcrumb","itemListElement":[{"@type":"ListItem","position":1,"name":"Accueil","item":"https:\/\/www.materiel-relooking.com\/blog\/"},{"@type":"ListItem","position":2,"name":"Mat\u00e9riel conseil en image","item":"https:\/\/www.materiel-relooking.com\/blog\/category\/materiel-conseil-en-image\/"},{"@type":"ListItem","position":3,"name":"Le Nuancier Relooking"}]},{"@type":"Person","@id":"https:\/\/www.materiel-relooking.com\/blog\/#\/schema\/person\/7656fce98638251def18d00f15f5a8c0","name":"Cristina Relooking","image":{"@type":"ImageObject","@id":"https:\/\/www.materiel-relooking.com\/blog\/#personlogo","inLanguage":"fr-FR","url":"https:\/\/i0.wp.com\/www.materiel-relooking.com\/blog\/wp-content\/uploads\/2015\/01\/cris.jpg?fit=72%2C96&ssl=1","contentUrl":"https:\/\/i0.wp.com\/www.materiel-relooking.com\/blog\/wp-content\/uploads\/2015\/01\/cris.jpg?fit=72%2C96&ssl=1","caption":"Cristina Relooking"},"description":"Dipl\u00f4m\u00e9e de l\u2019\u00e9cole des Beaux-arts et de la C.S de la Haute Couture de Paris, Conseill\u00e8re en Image pour la personne depuis 1999, directrice de formation dans divers soci\u00e9t\u00e9s de formations."}]}},"jetpack_featured_media_url":"","jetpack_publicize_connections":[],"jetpack_sharing_enabled":true,"jetpack_shortlink":"https:\/\/wp.me\/p6KybK-1Q","jetpack-related-posts":[{"id":32,"url":"https:\/\/www.materiel-relooking.com\/blog\/nuancier-relooking\/","url_meta":{"origin":114,"position":0},"title":"Des nuanciers efficaces","date":"5 juin 2012","format":false,"excerpt":"\u00ab\u00a0Utilisez des nuanciers de qualit\u00e9, c\u2019est le reflet de votre soci\u00e9t\u00e9\u00a0\u00bb Etant coloriste de m\u00e9tier, j\u2019en vois de toutes les couleurs avec les palettes des nuanciers que je croise au cours de ma vie professionnelle. Croyez moi\u00a0 savoir faire la diff\u00e9rence entre une couleur chaude et une couleur froide, ce\u2026","rel":"","context":"Dans &quot;Mat\u00e9riel conseil en image&quot;","img":{"alt_text":"nuancier couleurs","src":"https:\/\/i0.wp.com\/www.materiel-relooking.com\/blog\/wp-content\/uploads\/2012\/06\/nuancier-couleurs.jpg?fit=800%2C800&ssl=1&resize=350%2C200","width":350,"height":200},"classes":[]},{"id":73,"url":"https:\/\/www.materiel-relooking.com\/blog\/drapage-relooking\/","url_meta":{"origin":114,"position":1},"title":"drapage relooking","date":"24 juillet 2012","format":false,"excerpt":"\u00a0 Le drapage relooking c\u2019est un jeu de foulard de tissus permettant d\u2019identifier les 4 saisons. La cr\u00e9ation de ces drapages doit \u00eatre r\u00e9alis\u00e9 par une personne coloriste qui saura d\u00e9finir les couleurs chaudes et les couleurs froides. Si le jeu de foulard est mal identifi\u00e9, il pr\u00eatera \u00e0 confusion\u2026","rel":"","context":"Dans &quot;Mat\u00e9riel conseil en image&quot;","img":{"alt_text":"drapage relooking","src":"https:\/\/i0.wp.com\/www.materiel-relooking.com\/blog\/wp-content\/uploads\/2012\/07\/drapage-relooking1.jpg?fit=800%2C800&ssl=1&resize=350%2C200","width":350,"height":200},"classes":[]},{"id":103,"url":"https:\/\/www.materiel-relooking.com\/blog\/mechier-nuancier-couleur-cheveux\/","url_meta":{"origin":114,"position":2},"title":"Nos m\u00e9chiers couleurs","date":"23 juin 2014","format":false,"excerpt":"Ce m\u00e9chier a \u00e9t\u00e9 sp\u00e9cialement \u00e9tudi\u00e9 selon la m\u00e9thode des 4 saisons, tout\u00a0comme nos perruques. \u00a0 Nos m\u00e9chiers sont con\u00e7us de telle mani\u00e8re que vous ne pouvez pas m\u00e9langer les\u00a0couleurs chaudes\u00a0avec les\u00a0couleurs froides, et,\u00a0de ce fait, vous avez les moyens de travailler efficacement en toute s\u00e9r\u00e9nit\u00e9. Vous trouverez la\u00a0couleur de\u2026","rel":"","context":"Dans &quot;Mat\u00e9riel conseil en image&quot;","img":{"alt_text":"mechier pro","src":"https:\/\/i0.wp.com\/www.materiel-relooking.com\/blog\/wp-content\/uploads\/2014\/06\/mechier-pro1.jpg?fit=800%2C800&ssl=1&resize=350%2C200","width":350,"height":200},"classes":[]},{"id":417941,"url":"https:\/\/www.materiel-relooking.com\/blog\/le-relooking-concretement-comment-cela-se-passe-pour-vos-clientes\/","url_meta":{"origin":114,"position":3},"title":"Le Relooking concr\u00e8tement, comment cela se passe pour vos clientes ?","date":"17 d\u00e9cembre 2018","format":"aside","excerpt":"Lorsqu\u2019une femme vous appelle pour faire appel \u00e0 votre expertise en mati\u00e8re de Relooking, vous savez exactement ce que vous allez faire pour r\u00e9pondre \u00e0 ses attentes. Mais vos clientes, elles, peuvent redouter le d\u00e9roul\u00e9 d\u2019une telle prestation, redouter parce que nous avons tous peur de ce que nous ne\u2026","rel":"","context":"Dans &quot;Les Astuces du Relooking&quot;","img":{"alt_text":"Le Relooking concr\u00e8tement, comment cela se passe pour vos clientes","src":"https:\/\/i0.wp.com\/www.materiel-relooking.com\/blog\/wp-content\/uploads\/2018\/12\/Le-Relooking-concr\u00e8tement-comment-cela-se-passe-pour-vos-clientes.jpg?fit=1170%2C792&ssl=1&resize=350%2C200","width":350,"height":200},"classes":[]},{"id":417681,"url":"https:\/\/www.materiel-relooking.com\/blog\/fevrier-relooking-se-refait-beaute\/","url_meta":{"origin":114,"position":4},"title":"En f\u00e9vrier, le relooking se refait une beaut\u00e9 !","date":"6 f\u00e9vrier 2018","format":false,"excerpt":"En f\u00e9vrier, le relooking se refait une beaut\u00e9\u00a0! F\u00e9vrier n\u2019est pas seulement le mois le plus froid de l\u2019ann\u00e9e, il est aussi la promesse d\u2019un printemps qui revient \u00e0 grand pas. C\u2019est l\u2019occasion pour les coaches en images et les expertes du Relooking de doper leur activit\u00e9 \u2026. Des produits\u2026","rel":"","context":"Dans &quot;Les M\u00e9thodes du Relooking&quot;","img":{"alt_text":"saint-valentin relooking","src":"https:\/\/i0.wp.com\/www.materiel-relooking.com\/blog\/wp-content\/uploads\/2018\/02\/saint-valentin-relooking.jpg?fit=908%2C709&ssl=1&resize=350%2C200","width":350,"height":200},"classes":[]},{"id":417961,"url":"https:\/\/www.materiel-relooking.com\/blog\/reussir-en-tant-que-conseillere-en-image-des-pistes-a-suivre\/","url_meta":{"origin":114,"position":5},"title":"R\u00e9ussir en tant que conseill\u00e8re en image, des pistes \u00e0 suivre","date":"19 f\u00e9vrier 2019","format":"aside","excerpt":"Nous terminons aujourd\u2019hui le survol de quelques id\u00e9es \u00e0 mettre en \u0153uvre pour vous aider \u00e0 booster votre activit\u00e9. Alors inspirez-vous et participez \u00e0 ce remue-m\u00e9ninges destin\u00e9 \u00e0 aider les Relookeuses \u00e0 se d\u00e9velopper. Du shopping \u00e0 l\u2019estime de soi, donner un sens \u00e0 son quotidien, une mission pour les\u2026","rel":"","context":"Dans &quot;Les Astuces du Relooking&quot;","img":{"alt_text":"R\u00e9ussir en tant que conseill\u00e8re en image","src":"https:\/\/i0.wp.com\/www.materiel-relooking.com\/blog\/wp-content\/uploads\/2019\/02\/R\u00e9ussir-en-tant-que-conseill\u00e8re-en-image.jpg?fit=1170%2C792&ssl=1&resize=350%2C200","width":350,"height":200},"classes":[]}],"amp_enabled":true,"_links":{"self":[{"href":"https:\/\/www.materiel-relooking.com\/blog\/wp-json\/wp\/v2\/posts\/114"}],"collection":[{"href":"https:\/\/www.materiel-relooking.com\/blog\/wp-json\/wp\/v2\/posts"}],"about":[{"href":"https:\/\/www.materiel-relooking.com\/blog\/wp-json\/wp\/v2\/types\/post"}],"author":[{"embeddable":true,"href":"https:\/\/www.materiel-relooking.com\/blog\/wp-json\/wp\/v2\/users\/1"}],"replies":[{"embeddable":true,"href":"https:\/\/www.materiel-relooking.com\/blog\/wp-json\/wp\/v2\/comments?post=114"}],"version-history":[{"count":28,"href":"https:\/\/www.materiel-relooking.com\/blog\/wp-json\/wp\/v2\/posts\/114\/revisions"}],"predecessor-version":[{"id":417991,"href":"https:\/\/www.materiel-relooking.com\/blog\/wp-json\/wp\/v2\/posts\/114\/revisions\/417991"}],"wp:attachment":[{"href":"https:\/\/www.materiel-relooking.com\/blog\/wp-json\/wp\/v2\/media?parent=114"}],"wp:term":[{"taxonomy":"category","embeddable":true,"href":"https:\/\/www.materiel-relooking.com\/blog\/wp-json\/wp\/v2\/categories?post=114"},{"taxonomy":"post_tag","embeddable":true,"href":"https:\/\/www.materiel-relooking.com\/blog\/wp-json\/wp\/v2\/tags?post=114"}],"curies":[{"name":"wp","href":"https:\/\/api.w.org\/{rel}","templated":true}]}}