{"id":32,"date":"2012-06-05T09:07:43","date_gmt":"2012-06-05T09:07:43","guid":{"rendered":"http:\/\/www.materiel-relooking.com\/blog\/?p=32"},"modified":"2015-01-06T11:51:14","modified_gmt":"2015-01-06T11:51:14","slug":"nuancier-relooking","status":"publish","type":"post","link":"https:\/\/www.materiel-relooking.com\/blog\/nuancier-relooking\/","title":{"rendered":"Des nuanciers efficaces"},"content":{"rendered":"<p><img data-attachment-id=\"34\" data-permalink=\"https:\/\/www.materiel-relooking.com\/blog\/nuancier-relooking\/nuancier_relooking\/\" data-orig-file=\"https:\/\/i0.wp.com\/www.materiel-relooking.com\/blog\/wp-content\/uploads\/2012\/06\/nuancier_relooking.jpg?fit=179%2C188&amp;ssl=1\" data-orig-size=\"179,188\" data-comments-opened=\"0\" data-image-meta=\"{&quot;aperture&quot;:&quot;0&quot;,&quot;credit&quot;:&quot;&quot;,&quot;camera&quot;:&quot;&quot;,&quot;caption&quot;:&quot;&quot;,&quot;created_timestamp&quot;:&quot;0&quot;,&quot;copyright&quot;:&quot;&quot;,&quot;focal_length&quot;:&quot;0&quot;,&quot;iso&quot;:&quot;0&quot;,&quot;shutter_speed&quot;:&quot;0&quot;,&quot;title&quot;:&quot;&quot;}\" data-image-title=\"nuancier relooking\" data-image-description=\"&lt;p&gt;nuancier relooking pour le Conseil en Image&lt;\/p&gt;\n\" data-image-caption=\"\" data-medium-file=\"https:\/\/i0.wp.com\/www.materiel-relooking.com\/blog\/wp-content\/uploads\/2012\/06\/nuancier_relooking.jpg?fit=179%2C188&amp;ssl=1\" data-large-file=\"https:\/\/i0.wp.com\/www.materiel-relooking.com\/blog\/wp-content\/uploads\/2012\/06\/nuancier_relooking.jpg?fit=179%2C188&amp;ssl=1\" loading=\"lazy\" class=\"alignleft size-full wp-image-34\" title=\"nuancier relooking\" alt=\"nuancier relooking\" src=\"https:\/\/i0.wp.com\/www.materiel-relooking.com\/blog\/wp-content\/uploads\/2012\/06\/nuancier_relooking.jpg?resize=179%2C188\" width=\"179\" height=\"188\" data-recalc-dims=\"1\" \/><\/p>\n<p>\u00ab\u00a0<span style=\"color: #cf177c;\"><strong>Utilisez des nuanciers de qualit\u00e9, c\u2019est le reflet de votre soci\u00e9t\u00e9<\/strong>\u00a0<\/span>\u00bb<\/p>\n<p style=\"text-align: justify;\">Etant coloriste de m\u00e9tier, j\u2019en vois de toutes les couleurs avec les palettes des nuanciers que je croise au cours de ma vie professionnelle. Croyez moi\u00a0 savoir faire la diff\u00e9rence entre une <a title=\"nuancier conseil en image\" href=\"http:\/\/www.materiel-relooking.com\/fr\/nuanciers-relooking\/14-40-naunciers-relooking.html\"><strong>couleur chaude<\/strong><\/a> et une <a title=\"colorim\u00e9trie 4 saisons\" href=\"http:\/\/www.materiel-relooking.com\/fr\/nuanciers-relooking\/69-80-nuanciers-conseil-en-image.html\" target=\"_blank\"><strong>couleur froide<\/strong><\/a>, ce n\u2019est pas donn\u00e9 \u00e0 tout le monde\u00a0! Voila pourquoi j\u2019ai mis toute mon \u00e9nergie<!--more--> pour r\u00e9aliser ces nuanciers.<\/p>\n<p style=\"text-align: justify;\">\u00a0Mon but, faire en sorte qu\u2019ils soient le plus fiable possible pour ne pas induire en erreur les personnes qui vont les utiliser. Les <strong>couleurs<\/strong> \u00e9tant le prolongement de notre identit\u00e9, vous comprenez pourquoi il est si important de transmettre les bonnes informations.<br \/>\n<a title=\"nuancier relooking\" href=\"http:\/\/www.materiel-relooking.com\/fr\/nuanciers-relooking\/13-20-nuanciers-relooking.html\" target=\"_blank\"><img data-attachment-id=\"33\" data-permalink=\"https:\/\/www.materiel-relooking.com\/blog\/nuancier-relooking\/20_nuanciers_relooking\/\" data-orig-file=\"https:\/\/i0.wp.com\/www.materiel-relooking.com\/blog\/wp-content\/uploads\/2012\/06\/20_nuanciers_relooking.jpg?fit=114%2C129&amp;ssl=1\" data-orig-size=\"114,129\" data-comments-opened=\"0\" data-image-meta=\"{&quot;aperture&quot;:&quot;0&quot;,&quot;credit&quot;:&quot;&quot;,&quot;camera&quot;:&quot;&quot;,&quot;caption&quot;:&quot;&quot;,&quot;created_timestamp&quot;:&quot;0&quot;,&quot;copyright&quot;:&quot;&quot;,&quot;focal_length&quot;:&quot;0&quot;,&quot;iso&quot;:&quot;0&quot;,&quot;shutter_speed&quot;:&quot;0&quot;,&quot;title&quot;:&quot;&quot;}\" data-image-title=\"20 nuanciers relooking\" data-image-description=\"&lt;p&gt;20 nuanciers relooking&lt;\/p&gt;\n\" data-image-caption=\"\" data-medium-file=\"https:\/\/i0.wp.com\/www.materiel-relooking.com\/blog\/wp-content\/uploads\/2012\/06\/20_nuanciers_relooking.jpg?fit=114%2C129&amp;ssl=1\" data-large-file=\"https:\/\/i0.wp.com\/www.materiel-relooking.com\/blog\/wp-content\/uploads\/2012\/06\/20_nuanciers_relooking.jpg?fit=114%2C129&amp;ssl=1\" loading=\"lazy\" class=\"alignnone size-full wp-image-33\" title=\"20 nuanciers relooking\" alt=\"20 nuanciers relooking\" src=\"https:\/\/i0.wp.com\/www.materiel-relooking.com\/blog\/wp-content\/uploads\/2012\/06\/20_nuanciers_relooking.jpg?resize=114%2C129\" width=\"114\" height=\"129\" data-recalc-dims=\"1\" \/><\/a>\u00a0 <a title=\"nuancier relooking printemps\" href=\"http:\/\/www.materiel-relooking.com\/fr\/nuanciers-relooking\/18-kit-n6-3-nuanciers-printemps-.html\" target=\"_blank\"><img data-attachment-id=\"35\" data-permalink=\"https:\/\/www.materiel-relooking.com\/blog\/nuancier-relooking\/nuancier_relooking_printemps\/\" data-orig-file=\"https:\/\/i0.wp.com\/www.materiel-relooking.com\/blog\/wp-content\/uploads\/2012\/06\/nuancier_relooking_printemps.jpg?fit=187%2C130&amp;ssl=1\" data-orig-size=\"187,130\" data-comments-opened=\"0\" data-image-meta=\"{&quot;aperture&quot;:&quot;0&quot;,&quot;credit&quot;:&quot;&quot;,&quot;camera&quot;:&quot;&quot;,&quot;caption&quot;:&quot;&quot;,&quot;created_timestamp&quot;:&quot;0&quot;,&quot;copyright&quot;:&quot;&quot;,&quot;focal_length&quot;:&quot;0&quot;,&quot;iso&quot;:&quot;0&quot;,&quot;shutter_speed&quot;:&quot;0&quot;,&quot;title&quot;:&quot;&quot;}\" data-image-title=\"nuancier relooking printemps\" data-image-description=\"&lt;p&gt;nuancier relooking printemps pour le Conseil en Image&lt;\/p&gt;\n\" data-image-caption=\"\" data-medium-file=\"https:\/\/i0.wp.com\/www.materiel-relooking.com\/blog\/wp-content\/uploads\/2012\/06\/nuancier_relooking_printemps.jpg?fit=187%2C130&amp;ssl=1\" data-large-file=\"https:\/\/i0.wp.com\/www.materiel-relooking.com\/blog\/wp-content\/uploads\/2012\/06\/nuancier_relooking_printemps.jpg?fit=187%2C130&amp;ssl=1\" loading=\"lazy\" class=\"alignnone size-full wp-image-35\" title=\"nuancier relooking printemps\" alt=\"nuancier relooking printemps\" src=\"https:\/\/i0.wp.com\/www.materiel-relooking.com\/blog\/wp-content\/uploads\/2012\/06\/nuancier_relooking_printemps.jpg?resize=187%2C130\" width=\"187\" height=\"130\" data-recalc-dims=\"1\" \/><\/a><\/p>\n<p style=\"text-align: justify;\">V\u00e9ritable vecteur de communication et de marketing, ces nuanciers cr\u00e9ent le lien entre vous et votre client\u00e8le. A chaque fois qu\u2019ils seront utilis\u00e9s pour effectuer un shopping en toute s\u00e9r\u00e9nit\u00e9.<br \/>\nC\u2019est votre image qui appara\u00eetra devant les yeux de l\u2019utilisateur. Si le nuancier est efficace il sera un v\u00e9ritable atout\u00a0! Si au contraire il est incoh\u00e9rent, il deviendra vite inutile et par cons\u00e9quent disparaitra de leur portefeuille. Apr\u00e8s avoir fait un diagnostic de colorim\u00e9trie Efficace, remettre la bonne palette de couleur permet de valoriser votre professionnalisme.<\/p>\n<p style=\"text-align: right;\"><span style=\"color: #cf177c;\">Utilisez nos nuanciers et faites vous-m\u00eame la diff\u00e9rence\u00a0!<\/span><\/p>\n","protected":false},"excerpt":{"rendered":"<p>\u00ab\u00a0Utilisez des nuanciers de qualit\u00e9, c\u2019est le reflet de votre soci\u00e9t\u00e9\u00a0\u00bb Etant coloriste de m\u00e9tier, j\u2019en vois de toutes les couleurs avec les palettes des nuanciers que je croise au cours de ma vie professionnelle. Croyez moi\u00a0 savoir faire la diff\u00e9rence entre une couleur chaude et une couleur froide, ce n\u2019est pas donn\u00e9 \u00e0 tout le monde\u00a0! Voila pourquoi j\u2019ai mis toute mon \u00e9nergie<\/p>\n","protected":false},"author":1,"featured_media":706,"comment_status":"closed","ping_status":"closed","sticky":false,"template":"","format":"standard","meta":{"spay_email":"","jetpack_publicize_message":"","jetpack_is_tweetstorm":false,"jetpack_publicize_feature_enabled":true},"categories":[4],"tags":[9,11,14,7],"yoast_head":"<!-- This site is optimized with the Yoast SEO plugin v18.1 - https:\/\/yoast.com\/wordpress\/plugins\/seo\/ -->\n<title>nuancier couleur relooking<\/title>\n<meta name=\"description\" content=\"nuancier relooking pour conseill\u00e8re en image nuancier colorim\u00e9trie relooking materiel. Nuancier relooking couleur pour test couleur de conseil en image\" \/>\n<meta name=\"robots\" content=\"index, follow, max-snippet:-1, max-image-preview:large, max-video-preview:-1\" \/>\n<link rel=\"canonical\" href=\"https:\/\/www.materiel-relooking.com\/blog\/nuancier-relooking\/\" \/>\n<meta property=\"og:locale\" content=\"fr_FR\" \/>\n<meta property=\"og:type\" content=\"article\" \/>\n<meta property=\"og:title\" content=\"nuancier couleur relooking\" \/>\n<meta property=\"og:description\" content=\"nuancier relooking pour conseill\u00e8re en image nuancier colorim\u00e9trie relooking materiel. Nuancier relooking couleur pour test couleur de conseil en image\" \/>\n<meta property=\"og:url\" content=\"https:\/\/www.materiel-relooking.com\/blog\/nuancier-relooking\/\" \/>\n<meta property=\"og:site_name\" content=\"Conseils Relooking - blog Relooking\" \/>\n<meta property=\"article:publisher\" content=\"https:\/\/www.facebook.com\/pages\/Materiel-Relooking\/\" \/>\n<meta property=\"article:published_time\" content=\"2012-06-05T09:07:43+00:00\" \/>\n<meta property=\"article:modified_time\" content=\"2015-01-06T11:51:14+00:00\" \/>\n<meta property=\"og:image\" content=\"https:\/\/i0.wp.com\/www.materiel-relooking.com\/blog\/wp-content\/uploads\/2012\/06\/nuancier-couleurs.jpg?fit=800%2C800&#038;ssl=1\" \/>\n\t<meta property=\"og:image:width\" content=\"800\" \/>\n\t<meta property=\"og:image:height\" content=\"800\" \/>\n\t<meta property=\"og:image:type\" content=\"image\/jpeg\" \/>\n<meta name=\"twitter:card\" content=\"summary\" \/>\n<meta name=\"twitter:creator\" content=\"@materielrelook\" \/>\n<meta name=\"twitter:site\" content=\"@materielrelook\" \/>\n<meta name=\"twitter:label1\" content=\"\u00c9crit par\" \/>\n\t<meta name=\"twitter:data1\" content=\"Cristina Relooking\" \/>\n\t<meta name=\"twitter:label2\" content=\"Dur\u00e9e de lecture estim\u00e9e\" \/>\n\t<meta name=\"twitter:data2\" content=\"1 minute\" \/>\n<script type=\"application\/ld+json\" class=\"yoast-schema-graph\">{\"@context\":\"https:\/\/schema.org\",\"@graph\":[{\"@type\":\"WebSite\",\"@id\":\"https:\/\/www.materiel-relooking.com\/blog\/#website\",\"url\":\"https:\/\/www.materiel-relooking.com\/blog\/\",\"name\":\"Conseils Relooking - blog Relooking\",\"description\":\"Blog des conseils de relooking pour les Conseillers en image, des Coiffeurs, des Esth\u00e9ticiennes,\",\"potentialAction\":[{\"@type\":\"SearchAction\",\"target\":{\"@type\":\"EntryPoint\",\"urlTemplate\":\"https:\/\/www.materiel-relooking.com\/blog\/?s={search_term_string}\"},\"query-input\":\"required name=search_term_string\"}],\"inLanguage\":\"fr-FR\"},{\"@type\":\"ImageObject\",\"@id\":\"https:\/\/www.materiel-relooking.com\/blog\/nuancier-relooking\/#primaryimage\",\"inLanguage\":\"fr-FR\",\"url\":\"https:\/\/i0.wp.com\/www.materiel-relooking.com\/blog\/wp-content\/uploads\/2012\/06\/nuancier-couleurs.jpg?fit=800%2C800&ssl=1\",\"contentUrl\":\"https:\/\/i0.wp.com\/www.materiel-relooking.com\/blog\/wp-content\/uploads\/2012\/06\/nuancier-couleurs.jpg?fit=800%2C800&ssl=1\",\"width\":800,\"height\":800,\"caption\":\"nuancier couleurs\"},{\"@type\":\"WebPage\",\"@id\":\"https:\/\/www.materiel-relooking.com\/blog\/nuancier-relooking\/#webpage\",\"url\":\"https:\/\/www.materiel-relooking.com\/blog\/nuancier-relooking\/\",\"name\":\"nuancier couleur relooking\",\"isPartOf\":{\"@id\":\"https:\/\/www.materiel-relooking.com\/blog\/#website\"},\"primaryImageOfPage\":{\"@id\":\"https:\/\/www.materiel-relooking.com\/blog\/nuancier-relooking\/#primaryimage\"},\"datePublished\":\"2012-06-05T09:07:43+00:00\",\"dateModified\":\"2015-01-06T11:51:14+00:00\",\"author\":{\"@id\":\"https:\/\/www.materiel-relooking.com\/blog\/#\/schema\/person\/7656fce98638251def18d00f15f5a8c0\"},\"description\":\"nuancier relooking pour conseill\u00e8re en image nuancier colorim\u00e9trie relooking materiel. Nuancier relooking couleur pour test couleur de conseil en image\",\"breadcrumb\":{\"@id\":\"https:\/\/www.materiel-relooking.com\/blog\/nuancier-relooking\/#breadcrumb\"},\"inLanguage\":\"fr-FR\",\"potentialAction\":[{\"@type\":\"ReadAction\",\"target\":[\"https:\/\/www.materiel-relooking.com\/blog\/nuancier-relooking\/\"]}]},{\"@type\":\"BreadcrumbList\",\"@id\":\"https:\/\/www.materiel-relooking.com\/blog\/nuancier-relooking\/#breadcrumb\",\"itemListElement\":[{\"@type\":\"ListItem\",\"position\":1,\"name\":\"Accueil\",\"item\":\"https:\/\/www.materiel-relooking.com\/blog\/\"},{\"@type\":\"ListItem\",\"position\":2,\"name\":\"Mat\u00e9riel conseil en image\",\"item\":\"https:\/\/www.materiel-relooking.com\/blog\/category\/materiel-conseil-en-image\/\"},{\"@type\":\"ListItem\",\"position\":3,\"name\":\"Des nuanciers efficaces\"}]},{\"@type\":\"Person\",\"@id\":\"https:\/\/www.materiel-relooking.com\/blog\/#\/schema\/person\/7656fce98638251def18d00f15f5a8c0\",\"name\":\"Cristina Relooking\",\"image\":{\"@type\":\"ImageObject\",\"@id\":\"https:\/\/www.materiel-relooking.com\/blog\/#personlogo\",\"inLanguage\":\"fr-FR\",\"url\":\"https:\/\/i0.wp.com\/www.materiel-relooking.com\/blog\/wp-content\/uploads\/2015\/01\/cris.jpg?fit=72%2C96&ssl=1\",\"contentUrl\":\"https:\/\/i0.wp.com\/www.materiel-relooking.com\/blog\/wp-content\/uploads\/2015\/01\/cris.jpg?fit=72%2C96&ssl=1\",\"caption\":\"Cristina Relooking\"},\"description\":\"Dipl\u00f4m\u00e9e de l\u2019\u00e9cole des Beaux-arts et de la C.S de la Haute Couture de Paris, Conseill\u00e8re en Image pour la personne depuis 1999, directrice de formation dans divers soci\u00e9t\u00e9s de formations.\"}]}<\/script>\n<!-- \/ Yoast SEO plugin. -->","yoast_head_json":{"title":"nuancier couleur relooking","description":"nuancier relooking pour conseill\u00e8re en image nuancier colorim\u00e9trie relooking materiel. Nuancier relooking couleur pour test couleur de conseil en image","robots":{"index":"index","follow":"follow","max-snippet":"max-snippet:-1","max-image-preview":"max-image-preview:large","max-video-preview":"max-video-preview:-1"},"canonical":"https:\/\/www.materiel-relooking.com\/blog\/nuancier-relooking\/","og_locale":"fr_FR","og_type":"article","og_title":"nuancier couleur relooking","og_description":"nuancier relooking pour conseill\u00e8re en image nuancier colorim\u00e9trie relooking materiel. Nuancier relooking couleur pour test couleur de conseil en image","og_url":"https:\/\/www.materiel-relooking.com\/blog\/nuancier-relooking\/","og_site_name":"Conseils Relooking - blog Relooking","article_publisher":"https:\/\/www.facebook.com\/pages\/Materiel-Relooking\/","article_published_time":"2012-06-05T09:07:43+00:00","article_modified_time":"2015-01-06T11:51:14+00:00","og_image":[{"width":800,"height":800,"url":"https:\/\/i0.wp.com\/www.materiel-relooking.com\/blog\/wp-content\/uploads\/2012\/06\/nuancier-couleurs.jpg?fit=800%2C800&ssl=1","type":"image\/jpeg"}],"twitter_card":"summary","twitter_creator":"@materielrelook","twitter_site":"@materielrelook","twitter_misc":{"\u00c9crit par":"Cristina Relooking","Dur\u00e9e de lecture estim\u00e9e":"1 minute"},"schema":{"@context":"https:\/\/schema.org","@graph":[{"@type":"WebSite","@id":"https:\/\/www.materiel-relooking.com\/blog\/#website","url":"https:\/\/www.materiel-relooking.com\/blog\/","name":"Conseils Relooking - blog Relooking","description":"Blog des conseils de relooking pour les Conseillers en image, des Coiffeurs, des Esth\u00e9ticiennes,","potentialAction":[{"@type":"SearchAction","target":{"@type":"EntryPoint","urlTemplate":"https:\/\/www.materiel-relooking.com\/blog\/?s={search_term_string}"},"query-input":"required name=search_term_string"}],"inLanguage":"fr-FR"},{"@type":"ImageObject","@id":"https:\/\/www.materiel-relooking.com\/blog\/nuancier-relooking\/#primaryimage","inLanguage":"fr-FR","url":"https:\/\/i0.wp.com\/www.materiel-relooking.com\/blog\/wp-content\/uploads\/2012\/06\/nuancier-couleurs.jpg?fit=800%2C800&ssl=1","contentUrl":"https:\/\/i0.wp.com\/www.materiel-relooking.com\/blog\/wp-content\/uploads\/2012\/06\/nuancier-couleurs.jpg?fit=800%2C800&ssl=1","width":800,"height":800,"caption":"nuancier couleurs"},{"@type":"WebPage","@id":"https:\/\/www.materiel-relooking.com\/blog\/nuancier-relooking\/#webpage","url":"https:\/\/www.materiel-relooking.com\/blog\/nuancier-relooking\/","name":"nuancier couleur relooking","isPartOf":{"@id":"https:\/\/www.materiel-relooking.com\/blog\/#website"},"primaryImageOfPage":{"@id":"https:\/\/www.materiel-relooking.com\/blog\/nuancier-relooking\/#primaryimage"},"datePublished":"2012-06-05T09:07:43+00:00","dateModified":"2015-01-06T11:51:14+00:00","author":{"@id":"https:\/\/www.materiel-relooking.com\/blog\/#\/schema\/person\/7656fce98638251def18d00f15f5a8c0"},"description":"nuancier relooking pour conseill\u00e8re en image nuancier colorim\u00e9trie relooking materiel. Nuancier relooking couleur pour test couleur de conseil en image","breadcrumb":{"@id":"https:\/\/www.materiel-relooking.com\/blog\/nuancier-relooking\/#breadcrumb"},"inLanguage":"fr-FR","potentialAction":[{"@type":"ReadAction","target":["https:\/\/www.materiel-relooking.com\/blog\/nuancier-relooking\/"]}]},{"@type":"BreadcrumbList","@id":"https:\/\/www.materiel-relooking.com\/blog\/nuancier-relooking\/#breadcrumb","itemListElement":[{"@type":"ListItem","position":1,"name":"Accueil","item":"https:\/\/www.materiel-relooking.com\/blog\/"},{"@type":"ListItem","position":2,"name":"Mat\u00e9riel conseil en image","item":"https:\/\/www.materiel-relooking.com\/blog\/category\/materiel-conseil-en-image\/"},{"@type":"ListItem","position":3,"name":"Des nuanciers efficaces"}]},{"@type":"Person","@id":"https:\/\/www.materiel-relooking.com\/blog\/#\/schema\/person\/7656fce98638251def18d00f15f5a8c0","name":"Cristina Relooking","image":{"@type":"ImageObject","@id":"https:\/\/www.materiel-relooking.com\/blog\/#personlogo","inLanguage":"fr-FR","url":"https:\/\/i0.wp.com\/www.materiel-relooking.com\/blog\/wp-content\/uploads\/2015\/01\/cris.jpg?fit=72%2C96&ssl=1","contentUrl":"https:\/\/i0.wp.com\/www.materiel-relooking.com\/blog\/wp-content\/uploads\/2015\/01\/cris.jpg?fit=72%2C96&ssl=1","caption":"Cristina Relooking"},"description":"Dipl\u00f4m\u00e9e de l\u2019\u00e9cole des Beaux-arts et de la C.S de la Haute Couture de Paris, Conseill\u00e8re en Image pour la personne depuis 1999, directrice de formation dans divers soci\u00e9t\u00e9s de formations."}]}},"jetpack_featured_media_url":"https:\/\/i0.wp.com\/www.materiel-relooking.com\/blog\/wp-content\/uploads\/2012\/06\/nuancier-couleurs.jpg?fit=800%2C800&ssl=1","jetpack_publicize_connections":[],"jetpack_sharing_enabled":true,"jetpack_shortlink":"https:\/\/wp.me\/p6KybK-w","jetpack-related-posts":[{"id":114,"url":"https:\/\/www.materiel-relooking.com\/blog\/relooking-nuancier-couleurs\/","url_meta":{"origin":32,"position":0},"title":"Le Nuancier Relooking","date":"25 juin 2014","format":false,"excerpt":"Le nuancier relooking, l\u2019outil incontournable \u00e0 remettre \u00e0 vos clients ! \u00a0 Outils de colorim\u00e9trie indispensables \u00e0 remettre \u00e0 votre client\u00e8le, nos nuanciers relooking ont \u00e9t\u00e9 sp\u00e9cialement \u00e9tudi\u00e9s pour \u00eatre en conformit\u00e9 avec la\u00a0m\u00e9thode des 4 saisons. \u00a0 Vecteur de marketing important, ils sont le moyen de v\u00e9hiculer l\u2019image de\u2026","rel":"","context":"Dans &quot;Mat\u00e9riel conseil en image&quot;","img":{"alt_text":"relooking nuancier couleurs froides","src":"https:\/\/i0.wp.com\/www.materiel-relooking.com\/blog\/wp-content\/uploads\/2014\/06\/nuancier-relooking.jpg?resize=350%2C200&ssl=1","width":350,"height":200},"classes":[]},{"id":418000,"url":"https:\/\/www.materiel-relooking.com\/blog\/introduction\/","url_meta":{"origin":32,"position":1},"title":"Le conseil en image r\u00e9invent\u00e9 avec Materiel-Relooking.com : D\u00e9couvrez notre gamme de produits incontournables","date":"27 mars 2023","format":"aside","excerpt":"Vous \u00eates \u00e0 la recherche de mat\u00e9riel de qualit\u00e9 pour d\u00e9velopper votre activit\u00e9 de conseil en image ? Materiel-Relooking.com est la r\u00e9f\u00e9rence en mati\u00e8re de vente en ligne de produits d\u00e9di\u00e9s au relooking. Dans cet article, nous allons explorer notre gamme de produits, incluant le drapage relooking, les nuanciers relooking,\u2026","rel":"","context":"Dans &quot;Non class\u00e9&quot;","img":{"alt_text":"","src":"","width":0,"height":0},"classes":[]},{"id":73,"url":"https:\/\/www.materiel-relooking.com\/blog\/drapage-relooking\/","url_meta":{"origin":32,"position":2},"title":"drapage relooking","date":"24 juillet 2012","format":false,"excerpt":"\u00a0 Le drapage relooking c\u2019est un jeu de foulard de tissus permettant d\u2019identifier les 4 saisons. La cr\u00e9ation de ces drapages doit \u00eatre r\u00e9alis\u00e9 par une personne coloriste qui saura d\u00e9finir les couleurs chaudes et les couleurs froides. Si le jeu de foulard est mal identifi\u00e9, il pr\u00eatera \u00e0 confusion\u2026","rel":"","context":"Dans &quot;Mat\u00e9riel conseil en image&quot;","img":{"alt_text":"drapage relooking","src":"https:\/\/i0.wp.com\/www.materiel-relooking.com\/blog\/wp-content\/uploads\/2012\/07\/drapage-relooking1.jpg?fit=800%2C800&ssl=1&resize=350%2C200","width":350,"height":200},"classes":[]},{"id":417976,"url":"https:\/\/www.materiel-relooking.com\/blog\/le-coaching-en-images-une-tendance-forte-de-plus-en-plus-plebiscitee\/","url_meta":{"origin":32,"position":3},"title":"Le coaching en images, une tendance forte de plus en plus pl\u00e9biscit\u00e9e","date":"21 mai 2019","format":"aside","excerpt":"Aujourd\u2019hui, le Relooking est devenu une discipline, o\u00f9 les conseils et l\u2019accompagnement sont devenus aussi important que les r\u00e9sultats obtenus. Le coaching s\u00e9duit les Fran\u00e7aises et les Fran\u00e7ais, en mati\u00e8re de beaut\u00e9 comme dans bien d\u2019autres domaines de leur quotidien, alors surfez sur cette tendance et d\u00e9veloppez votre efficacit\u00e9. Le\u2026","rel":"","context":"Dans &quot;Les Astuces du Relooking&quot;","img":{"alt_text":"Le coaching en images, une tendance forte de plus en plus pl\u00e9biscit\u00e9e","src":"https:\/\/i0.wp.com\/www.materiel-relooking.com\/blog\/wp-content\/uploads\/2019\/05\/Le-coaching-en-images-une-tendance-forte-de-plus-en-plus-pl\u00e9biscit\u00e9e.jpg?fit=1170%2C792&ssl=1&resize=350%2C200","width":350,"height":200},"classes":[]},{"id":65,"url":"https:\/\/www.materiel-relooking.com\/blog\/la-methode-des-4-saisons\/","url_meta":{"origin":32,"position":4},"title":"M\u00e9thode des 4 saisons","date":"24 juillet 2012","format":false,"excerpt":"La m\u00e9thode des 4 saisons, comme son nom l\u2019indique, est reli\u00e9e\u00a0 aux 4 saisons .Le printemps, l\u2019\u00e9t\u00e9, l\u2019automne et l\u2019hiver. Cette m\u00e9thode distingue 2 saisons chaudes et 2 saisons froides. Les saisons chaudes concernent les personnes de typologie\u00a0\u00bbchaude\u00bb qui utilisent une palette de couleurs chaudes. Les saisons froides concernent les\u2026","rel":"","context":"Dans &quot;Les M\u00e9thodes du Relooking&quot;","img":{"alt_text":"m\u00e9thode des 4 saisons","src":"https:\/\/i0.wp.com\/www.materiel-relooking.com\/blog\/wp-content\/uploads\/2012\/07\/methode-des-4-saisons.jpg?fit=1000%2C893&ssl=1&resize=350%2C200","width":350,"height":200},"classes":[]},{"id":417674,"url":"https:\/\/www.materiel-relooking.com\/blog\/relooking-draping-lannee-2018-signe-couleurs\/","url_meta":{"origin":32,"position":5},"title":"Relooking et draping, l\u2019ann\u00e9e 2018 sous le signe des \u2026couleurs !","date":"22 janvier 2018","format":false,"excerpt":"Relooking et draping, l\u2019ann\u00e9e 2018 sous le signe des \u2026couleurs\u00a0! Inenvisageable pour les esth\u00e9ticiennes et autres coachs en image de commencer une nouvelle ann\u00e9e sans vouloir r\u00e9pondre aux bonnes r\u00e9solutions prises par leurs clientes. Se sentir belle et en harmonie avec soi-m\u00eame, la tendance se renforce. Le relooking constitue la\u2026","rel":"","context":"Dans &quot;Les M\u00e9thodes du Relooking&quot;","img":{"alt_text":"Relooking et draping, l\u2019ann\u00e9e 2018 sous le signe des \u2026couleurs !","src":"https:\/\/i0.wp.com\/www.materiel-relooking.com\/blog\/wp-content\/uploads\/2018\/01\/le-relooking-2018.jpg?fit=500%2C333&ssl=1&resize=350%2C200","width":350,"height":200},"classes":[]}],"amp_enabled":true,"_links":{"self":[{"href":"https:\/\/www.materiel-relooking.com\/blog\/wp-json\/wp\/v2\/posts\/32"}],"collection":[{"href":"https:\/\/www.materiel-relooking.com\/blog\/wp-json\/wp\/v2\/posts"}],"about":[{"href":"https:\/\/www.materiel-relooking.com\/blog\/wp-json\/wp\/v2\/types\/post"}],"author":[{"embeddable":true,"href":"https:\/\/www.materiel-relooking.com\/blog\/wp-json\/wp\/v2\/users\/1"}],"replies":[{"embeddable":true,"href":"https:\/\/www.materiel-relooking.com\/blog\/wp-json\/wp\/v2\/comments?post=32"}],"version-history":[{"count":15,"href":"https:\/\/www.materiel-relooking.com\/blog\/wp-json\/wp\/v2\/posts\/32\/revisions"}],"predecessor-version":[{"id":705,"href":"https:\/\/www.materiel-relooking.com\/blog\/wp-json\/wp\/v2\/posts\/32\/revisions\/705"}],"wp:featuredmedia":[{"embeddable":true,"href":"https:\/\/www.materiel-relooking.com\/blog\/wp-json\/wp\/v2\/media\/706"}],"wp:attachment":[{"href":"https:\/\/www.materiel-relooking.com\/blog\/wp-json\/wp\/v2\/media?parent=32"}],"wp:term":[{"taxonomy":"category","embeddable":true,"href":"https:\/\/www.materiel-relooking.com\/blog\/wp-json\/wp\/v2\/categories?post=32"},{"taxonomy":"post_tag","embeddable":true,"href":"https:\/\/www.materiel-relooking.com\/blog\/wp-json\/wp\/v2\/tags?post=32"}],"curies":[{"name":"wp","href":"https:\/\/api.w.org\/{rel}","templated":true}]}}