{"id":375614,"date":"2018-01-09T13:37:49","date_gmt":"2018-01-09T13:37:49","guid":{"rendered":"http:\/\/www.materiel-relooking.com\/blog\/?p=375614"},"modified":"2018-06-07T09:33:43","modified_gmt":"2018-06-07T09:33:43","slug":"relooking-2018-promesse-dune-annee-riche-intense","status":"publish","type":"post","link":"https:\/\/www.materiel-relooking.com\/blog\/relooking-2018-promesse-dune-annee-riche-intense\/","title":{"rendered":"Le Relooking en 2018, la promesse d\u2019une ann\u00e9e riche et intense !"},"content":{"rendered":"<h1><strong>Le Relooking en 2018, la promesse d\u2019une ann\u00e9e riche et intense\u00a0!<\/strong><\/h1>\n<p><strong><em>Toute l\u2019\u00e9quipe de Mat\u00e9riel Relooking vous souhaite une belle et heureuse ann\u00e9e 2018. La sant\u00e9, le bonheur, le plaisir et la r\u00e9ussite dans votre activit\u00e9 bien s\u00fbr. Et 2018 s\u2019annonce prometteuse pour les professionnelles de l\u2019image et du relooking, alors profitez-en\u00a0!<\/em><\/strong><\/p>\n<h2><strong>Une ann\u00e9e 2018, plac\u00e9e sous le signe de la mode et de l\u2019image <\/strong><\/h2>\n<p>Comme chaque ann\u00e9e, les professionnelles de l\u2019image et du relooking se passionneront pour les <strong>grandes dates de la mode. La Fashion Week<\/strong> va rythmer l\u2019ann\u00e9e \u00e0 venir, avec \u00e0 chaque instant, des nouvelles tendances et des pistes \u00e0 suivre. Mat\u00e9riel Relooking ne manquera pas de vous tenir inform\u00e9 de chacune de ces manifestations, alors cochez d\u00e9j\u00e0 les dates sur vos agendas 2018\u00a0:<\/p>\n<p>17-21 Janvier 2018: Paris Fashion Week Men&rsquo;s<\/p>\n<p>21-25 Janvier 2018: Paris: Haute Couture<\/p>\n<p>08-16 F\u00e9vrier 2018: New York Fashion Week<\/p>\n<p>16-20 F\u00e9vrier 2018: London Fashion Week<\/p>\n<p>21-27 F\u00e9vrier 2018: Milan Fashion Week<\/p>\n<p>27 F\u00e9vrier \u2013 06 Mars 2018: Paris Fashion Week<\/p>\n<p>20-24 Juin 2018: Paris Fashion Week Men&rsquo;s<\/p>\n<p>01-05 Juillet 2018: Paris: Haute Couture<\/p>\n<p>06-14 Septembre 2018: New York Fashion Week<\/p>\n<p>14-18 Septembre 2018: London Fashion Week<\/p>\n<p>19-25 Septembre 2018: Milan Fashion Week<\/p>\n<p>25 septembre \u2013 03 octobre 2018 : Paris Fashion Week<\/p>\n<p>Ne doutons pas, que m\u00eame en dehors de ces grandes manifestations de la mode et du look, l\u2019ann\u00e9e 2018 nous r\u00e9serve bien des surprises. Alors ne manquez aucun de ces moments en suivant<\/p>\n<h2><strong>Le Relooking, une activit\u00e9 et une passion \u00e0 entretenir et \u00e0 renforcer <\/strong><\/h2>\n<p><strong>En tant que coach en image ou professionnelle du relooking<\/strong>, vous \u00eates toujours \u00e0 l\u2019affut de ces nouvelles tendances. Mais vous cherchez aussi les bons plans et les astuces pour booster votre activit\u00e9. C\u2019est pourquoi nous avons r\u00e9uni sur Mat\u00e9riel Relooking tous les accessoires et les produits de beaut\u00e9, dont vous aurez besoin. Des <a href=\"http:\/\/www.materiel-relooking.com\/fr\/5-drapage-relooking\"><strong>kits de drapage pour le relooking<\/strong><\/a> \u00e0 la gamme de produits de maquillage Made in France, <strong>parcourez nos rayons et \u00e9quipez-vous au meilleur prix.<\/strong><\/p>\n<p>A votre \u00e9coute, Mat\u00e9riel Relooking multipliera en 2018 les offres promos pour vous faire profiter des meilleures conditions du march\u00e9. Inutile d\u2019attendre les soldes d\u2019hiver (du 10 janvier au 20 f\u00e9vrier en 2018) ou les soldes d\u2019\u00e9t\u00e9 (du 27 juin au 07 aout) pour trouver les <strong>cosm\u00e9tiques et les \u00e9quipements n\u00e9cessaires \u00e0 votre quotidien de coach en image<\/strong> \u00e0 un prix imbattable avec Mat\u00e9riel Relooking.<\/p>\n<p>2018 apparait donc bien comme une ann\u00e9e prometteuse. Et pour vous apporter encore plus de confort, Mat\u00e9riel Relooking vous invite \u00e0 prendre la parole pour nous poser vos questions, demander des conseils ou tout simplement apporter votre t\u00e9moignage sur votre activit\u00e9 de coach en image ou de professionnelle en Relooking.<\/p>\n<p>Bonne et heureuse ann\u00e9e 2018 \u00e0 toutes et \u00e0 tous.<\/p>\n<p>Toute l\u2019\u00e9quipe de mat\u00e9riel Relooking\u00a0!<\/p>\n","protected":false},"excerpt":{"rendered":"<p>Le Relooking en 2018, la promesse d\u2019une ann\u00e9e riche et intense\u00a0! Toute l\u2019\u00e9quipe de Mat\u00e9riel Relooking vous souhaite une belle et heureuse ann\u00e9e 2018. La sant\u00e9, le bonheur, le plaisir et la r\u00e9ussite dans votre activit\u00e9 bien s\u00fbr. Et 2018 s\u2019annonce prometteuse pour les professionnelles de l\u2019image et du relooking, alors profitez-en\u00a0! Une ann\u00e9e 2018, plac\u00e9e sous le signe de la mode et de l\u2019image Comme chaque ann\u00e9e, les professionnelles de l\u2019image et du relooking se passionneront pour les grandes dates de la mode. La Fashion Week va rythmer l\u2019ann\u00e9e \u00e0 venir, avec \u00e0 chaque instant, des nouvelles tendances et des pistes \u00e0 suivre. Mat\u00e9riel Relooking ne manquera pas de vous tenir inform\u00e9 de chacune de ces manifestations, alors cochez d\u00e9j\u00e0 les dates sur vos agendas 2018\u00a0: 17-21 Janvier 2018: Paris Fashion Week Men&rsquo;s 21-25 Janvier 2018: Paris: Haute Couture 08-16 F\u00e9vrier 2018: New York Fashion Week 16-20 F\u00e9vrier 2018: London Fashion Week 21-27 F\u00e9vrier 2018: Milan Fashion Week 27 F\u00e9vrier \u2013 06 Mars 2018: Paris Fashion Week 20-24 Juin 2018: Paris Fashion Week Men&rsquo;s 01-05 Juillet 2018: Paris: Haute Couture 06-14 Septembre 2018: New York Fashion Week 14-18 Septembre 2018: London Fashion Week 19-25 Septembre 2018: Milan Fashion Week 25 septembre \u2013 03 octobre 2018 : Paris Fashion Week Ne doutons pas, que m\u00eame en dehors de ces grandes manifestations de la mode et du look, l\u2019ann\u00e9e 2018 nous r\u00e9serve bien des surprises. Alors ne manquez aucun de ces moments en suivant Le Relooking, une activit\u00e9 et une passion \u00e0 entretenir et \u00e0 renforcer En tant que coach en image ou professionnelle du relooking, vous \u00eates toujours \u00e0 l\u2019affut de ces nouvelles tendances. Mais vous cherchez aussi les bons plans et les astuces pour booster votre activit\u00e9. C\u2019est pourquoi nous avons r\u00e9uni sur Mat\u00e9riel Relooking tous les accessoires et les produits de beaut\u00e9, dont vous aurez besoin. Des kits de drapage pour le relooking \u00e0 la gamme de produits de maquillage Made in France, parcourez nos rayons et \u00e9quipez-vous au meilleur prix. A votre \u00e9coute, Mat\u00e9riel Relooking multipliera en 2018 les offres promos pour vous faire profiter des meilleures conditions du march\u00e9. Inutile d\u2019attendre les soldes d\u2019hiver (du 10 janvier au 20 f\u00e9vrier en 2018) ou les soldes d\u2019\u00e9t\u00e9 (du 27 juin au 07 aout) pour trouver les cosm\u00e9tiques et les \u00e9quipements n\u00e9cessaires \u00e0 votre quotidien de coach en image \u00e0 un prix imbattable avec Mat\u00e9riel Relooking. 2018 apparait donc bien comme une ann\u00e9e prometteuse. Et pour vous apporter encore plus de confort, Mat\u00e9riel Relooking vous invite \u00e0 prendre la parole pour nous poser vos questions, demander des conseils ou tout simplement apporter votre t\u00e9moignage sur votre activit\u00e9 de coach en image ou de professionnelle en Relooking. Bonne et heureuse ann\u00e9e 2018 \u00e0 toutes et \u00e0 tous. Toute l\u2019\u00e9quipe de mat\u00e9riel Relooking\u00a0!<\/p>\n","protected":false},"author":2,"featured_media":375619,"comment_status":"closed","ping_status":"closed","sticky":false,"template":"","format":"standard","meta":{"spay_email":"","jetpack_publicize_message":"","jetpack_is_tweetstorm":false,"jetpack_publicize_feature_enabled":true},"categories":[5],"tags":[],"yoast_head":"<!-- This site is optimized with the Yoast SEO plugin v18.1 - https:\/\/yoast.com\/wordpress\/plugins\/seo\/ -->\n<title>Le Relooking en 2018, la promesse d\u2019une ann\u00e9e riche et intense !<\/title>\n<meta name=\"description\" content=\"Avec mat\u00e9riel Relooking, pr\u00e9parez-vous \u00e0 une ann\u00e9e 2018 riche en \u00e9v\u00e8nements mais aussi en opportunit\u00e9s, alors partez du bon pied.\" \/>\n<meta name=\"robots\" content=\"index, follow, max-snippet:-1, max-image-preview:large, max-video-preview:-1\" \/>\n<link rel=\"canonical\" href=\"https:\/\/www.materiel-relooking.com\/blog\/relooking-2018-promesse-dune-annee-riche-intense\/\" \/>\n<meta property=\"og:locale\" content=\"fr_FR\" \/>\n<meta property=\"og:type\" content=\"article\" \/>\n<meta property=\"og:title\" content=\"Le Relooking en 2018, la promesse d\u2019une ann\u00e9e riche et intense !\" \/>\n<meta property=\"og:description\" content=\"Avec mat\u00e9riel Relooking, pr\u00e9parez-vous \u00e0 une ann\u00e9e 2018 riche en \u00e9v\u00e8nements mais aussi en opportunit\u00e9s, alors partez du bon pied.\" \/>\n<meta property=\"og:url\" content=\"https:\/\/www.materiel-relooking.com\/blog\/relooking-2018-promesse-dune-annee-riche-intense\/\" \/>\n<meta property=\"og:site_name\" content=\"Conseils Relooking - blog Relooking\" \/>\n<meta property=\"article:publisher\" content=\"https:\/\/www.facebook.com\/pages\/Materiel-Relooking\/\" \/>\n<meta property=\"article:published_time\" content=\"2018-01-09T13:37:49+00:00\" \/>\n<meta property=\"article:modified_time\" content=\"2018-06-07T09:33:43+00:00\" \/>\n<meta property=\"og:image\" content=\"https:\/\/i0.wp.com\/www.materiel-relooking.com\/blog\/wp-content\/uploads\/2017\/12\/Le-Relooking-en-2018-la-promesse-d\u2019une-anne\u0301e-riche-et-intense-.jpeg?fit=612%2C408&#038;ssl=1\" \/>\n\t<meta property=\"og:image:width\" content=\"612\" \/>\n\t<meta property=\"og:image:height\" content=\"408\" \/>\n\t<meta property=\"og:image:type\" content=\"image\/jpeg\" \/>\n<meta name=\"twitter:card\" content=\"summary\" \/>\n<meta name=\"twitter:creator\" content=\"@materielrelook\" \/>\n<meta name=\"twitter:site\" content=\"@materielrelook\" \/>\n<meta name=\"twitter:label1\" content=\"\u00c9crit par\" \/>\n\t<meta name=\"twitter:data1\" content=\"Cristina Pedretti\" \/>\n\t<meta name=\"twitter:label2\" content=\"Dur\u00e9e de lecture estim\u00e9e\" \/>\n\t<meta name=\"twitter:data2\" content=\"2 minutes\" \/>\n<script type=\"application\/ld+json\" class=\"yoast-schema-graph\">{\"@context\":\"https:\/\/schema.org\",\"@graph\":[{\"@type\":\"WebSite\",\"@id\":\"https:\/\/www.materiel-relooking.com\/blog\/#website\",\"url\":\"https:\/\/www.materiel-relooking.com\/blog\/\",\"name\":\"Conseils Relooking - blog Relooking\",\"description\":\"Blog des conseils de relooking pour les Conseillers en image, des Coiffeurs, des Esth\u00e9ticiennes,\",\"potentialAction\":[{\"@type\":\"SearchAction\",\"target\":{\"@type\":\"EntryPoint\",\"urlTemplate\":\"https:\/\/www.materiel-relooking.com\/blog\/?s={search_term_string}\"},\"query-input\":\"required name=search_term_string\"}],\"inLanguage\":\"fr-FR\"},{\"@type\":\"ImageObject\",\"@id\":\"https:\/\/www.materiel-relooking.com\/blog\/relooking-2018-promesse-dune-annee-riche-intense\/#primaryimage\",\"inLanguage\":\"fr-FR\",\"url\":\"https:\/\/i0.wp.com\/www.materiel-relooking.com\/blog\/wp-content\/uploads\/2017\/12\/Le-Relooking-en-2018-la-promesse-d\u2019une-anne\u0301e-riche-et-intense-.jpeg?fit=612%2C408&ssl=1\",\"contentUrl\":\"https:\/\/i0.wp.com\/www.materiel-relooking.com\/blog\/wp-content\/uploads\/2017\/12\/Le-Relooking-en-2018-la-promesse-d\u2019une-anne\u0301e-riche-et-intense-.jpeg?fit=612%2C408&ssl=1\",\"width\":612,\"height\":408,\"caption\":\"Le Relooking en 2018, la promesse d\u2019une ann\u00e9e riche et intense !\"},{\"@type\":\"WebPage\",\"@id\":\"https:\/\/www.materiel-relooking.com\/blog\/relooking-2018-promesse-dune-annee-riche-intense\/#webpage\",\"url\":\"https:\/\/www.materiel-relooking.com\/blog\/relooking-2018-promesse-dune-annee-riche-intense\/\",\"name\":\"Le Relooking en 2018, la promesse d\u2019une ann\u00e9e riche et intense !\",\"isPartOf\":{\"@id\":\"https:\/\/www.materiel-relooking.com\/blog\/#website\"},\"primaryImageOfPage\":{\"@id\":\"https:\/\/www.materiel-relooking.com\/blog\/relooking-2018-promesse-dune-annee-riche-intense\/#primaryimage\"},\"datePublished\":\"2018-01-09T13:37:49+00:00\",\"dateModified\":\"2018-06-07T09:33:43+00:00\",\"author\":{\"@id\":\"https:\/\/www.materiel-relooking.com\/blog\/#\/schema\/person\/649eb71a49ea802d5d397139a2ddf665\"},\"description\":\"Avec mat\u00e9riel Relooking, pr\u00e9parez-vous \u00e0 une ann\u00e9e 2018 riche en \u00e9v\u00e8nements mais aussi en opportunit\u00e9s, alors partez du bon pied.\",\"breadcrumb\":{\"@id\":\"https:\/\/www.materiel-relooking.com\/blog\/relooking-2018-promesse-dune-annee-riche-intense\/#breadcrumb\"},\"inLanguage\":\"fr-FR\",\"potentialAction\":[{\"@type\":\"ReadAction\",\"target\":[\"https:\/\/www.materiel-relooking.com\/blog\/relooking-2018-promesse-dune-annee-riche-intense\/\"]}]},{\"@type\":\"BreadcrumbList\",\"@id\":\"https:\/\/www.materiel-relooking.com\/blog\/relooking-2018-promesse-dune-annee-riche-intense\/#breadcrumb\",\"itemListElement\":[{\"@type\":\"ListItem\",\"position\":1,\"name\":\"Accueil\",\"item\":\"https:\/\/www.materiel-relooking.com\/blog\/\"},{\"@type\":\"ListItem\",\"position\":2,\"name\":\"Les Astuces du Relooking\",\"item\":\"https:\/\/www.materiel-relooking.com\/blog\/category\/les-astuces-du-relooking\/\"},{\"@type\":\"ListItem\",\"position\":3,\"name\":\"Le Relooking en 2018, la promesse d\u2019une ann\u00e9e riche et intense !\"}]},{\"@type\":\"Person\",\"@id\":\"https:\/\/www.materiel-relooking.com\/blog\/#\/schema\/person\/649eb71a49ea802d5d397139a2ddf665\",\"name\":\"Cristina Pedretti\",\"image\":{\"@type\":\"ImageObject\",\"@id\":\"https:\/\/www.materiel-relooking.com\/blog\/#personlogo\",\"inLanguage\":\"fr-FR\",\"url\":\"https:\/\/i0.wp.com\/www.materiel-relooking.com\/blog\/wp-content\/uploads\/2015\/01\/cris.jpg?fit=72%2C96&ssl=1\",\"contentUrl\":\"https:\/\/i0.wp.com\/www.materiel-relooking.com\/blog\/wp-content\/uploads\/2015\/01\/cris.jpg?fit=72%2C96&ssl=1\",\"caption\":\"Cristina Pedretti\"},\"description\":\"Dipl\u00f4m\u00e9e de l\u2019\u00e9cole des Beaux-arts et de la C.S de la Haute Couture de Paris, Conseill\u00e8re en Image pour la personne depuis 1999.\"}]}<\/script>\n<!-- \/ Yoast SEO plugin. -->","yoast_head_json":{"title":"Le Relooking en 2018, la promesse d\u2019une ann\u00e9e riche et intense !","description":"Avec mat\u00e9riel Relooking, pr\u00e9parez-vous \u00e0 une ann\u00e9e 2018 riche en \u00e9v\u00e8nements mais aussi en opportunit\u00e9s, alors partez du bon pied.","robots":{"index":"index","follow":"follow","max-snippet":"max-snippet:-1","max-image-preview":"max-image-preview:large","max-video-preview":"max-video-preview:-1"},"canonical":"https:\/\/www.materiel-relooking.com\/blog\/relooking-2018-promesse-dune-annee-riche-intense\/","og_locale":"fr_FR","og_type":"article","og_title":"Le Relooking en 2018, la promesse d\u2019une ann\u00e9e riche et intense !","og_description":"Avec mat\u00e9riel Relooking, pr\u00e9parez-vous \u00e0 une ann\u00e9e 2018 riche en \u00e9v\u00e8nements mais aussi en opportunit\u00e9s, alors partez du bon pied.","og_url":"https:\/\/www.materiel-relooking.com\/blog\/relooking-2018-promesse-dune-annee-riche-intense\/","og_site_name":"Conseils Relooking - blog Relooking","article_publisher":"https:\/\/www.facebook.com\/pages\/Materiel-Relooking\/","article_published_time":"2018-01-09T13:37:49+00:00","article_modified_time":"2018-06-07T09:33:43+00:00","og_image":[{"width":612,"height":408,"url":"https:\/\/i0.wp.com\/www.materiel-relooking.com\/blog\/wp-content\/uploads\/2017\/12\/Le-Relooking-en-2018-la-promesse-d\u2019une-anne\u0301e-riche-et-intense-.jpeg?fit=612%2C408&ssl=1","type":"image\/jpeg"}],"twitter_card":"summary","twitter_creator":"@materielrelook","twitter_site":"@materielrelook","twitter_misc":{"\u00c9crit par":"Cristina Pedretti","Dur\u00e9e de lecture estim\u00e9e":"2 minutes"},"schema":{"@context":"https:\/\/schema.org","@graph":[{"@type":"WebSite","@id":"https:\/\/www.materiel-relooking.com\/blog\/#website","url":"https:\/\/www.materiel-relooking.com\/blog\/","name":"Conseils Relooking - blog Relooking","description":"Blog des conseils de relooking pour les Conseillers en image, des Coiffeurs, des Esth\u00e9ticiennes,","potentialAction":[{"@type":"SearchAction","target":{"@type":"EntryPoint","urlTemplate":"https:\/\/www.materiel-relooking.com\/blog\/?s={search_term_string}"},"query-input":"required name=search_term_string"}],"inLanguage":"fr-FR"},{"@type":"ImageObject","@id":"https:\/\/www.materiel-relooking.com\/blog\/relooking-2018-promesse-dune-annee-riche-intense\/#primaryimage","inLanguage":"fr-FR","url":"https:\/\/i0.wp.com\/www.materiel-relooking.com\/blog\/wp-content\/uploads\/2017\/12\/Le-Relooking-en-2018-la-promesse-d\u2019une-anne\u0301e-riche-et-intense-.jpeg?fit=612%2C408&ssl=1","contentUrl":"https:\/\/i0.wp.com\/www.materiel-relooking.com\/blog\/wp-content\/uploads\/2017\/12\/Le-Relooking-en-2018-la-promesse-d\u2019une-anne\u0301e-riche-et-intense-.jpeg?fit=612%2C408&ssl=1","width":612,"height":408,"caption":"Le Relooking en 2018, la promesse d\u2019une ann\u00e9e riche et intense !"},{"@type":"WebPage","@id":"https:\/\/www.materiel-relooking.com\/blog\/relooking-2018-promesse-dune-annee-riche-intense\/#webpage","url":"https:\/\/www.materiel-relooking.com\/blog\/relooking-2018-promesse-dune-annee-riche-intense\/","name":"Le Relooking en 2018, la promesse d\u2019une ann\u00e9e riche et intense !","isPartOf":{"@id":"https:\/\/www.materiel-relooking.com\/blog\/#website"},"primaryImageOfPage":{"@id":"https:\/\/www.materiel-relooking.com\/blog\/relooking-2018-promesse-dune-annee-riche-intense\/#primaryimage"},"datePublished":"2018-01-09T13:37:49+00:00","dateModified":"2018-06-07T09:33:43+00:00","author":{"@id":"https:\/\/www.materiel-relooking.com\/blog\/#\/schema\/person\/649eb71a49ea802d5d397139a2ddf665"},"description":"Avec mat\u00e9riel Relooking, pr\u00e9parez-vous \u00e0 une ann\u00e9e 2018 riche en \u00e9v\u00e8nements mais aussi en opportunit\u00e9s, alors partez du bon pied.","breadcrumb":{"@id":"https:\/\/www.materiel-relooking.com\/blog\/relooking-2018-promesse-dune-annee-riche-intense\/#breadcrumb"},"inLanguage":"fr-FR","potentialAction":[{"@type":"ReadAction","target":["https:\/\/www.materiel-relooking.com\/blog\/relooking-2018-promesse-dune-annee-riche-intense\/"]}]},{"@type":"BreadcrumbList","@id":"https:\/\/www.materiel-relooking.com\/blog\/relooking-2018-promesse-dune-annee-riche-intense\/#breadcrumb","itemListElement":[{"@type":"ListItem","position":1,"name":"Accueil","item":"https:\/\/www.materiel-relooking.com\/blog\/"},{"@type":"ListItem","position":2,"name":"Les Astuces du Relooking","item":"https:\/\/www.materiel-relooking.com\/blog\/category\/les-astuces-du-relooking\/"},{"@type":"ListItem","position":3,"name":"Le Relooking en 2018, la promesse d\u2019une ann\u00e9e riche et intense !"}]},{"@type":"Person","@id":"https:\/\/www.materiel-relooking.com\/blog\/#\/schema\/person\/649eb71a49ea802d5d397139a2ddf665","name":"Cristina Pedretti","image":{"@type":"ImageObject","@id":"https:\/\/www.materiel-relooking.com\/blog\/#personlogo","inLanguage":"fr-FR","url":"https:\/\/i0.wp.com\/www.materiel-relooking.com\/blog\/wp-content\/uploads\/2015\/01\/cris.jpg?fit=72%2C96&ssl=1","contentUrl":"https:\/\/i0.wp.com\/www.materiel-relooking.com\/blog\/wp-content\/uploads\/2015\/01\/cris.jpg?fit=72%2C96&ssl=1","caption":"Cristina Pedretti"},"description":"Dipl\u00f4m\u00e9e de l\u2019\u00e9cole des Beaux-arts et de la C.S de la Haute Couture de Paris, Conseill\u00e8re en Image pour la personne depuis 1999."}]}},"jetpack_featured_media_url":"https:\/\/i0.wp.com\/www.materiel-relooking.com\/blog\/wp-content\/uploads\/2017\/12\/Le-Relooking-en-2018-la-promesse-d\u2019une-anne\u0301e-riche-et-intense-.jpeg?fit=612%2C408&ssl=1","jetpack_publicize_connections":[],"jetpack_sharing_enabled":true,"jetpack_shortlink":"https:\/\/wp.me\/p6KybK-1zIi","jetpack-related-posts":[{"id":375584,"url":"https:\/\/www.materiel-relooking.com\/blog\/materiel-relooking-vous-adresse-ses-voeux-de-pleine-reussite\/","url_meta":{"origin":375614,"position":0},"title":"Mat\u00e9riel Relooking vous adresse ses v\u0153ux de pleine r\u00e9ussite","date":"27 d\u00e9cembre 2017","format":false,"excerpt":"Mat\u00e9riel Relooking vous adresse ses v\u0153ux de pleine r\u00e9ussite La p\u00e9riode est traditionnellement marqu\u00e9e par les v\u0153ux de bonne ann\u00e9e, et Mat\u00e9riel Relooking n\u2019\u00e9chappe pas \u00e0 la tradition. Profitons aussi de cette p\u00e9riode si particuli\u00e8re pour bien pr\u00e9parer la nouvelle ann\u00e9e qui s\u2019annonce. Le relooking, une belle promesse pour l\u2019ann\u00e9e\u2026","rel":"","context":"Dans &quot;Mat\u00e9riel conseil en image&quot;","img":{"alt_text":"Le relooking, une belle promesse pour l\u2019ann\u00e9e 2018","src":"https:\/\/i0.wp.com\/www.materiel-relooking.com\/blog\/wp-content\/uploads\/2017\/12\/Le-relooking-une-belle-promesse-pour-l\u2019anne\u0301e-2018-.jpeg?fit=612%2C596&ssl=1&resize=350%2C200","width":350,"height":200},"classes":[]},{"id":357630,"url":"https:\/\/www.materiel-relooking.com\/blog\/cest-noel-avant-lheure-sur-materiel-relooking\/","url_meta":{"origin":375614,"position":1},"title":"C\u2019est No\u00ebl avant l\u2019heure sur Mat\u00e9riel relooking !","date":"11 d\u00e9cembre 2017","format":false,"excerpt":"C\u2019est No\u00ebl avant l\u2019heure sur Mat\u00e9riel relooking\u00a0! En ce mois de d\u00e9cembre 2017, les coiffeuses d\u00e9couvrent avec plaisir les calendriers de l\u2019avent de certaines des grandes marques de produits de coiffure. Les Esth\u00e9ticiennes et les Instituts de beaut\u00e9 profitent de cette atmosph\u00e8re si particuli\u00e8re pour r\u00e9pondre \u00e0 leurs clientes qui\u2026","rel":"","context":"Dans &quot;Astuces beaut\u00e9&quot;","img":{"alt_text":"Le blog de Mat\u00e9riel Relooking","src":"https:\/\/i0.wp.com\/www.materiel-relooking.com\/blog\/wp-content\/uploads\/2017\/12\/le-blog-materiel-relooking.jpeg?fit=612%2C385&ssl=1&resize=350%2C200","width":350,"height":200},"classes":[]},{"id":417674,"url":"https:\/\/www.materiel-relooking.com\/blog\/relooking-draping-lannee-2018-signe-couleurs\/","url_meta":{"origin":375614,"position":2},"title":"Relooking et draping, l\u2019ann\u00e9e 2018 sous le signe des \u2026couleurs !","date":"22 janvier 2018","format":false,"excerpt":"Relooking et draping, l\u2019ann\u00e9e 2018 sous le signe des \u2026couleurs\u00a0! Inenvisageable pour les esth\u00e9ticiennes et autres coachs en image de commencer une nouvelle ann\u00e9e sans vouloir r\u00e9pondre aux bonnes r\u00e9solutions prises par leurs clientes. Se sentir belle et en harmonie avec soi-m\u00eame, la tendance se renforce. Le relooking constitue la\u2026","rel":"","context":"Dans &quot;Les M\u00e9thodes du Relooking&quot;","img":{"alt_text":"Relooking et draping, l\u2019ann\u00e9e 2018 sous le signe des \u2026couleurs !","src":"https:\/\/i0.wp.com\/www.materiel-relooking.com\/blog\/wp-content\/uploads\/2018\/01\/le-relooking-2018.jpg?fit=500%2C333&ssl=1&resize=350%2C200","width":350,"height":200},"classes":[]},{"id":417949,"url":"https:\/\/www.materiel-relooking.com\/blog\/bonne-annee-2019-avec-le-specialiste-de-la-vente-en-ligne-du-relooking\/","url_meta":{"origin":375614,"position":3},"title":"Bonne ann\u00e9e 2019 avec le sp\u00e9cialiste de la vente en ligne du Relooking","date":"8 janvier 2019","format":"aside","excerpt":"Pour bien commencer l\u2019ann\u00e9e 2019, les Relookeuses, aussi, ont pris de bonnes r\u00e9solutions, notamment en ce qui concerne le d\u00e9veloppement de leur activit\u00e9 professionnelle. Mat\u00e9riel Relooking vous aide \u00e0 les tenir et \u00e0 bien commencer cette nouvelle ann\u00e9e. L\u2019ann\u00e9e 2019, une ann\u00e9e sous le signe de l\u2019image et de l\u2019apparence\u00a0?\u2026","rel":"","context":"Dans &quot;L'actualit\u00e9 du Relooking&quot;","img":{"alt_text":"Bonne ann\u00e9e 2019 avec le sp\u00e9cialiste de la vente en ligne du Relooking","src":"https:\/\/i0.wp.com\/www.materiel-relooking.com\/blog\/wp-content\/uploads\/2019\/01\/Bonne-ann\u00e9e-2019-avec-le-sp\u00e9cialiste-de-la-vente-en-ligne-du-Relooking.jpg?fit=1170%2C792&ssl=1&resize=350%2C200","width":350,"height":200},"classes":[]},{"id":417945,"url":"https:\/\/www.materiel-relooking.com\/blog\/le-relooking-et-la-beaute-se-preparent-a-feter-2019-une-annee-prometteuse\/","url_meta":{"origin":375614,"position":4},"title":"Le Relooking et la beaut\u00e9 se pr\u00e9parent \u00e0 f\u00eater 2019, une ann\u00e9e prometteuse ?","date":"28 d\u00e9cembre 2018","format":"aside","excerpt":"Ces derniers jours de l\u2019ann\u00e9e 2018 sont \u00e9lectriques pour chacun et chacune d\u2019entre-nous. Les Relookeuses cherchent aussi \u00e0 se remettre d\u2019une p\u00e9riode agit\u00e9e pour pouvoir mieux se projeter dans la nouvelle ann\u00e9e qui va commencer. L\u2019actualit\u00e9 mouvement\u00e9e des derni\u00e8res semaines a impact\u00e9 tous\u00a0 les salons de beaut\u00e9, tous les Instituts\u2026","rel":"","context":"Dans &quot;L'actualit\u00e9 du Relooking&quot;","img":{"alt_text":"Le Relooking et la beaut\u00e9 se pr\u00e9parent \u00e0 f\u00eater 2019","src":"https:\/\/i0.wp.com\/www.materiel-relooking.com\/blog\/wp-content\/uploads\/2018\/12\/bonne-annee-2019.jpg?fit=1170%2C792&ssl=1&resize=350%2C200","width":350,"height":200},"classes":[]},{"id":417681,"url":"https:\/\/www.materiel-relooking.com\/blog\/fevrier-relooking-se-refait-beaute\/","url_meta":{"origin":375614,"position":5},"title":"En f\u00e9vrier, le relooking se refait une beaut\u00e9 !","date":"6 f\u00e9vrier 2018","format":false,"excerpt":"En f\u00e9vrier, le relooking se refait une beaut\u00e9\u00a0! F\u00e9vrier n\u2019est pas seulement le mois le plus froid de l\u2019ann\u00e9e, il est aussi la promesse d\u2019un printemps qui revient \u00e0 grand pas. C\u2019est l\u2019occasion pour les coaches en images et les expertes du Relooking de doper leur activit\u00e9 \u2026. Des produits\u2026","rel":"","context":"Dans &quot;Les M\u00e9thodes du Relooking&quot;","img":{"alt_text":"saint-valentin relooking","src":"https:\/\/i0.wp.com\/www.materiel-relooking.com\/blog\/wp-content\/uploads\/2018\/02\/saint-valentin-relooking.jpg?fit=908%2C709&ssl=1&resize=350%2C200","width":350,"height":200},"classes":[]}],"amp_enabled":true,"_links":{"self":[{"href":"https:\/\/www.materiel-relooking.com\/blog\/wp-json\/wp\/v2\/posts\/375614"}],"collection":[{"href":"https:\/\/www.materiel-relooking.com\/blog\/wp-json\/wp\/v2\/posts"}],"about":[{"href":"https:\/\/www.materiel-relooking.com\/blog\/wp-json\/wp\/v2\/types\/post"}],"author":[{"embeddable":true,"href":"https:\/\/www.materiel-relooking.com\/blog\/wp-json\/wp\/v2\/users\/2"}],"replies":[{"embeddable":true,"href":"https:\/\/www.materiel-relooking.com\/blog\/wp-json\/wp\/v2\/comments?post=375614"}],"version-history":[{"count":1,"href":"https:\/\/www.materiel-relooking.com\/blog\/wp-json\/wp\/v2\/posts\/375614\/revisions"}],"predecessor-version":[{"id":375620,"href":"https:\/\/www.materiel-relooking.com\/blog\/wp-json\/wp\/v2\/posts\/375614\/revisions\/375620"}],"wp:featuredmedia":[{"embeddable":true,"href":"https:\/\/www.materiel-relooking.com\/blog\/wp-json\/wp\/v2\/media\/375619"}],"wp:attachment":[{"href":"https:\/\/www.materiel-relooking.com\/blog\/wp-json\/wp\/v2\/media?parent=375614"}],"wp:term":[{"taxonomy":"category","embeddable":true,"href":"https:\/\/www.materiel-relooking.com\/blog\/wp-json\/wp\/v2\/categories?post=375614"},{"taxonomy":"post_tag","embeddable":true,"href":"https:\/\/www.materiel-relooking.com\/blog\/wp-json\/wp\/v2\/tags?post=375614"}],"curies":[{"name":"wp","href":"https:\/\/api.w.org\/{rel}","templated":true}]}}