{"id":417681,"date":"2018-02-06T15:30:45","date_gmt":"2018-02-06T15:30:45","guid":{"rendered":"http:\/\/www.materiel-relooking.com\/blog\/?p=417681"},"modified":"2018-02-06T15:30:45","modified_gmt":"2018-02-06T15:30:45","slug":"fevrier-relooking-se-refait-beaute","status":"publish","type":"post","link":"https:\/\/www.materiel-relooking.com\/blog\/fevrier-relooking-se-refait-beaute\/","title":{"rendered":"En f\u00e9vrier, le relooking se refait une beaut\u00e9 !"},"content":{"rendered":"<h1><strong>En f\u00e9vrier, le relooking se refait une beaut\u00e9\u00a0!<\/strong><\/h1>\n<p><strong><em>F\u00e9vrier n\u2019est pas seulement le mois le plus froid de l\u2019ann\u00e9e, il est aussi la promesse d\u2019un printemps qui revient \u00e0 grand pas. C\u2019est l\u2019occasion pour les coaches en images et les expertes du Relooking de doper leur activit\u00e9 \u2026.<\/em><\/strong><\/p>\n<h2><strong>Des produits d\u00e9di\u00e9s \u00e0 toutes les professionnelles de l\u2019image et du Relooking<\/strong><\/h2>\n<p>Apr\u00e8s les bonnes r\u00e9solutions de l\u2019ann\u00e9e (combien de ces r\u00e9solutions sont toujours \u00e0 l\u2019esprit de celles et ceux, qui les ont prises\u00a0?), nous voil\u00e0 d\u00e9j\u00e0 en f\u00e9vrier. Pour les pros du relooking comme pour les esth\u00e9ticiennes, c\u2019est encore le moment de se faire plaisir en s\u2019offrant les produits indispensables pour booster son activit\u00e9.<\/p>\n<p>Besoin de <a href=\"http:\/\/www.materiel-relooking.com\/fr\/5-drapage-relooking\">renouveler votre kit de draping<\/a> ou de le compl\u00e9ter avec des <strong>foulards vous offrant plus de coloris <\/strong>et donc plus de pr\u00e9cision pour votre <strong>diagnostic colorim\u00e9trique\u00a0? <\/strong><\/p>\n<p>Envie de faire plaisir \u00e0 vos clientes, en \u00e9quipant votre business de relooking d\u2019une <a href=\"http:\/\/www.materiel-relooking.com\/fr\/39-maquillage-professionnel\"><strong>nouvelle gamme de produits de maquillage\u00a0<\/strong><\/a>?<\/p>\n<p>Ambition de vous lancer en cr\u00e9ant votre activit\u00e9 de coach en image ou de sp\u00e9cialiste de relooking, en vous \u00e9quipant des incontournables, \u00e0 commencer par <a href=\"http:\/\/www.materiel-relooking.com\/fr\/6-nuanciers-relooking\"><strong>l\u2019essentiel nuancier de relooking<\/strong>\u00a0<\/a>?<\/p>\n<p>Que vous soyez une Relookeuse confirm\u00e9e en Institut ou une conseill\u00e8re en image \u00e0 domicile, c\u2019est le moment ou jamais de suivre vos envies en b\u00e9n\u00e9ficiant des soldes avec Mat\u00e9riel Relooking. En tant que premier site de vente en ligne enti\u00e8rement d\u00e9di\u00e9 au relooking, nous vous avons r\u00e9serv\u00e9 des offres exceptionnelles, alors <a href=\"http:\/\/www.materiel-relooking.com\/fr\/promotions\"><strong>ne tardez pas trop \u00e0 en profiter<\/strong><\/a><strong>.<\/strong><\/p>\n<h2><strong>Le Relooking de Saint Valentin, une autre image de Cupidon <\/strong><\/h2>\n<p>F\u00e9vrier, c\u2019est aussi le mois des amoureuses et des amoureux. La Saint Valentin, le 14 f\u00e9vrier, fera encore le bonheur des fleuristes et des restaurants romantiques. C\u2019est la saison, pendant laquelle nous voulons, toutes et tous, \u00eatre sur notre 31. Une image soign\u00e9e, qui nous ressemble, on en r\u00eave tous, alors pourquoi ne pas profiter de l\u2019occasion pour booster votre chiffre d\u2019affaires.<\/p>\n<p>On n\u2019y pense pas toujours, mais les conseils d\u2019une coach en image, c\u2019est une id\u00e9e de cadeau parfait pour la Saint Valentin. Quelle Valentine r\u00e9sisterait \u00e0 son Valentin, qui lui offrirait la possibilit\u00e9 d\u2019adopter un style qui lui ressemble\u00a0? Quel Valentin ne succomberait pas \u00e0 sa Valentine, lui offrant l\u2019occasion de changer de look pour un nouveau d\u00e9part\u00a0?<\/p>\n<p>Ce n\u2019est pas \u00e0 vous, professionnelles du Relooking, de la beaut\u00e9 et de l\u2019image, que nous allons vous apprendre cette force irr\u00e9sistible du look et de l\u2019apparence. Mais avez-vous pens\u00e9 \u00e0 imprimer des coffrets cadeaux pour satisfaire \u00e0 ces recherches de Valentins et Valentines\u00a0? Un ch\u00e8que cadeau pour une s\u00e9ance de coaching\u00a0? Un bon cadeau pour un diagnostic colorim\u00e9trique\u00a0? \u2026Les id\u00e9es ne manquent pas, alors laissez parler votre cr\u00e9ativit\u00e9.<\/p>\n<p><strong><em>Et vous, avez-vous pr\u00e9vu des offres sp\u00e9ciales pour le relooking \u00e0 l\u2019occasion de la Saint Valentin\u00a0? Partagez vos id\u00e9es et vos astuces\u00a0!<\/em><\/strong><\/p>\n","protected":false},"excerpt":{"rendered":"<p>En f\u00e9vrier, le relooking se refait une beaut\u00e9\u00a0! F\u00e9vrier n\u2019est pas seulement le mois le plus froid de l\u2019ann\u00e9e, il est aussi la promesse d\u2019un printemps qui revient \u00e0 grand pas. C\u2019est l\u2019occasion pour les coaches en images et les expertes du Relooking de doper leur activit\u00e9 \u2026. Des produits d\u00e9di\u00e9s \u00e0 toutes les professionnelles de l\u2019image et du Relooking Apr\u00e8s les bonnes r\u00e9solutions de l\u2019ann\u00e9e (combien de ces r\u00e9solutions sont toujours \u00e0 l\u2019esprit de celles et ceux, qui les ont prises\u00a0?), nous voil\u00e0 d\u00e9j\u00e0 en f\u00e9vrier. Pour les pros du relooking comme pour les esth\u00e9ticiennes, c\u2019est encore le moment de se faire plaisir en s\u2019offrant les produits indispensables pour booster son activit\u00e9. Besoin de renouveler votre kit de draping ou de le compl\u00e9ter avec des foulards vous offrant plus de coloris et donc plus de pr\u00e9cision pour votre diagnostic colorim\u00e9trique\u00a0? Envie de faire plaisir \u00e0 vos clientes, en \u00e9quipant votre business de relooking d\u2019une nouvelle gamme de produits de maquillage\u00a0? Ambition de vous lancer en cr\u00e9ant votre activit\u00e9 de coach en image ou de sp\u00e9cialiste de relooking, en vous \u00e9quipant des incontournables, \u00e0 commencer par l\u2019essentiel nuancier de relooking\u00a0? Que vous soyez une Relookeuse confirm\u00e9e en Institut ou une conseill\u00e8re en image \u00e0 domicile, c\u2019est le moment ou jamais de suivre vos envies en b\u00e9n\u00e9ficiant des soldes avec Mat\u00e9riel Relooking. En tant que premier site de vente en ligne enti\u00e8rement d\u00e9di\u00e9 au relooking, nous vous avons r\u00e9serv\u00e9 des offres exceptionnelles, alors ne tardez pas trop \u00e0 en profiter. Le Relooking de Saint Valentin, une autre image de Cupidon F\u00e9vrier, c\u2019est aussi le mois des amoureuses et des amoureux. La Saint Valentin, le 14 f\u00e9vrier, fera encore le bonheur des fleuristes et des restaurants romantiques. C\u2019est la saison, pendant laquelle nous voulons, toutes et tous, \u00eatre sur notre 31. Une image soign\u00e9e, qui nous ressemble, on en r\u00eave tous, alors pourquoi ne pas profiter de l\u2019occasion pour booster votre chiffre d\u2019affaires. On n\u2019y pense pas toujours, mais les conseils d\u2019une coach en image, c\u2019est une id\u00e9e de cadeau parfait pour la Saint Valentin. Quelle Valentine r\u00e9sisterait \u00e0 son Valentin, qui lui offrirait la possibilit\u00e9 d\u2019adopter un style qui lui ressemble\u00a0? Quel Valentin ne succomberait pas \u00e0 sa Valentine, lui offrant l\u2019occasion de changer de look pour un nouveau d\u00e9part\u00a0? Ce n\u2019est pas \u00e0 vous, professionnelles du Relooking, de la beaut\u00e9 et de l\u2019image, que nous allons vous apprendre cette force irr\u00e9sistible du look et de l\u2019apparence. Mais avez-vous pens\u00e9 \u00e0 imprimer des coffrets cadeaux pour satisfaire \u00e0 ces recherches de Valentins et Valentines\u00a0? Un ch\u00e8que cadeau pour une s\u00e9ance de coaching\u00a0? Un bon cadeau pour un diagnostic colorim\u00e9trique\u00a0? \u2026Les id\u00e9es ne manquent pas, alors laissez parler votre cr\u00e9ativit\u00e9. Et vous, avez-vous pr\u00e9vu des offres sp\u00e9ciales pour le relooking \u00e0 l\u2019occasion de la Saint Valentin\u00a0? Partagez vos id\u00e9es et vos astuces\u00a0!<\/p>\n","protected":false},"author":2,"featured_media":417682,"comment_status":"closed","ping_status":"closed","sticky":false,"template":"","format":"standard","meta":{"spay_email":"","jetpack_publicize_message":"","jetpack_is_tweetstorm":false,"jetpack_publicize_feature_enabled":true},"categories":[3],"tags":[],"yoast_head":"<!-- This site is optimized with the Yoast SEO plugin v18.1 - https:\/\/yoast.com\/wordpress\/plugins\/seo\/ -->\n<title>En f\u00e9vrier, le relooking se refait une beaut\u00e9 ! - Conseils Relooking - blog Relooking<\/title>\n<meta name=\"description\" content=\"Entre les soldes et la Saint Valentin, le mois de f\u00e9vrier reste un beau moment pour les expertes du relooking afin de booster leur activit\u00e9\" \/>\n<meta name=\"robots\" content=\"index, follow, max-snippet:-1, max-image-preview:large, max-video-preview:-1\" \/>\n<link rel=\"canonical\" href=\"https:\/\/www.materiel-relooking.com\/blog\/fevrier-relooking-se-refait-beaute\/\" \/>\n<meta property=\"og:locale\" content=\"fr_FR\" \/>\n<meta property=\"og:type\" content=\"article\" \/>\n<meta property=\"og:title\" content=\"En f\u00e9vrier, le relooking se refait une beaut\u00e9 ! - Conseils Relooking - blog Relooking\" \/>\n<meta property=\"og:description\" content=\"Entre les soldes et la Saint Valentin, le mois de f\u00e9vrier reste un beau moment pour les expertes du relooking afin de booster leur activit\u00e9\" \/>\n<meta property=\"og:url\" content=\"https:\/\/www.materiel-relooking.com\/blog\/fevrier-relooking-se-refait-beaute\/\" \/>\n<meta property=\"og:site_name\" content=\"Conseils Relooking - blog Relooking\" \/>\n<meta property=\"article:publisher\" content=\"https:\/\/www.facebook.com\/pages\/Materiel-Relooking\/\" \/>\n<meta property=\"article:published_time\" content=\"2018-02-06T15:30:45+00:00\" \/>\n<meta property=\"og:image\" content=\"https:\/\/i0.wp.com\/www.materiel-relooking.com\/blog\/wp-content\/uploads\/2018\/02\/saint-valentin-relooking.jpg?fit=908%2C709&#038;ssl=1\" \/>\n\t<meta property=\"og:image:width\" content=\"908\" \/>\n\t<meta property=\"og:image:height\" content=\"709\" \/>\n\t<meta property=\"og:image:type\" content=\"image\/jpeg\" \/>\n<meta name=\"twitter:card\" content=\"summary\" \/>\n<meta name=\"twitter:creator\" content=\"@materielrelook\" \/>\n<meta name=\"twitter:site\" content=\"@materielrelook\" \/>\n<meta name=\"twitter:label1\" content=\"\u00c9crit par\" \/>\n\t<meta name=\"twitter:data1\" content=\"Cristina Pedretti\" \/>\n\t<meta name=\"twitter:label2\" content=\"Dur\u00e9e de lecture estim\u00e9e\" \/>\n\t<meta name=\"twitter:data2\" content=\"3 minutes\" \/>\n<script type=\"application\/ld+json\" class=\"yoast-schema-graph\">{\"@context\":\"https:\/\/schema.org\",\"@graph\":[{\"@type\":\"WebSite\",\"@id\":\"https:\/\/www.materiel-relooking.com\/blog\/#website\",\"url\":\"https:\/\/www.materiel-relooking.com\/blog\/\",\"name\":\"Conseils Relooking - blog Relooking\",\"description\":\"Blog des conseils de relooking pour les Conseillers en image, des Coiffeurs, des Esth\u00e9ticiennes,\",\"potentialAction\":[{\"@type\":\"SearchAction\",\"target\":{\"@type\":\"EntryPoint\",\"urlTemplate\":\"https:\/\/www.materiel-relooking.com\/blog\/?s={search_term_string}\"},\"query-input\":\"required name=search_term_string\"}],\"inLanguage\":\"fr-FR\"},{\"@type\":\"ImageObject\",\"@id\":\"https:\/\/www.materiel-relooking.com\/blog\/fevrier-relooking-se-refait-beaute\/#primaryimage\",\"inLanguage\":\"fr-FR\",\"url\":\"https:\/\/i0.wp.com\/www.materiel-relooking.com\/blog\/wp-content\/uploads\/2018\/02\/saint-valentin-relooking.jpg?fit=908%2C709&ssl=1\",\"contentUrl\":\"https:\/\/i0.wp.com\/www.materiel-relooking.com\/blog\/wp-content\/uploads\/2018\/02\/saint-valentin-relooking.jpg?fit=908%2C709&ssl=1\",\"width\":908,\"height\":709,\"caption\":\"saint-valentin relooking\"},{\"@type\":\"WebPage\",\"@id\":\"https:\/\/www.materiel-relooking.com\/blog\/fevrier-relooking-se-refait-beaute\/#webpage\",\"url\":\"https:\/\/www.materiel-relooking.com\/blog\/fevrier-relooking-se-refait-beaute\/\",\"name\":\"En f\u00e9vrier, le relooking se refait une beaut\u00e9 ! - Conseils Relooking - blog Relooking\",\"isPartOf\":{\"@id\":\"https:\/\/www.materiel-relooking.com\/blog\/#website\"},\"primaryImageOfPage\":{\"@id\":\"https:\/\/www.materiel-relooking.com\/blog\/fevrier-relooking-se-refait-beaute\/#primaryimage\"},\"datePublished\":\"2018-02-06T15:30:45+00:00\",\"dateModified\":\"2018-02-06T15:30:45+00:00\",\"author\":{\"@id\":\"https:\/\/www.materiel-relooking.com\/blog\/#\/schema\/person\/649eb71a49ea802d5d397139a2ddf665\"},\"description\":\"Entre les soldes et la Saint Valentin, le mois de f\u00e9vrier reste un beau moment pour les expertes du relooking afin de booster leur activit\u00e9\",\"breadcrumb\":{\"@id\":\"https:\/\/www.materiel-relooking.com\/blog\/fevrier-relooking-se-refait-beaute\/#breadcrumb\"},\"inLanguage\":\"fr-FR\",\"potentialAction\":[{\"@type\":\"ReadAction\",\"target\":[\"https:\/\/www.materiel-relooking.com\/blog\/fevrier-relooking-se-refait-beaute\/\"]}]},{\"@type\":\"BreadcrumbList\",\"@id\":\"https:\/\/www.materiel-relooking.com\/blog\/fevrier-relooking-se-refait-beaute\/#breadcrumb\",\"itemListElement\":[{\"@type\":\"ListItem\",\"position\":1,\"name\":\"Accueil\",\"item\":\"https:\/\/www.materiel-relooking.com\/blog\/\"},{\"@type\":\"ListItem\",\"position\":2,\"name\":\"Les M\u00e9thodes du Relooking\",\"item\":\"https:\/\/www.materiel-relooking.com\/blog\/category\/les-methodes-du-relooking\/\"},{\"@type\":\"ListItem\",\"position\":3,\"name\":\"En f\u00e9vrier, le relooking se refait une beaut\u00e9 !\"}]},{\"@type\":\"Person\",\"@id\":\"https:\/\/www.materiel-relooking.com\/blog\/#\/schema\/person\/649eb71a49ea802d5d397139a2ddf665\",\"name\":\"Cristina Pedretti\",\"image\":{\"@type\":\"ImageObject\",\"@id\":\"https:\/\/www.materiel-relooking.com\/blog\/#personlogo\",\"inLanguage\":\"fr-FR\",\"url\":\"https:\/\/i0.wp.com\/www.materiel-relooking.com\/blog\/wp-content\/uploads\/2015\/01\/cris.jpg?fit=72%2C96&ssl=1\",\"contentUrl\":\"https:\/\/i0.wp.com\/www.materiel-relooking.com\/blog\/wp-content\/uploads\/2015\/01\/cris.jpg?fit=72%2C96&ssl=1\",\"caption\":\"Cristina Pedretti\"},\"description\":\"Dipl\u00f4m\u00e9e de l\u2019\u00e9cole des Beaux-arts et de la C.S de la Haute Couture de Paris, Conseill\u00e8re en Image pour la personne depuis 1999.\"}]}<\/script>\n<!-- \/ Yoast SEO plugin. -->","yoast_head_json":{"title":"En f\u00e9vrier, le relooking se refait une beaut\u00e9 ! - Conseils Relooking - blog Relooking","description":"Entre les soldes et la Saint Valentin, le mois de f\u00e9vrier reste un beau moment pour les expertes du relooking afin de booster leur activit\u00e9","robots":{"index":"index","follow":"follow","max-snippet":"max-snippet:-1","max-image-preview":"max-image-preview:large","max-video-preview":"max-video-preview:-1"},"canonical":"https:\/\/www.materiel-relooking.com\/blog\/fevrier-relooking-se-refait-beaute\/","og_locale":"fr_FR","og_type":"article","og_title":"En f\u00e9vrier, le relooking se refait une beaut\u00e9 ! - Conseils Relooking - blog Relooking","og_description":"Entre les soldes et la Saint Valentin, le mois de f\u00e9vrier reste un beau moment pour les expertes du relooking afin de booster leur activit\u00e9","og_url":"https:\/\/www.materiel-relooking.com\/blog\/fevrier-relooking-se-refait-beaute\/","og_site_name":"Conseils Relooking - blog Relooking","article_publisher":"https:\/\/www.facebook.com\/pages\/Materiel-Relooking\/","article_published_time":"2018-02-06T15:30:45+00:00","og_image":[{"width":908,"height":709,"url":"https:\/\/i0.wp.com\/www.materiel-relooking.com\/blog\/wp-content\/uploads\/2018\/02\/saint-valentin-relooking.jpg?fit=908%2C709&ssl=1","type":"image\/jpeg"}],"twitter_card":"summary","twitter_creator":"@materielrelook","twitter_site":"@materielrelook","twitter_misc":{"\u00c9crit par":"Cristina Pedretti","Dur\u00e9e de lecture estim\u00e9e":"3 minutes"},"schema":{"@context":"https:\/\/schema.org","@graph":[{"@type":"WebSite","@id":"https:\/\/www.materiel-relooking.com\/blog\/#website","url":"https:\/\/www.materiel-relooking.com\/blog\/","name":"Conseils Relooking - blog Relooking","description":"Blog des conseils de relooking pour les Conseillers en image, des Coiffeurs, des Esth\u00e9ticiennes,","potentialAction":[{"@type":"SearchAction","target":{"@type":"EntryPoint","urlTemplate":"https:\/\/www.materiel-relooking.com\/blog\/?s={search_term_string}"},"query-input":"required name=search_term_string"}],"inLanguage":"fr-FR"},{"@type":"ImageObject","@id":"https:\/\/www.materiel-relooking.com\/blog\/fevrier-relooking-se-refait-beaute\/#primaryimage","inLanguage":"fr-FR","url":"https:\/\/i0.wp.com\/www.materiel-relooking.com\/blog\/wp-content\/uploads\/2018\/02\/saint-valentin-relooking.jpg?fit=908%2C709&ssl=1","contentUrl":"https:\/\/i0.wp.com\/www.materiel-relooking.com\/blog\/wp-content\/uploads\/2018\/02\/saint-valentin-relooking.jpg?fit=908%2C709&ssl=1","width":908,"height":709,"caption":"saint-valentin relooking"},{"@type":"WebPage","@id":"https:\/\/www.materiel-relooking.com\/blog\/fevrier-relooking-se-refait-beaute\/#webpage","url":"https:\/\/www.materiel-relooking.com\/blog\/fevrier-relooking-se-refait-beaute\/","name":"En f\u00e9vrier, le relooking se refait une beaut\u00e9 ! - Conseils Relooking - blog Relooking","isPartOf":{"@id":"https:\/\/www.materiel-relooking.com\/blog\/#website"},"primaryImageOfPage":{"@id":"https:\/\/www.materiel-relooking.com\/blog\/fevrier-relooking-se-refait-beaute\/#primaryimage"},"datePublished":"2018-02-06T15:30:45+00:00","dateModified":"2018-02-06T15:30:45+00:00","author":{"@id":"https:\/\/www.materiel-relooking.com\/blog\/#\/schema\/person\/649eb71a49ea802d5d397139a2ddf665"},"description":"Entre les soldes et la Saint Valentin, le mois de f\u00e9vrier reste un beau moment pour les expertes du relooking afin de booster leur activit\u00e9","breadcrumb":{"@id":"https:\/\/www.materiel-relooking.com\/blog\/fevrier-relooking-se-refait-beaute\/#breadcrumb"},"inLanguage":"fr-FR","potentialAction":[{"@type":"ReadAction","target":["https:\/\/www.materiel-relooking.com\/blog\/fevrier-relooking-se-refait-beaute\/"]}]},{"@type":"BreadcrumbList","@id":"https:\/\/www.materiel-relooking.com\/blog\/fevrier-relooking-se-refait-beaute\/#breadcrumb","itemListElement":[{"@type":"ListItem","position":1,"name":"Accueil","item":"https:\/\/www.materiel-relooking.com\/blog\/"},{"@type":"ListItem","position":2,"name":"Les M\u00e9thodes du Relooking","item":"https:\/\/www.materiel-relooking.com\/blog\/category\/les-methodes-du-relooking\/"},{"@type":"ListItem","position":3,"name":"En f\u00e9vrier, le relooking se refait une beaut\u00e9 !"}]},{"@type":"Person","@id":"https:\/\/www.materiel-relooking.com\/blog\/#\/schema\/person\/649eb71a49ea802d5d397139a2ddf665","name":"Cristina Pedretti","image":{"@type":"ImageObject","@id":"https:\/\/www.materiel-relooking.com\/blog\/#personlogo","inLanguage":"fr-FR","url":"https:\/\/i0.wp.com\/www.materiel-relooking.com\/blog\/wp-content\/uploads\/2015\/01\/cris.jpg?fit=72%2C96&ssl=1","contentUrl":"https:\/\/i0.wp.com\/www.materiel-relooking.com\/blog\/wp-content\/uploads\/2015\/01\/cris.jpg?fit=72%2C96&ssl=1","caption":"Cristina Pedretti"},"description":"Dipl\u00f4m\u00e9e de l\u2019\u00e9cole des Beaux-arts et de la C.S de la Haute Couture de Paris, Conseill\u00e8re en Image pour la personne depuis 1999."}]}},"jetpack_featured_media_url":"https:\/\/i0.wp.com\/www.materiel-relooking.com\/blog\/wp-content\/uploads\/2018\/02\/saint-valentin-relooking.jpg?fit=908%2C709&ssl=1","jetpack_publicize_connections":[],"jetpack_sharing_enabled":true,"jetpack_shortlink":"https:\/\/wp.me\/p6KybK-1KEN","jetpack-related-posts":[{"id":417949,"url":"https:\/\/www.materiel-relooking.com\/blog\/bonne-annee-2019-avec-le-specialiste-de-la-vente-en-ligne-du-relooking\/","url_meta":{"origin":417681,"position":0},"title":"Bonne ann\u00e9e 2019 avec le sp\u00e9cialiste de la vente en ligne du Relooking","date":"8 janvier 2019","format":"aside","excerpt":"Pour bien commencer l\u2019ann\u00e9e 2019, les Relookeuses, aussi, ont pris de bonnes r\u00e9solutions, notamment en ce qui concerne le d\u00e9veloppement de leur activit\u00e9 professionnelle. Mat\u00e9riel Relooking vous aide \u00e0 les tenir et \u00e0 bien commencer cette nouvelle ann\u00e9e. L\u2019ann\u00e9e 2019, une ann\u00e9e sous le signe de l\u2019image et de l\u2019apparence\u00a0?\u2026","rel":"","context":"Dans &quot;L'actualit\u00e9 du Relooking&quot;","img":{"alt_text":"Bonne ann\u00e9e 2019 avec le sp\u00e9cialiste de la vente en ligne du Relooking","src":"https:\/\/i0.wp.com\/www.materiel-relooking.com\/blog\/wp-content\/uploads\/2019\/01\/Bonne-ann\u00e9e-2019-avec-le-sp\u00e9cialiste-de-la-vente-en-ligne-du-Relooking.jpg?fit=1170%2C792&ssl=1&resize=350%2C200","width":350,"height":200},"classes":[]},{"id":375614,"url":"https:\/\/www.materiel-relooking.com\/blog\/relooking-2018-promesse-dune-annee-riche-intense\/","url_meta":{"origin":417681,"position":1},"title":"Le Relooking en 2018, la promesse d\u2019une ann\u00e9e riche et intense !","date":"9 janvier 2018","format":false,"excerpt":"Le Relooking en 2018, la promesse d\u2019une ann\u00e9e riche et intense\u00a0! Toute l\u2019\u00e9quipe de Mat\u00e9riel Relooking vous souhaite une belle et heureuse ann\u00e9e 2018. La sant\u00e9, le bonheur, le plaisir et la r\u00e9ussite dans votre activit\u00e9 bien s\u00fbr. Et 2018 s\u2019annonce prometteuse pour les professionnelles de l\u2019image et du relooking,\u2026","rel":"","context":"Dans &quot;Les Astuces du Relooking&quot;","img":{"alt_text":"Le Relooking en 2018, la promesse d\u2019une ann\u00e9e riche et intense !","src":"https:\/\/i0.wp.com\/www.materiel-relooking.com\/blog\/wp-content\/uploads\/2017\/12\/Le-Relooking-en-2018-la-promesse-d\u2019une-anne\u0301e-riche-et-intense-.jpeg?fit=612%2C408&ssl=1&resize=350%2C200","width":350,"height":200},"classes":[]},{"id":417953,"url":"https:\/\/www.materiel-relooking.com\/blog\/coaching-et-relooking-deux-savoir-faire-a-concilier-pour-une-expertise-beaute\/","url_meta":{"origin":417681,"position":2},"title":"Coaching et Relooking, deux savoir-faire \u00e0 concilier pour une expertise beaut\u00e9","date":"15 janvier 2019","format":"aside","excerpt":"Pour exceller dans le relooking, il ne suffit pas de maitriser l\u2019art du diagnostic colorim\u00e9trique ni m\u00eame de tout savoir sur le draping. Il faut aussi apprendre \u00e0 conseiller et rassurer ses clientes et ainsi s\u2019ouvrir \u00e0 l\u2019univers du coaching. Une nouveaut\u00e9, qui ne doit pas faire perdre de vue\u2026","rel":"","context":"Dans &quot;Les M\u00e9thodes du Relooking&quot;","img":{"alt_text":"Coaching et Relooking","src":"https:\/\/i0.wp.com\/www.materiel-relooking.com\/blog\/wp-content\/uploads\/2019\/01\/Coaching-et-Relooking.jpg?fit=1170%2C792&ssl=1&resize=350%2C200","width":350,"height":200},"classes":[]},{"id":417945,"url":"https:\/\/www.materiel-relooking.com\/blog\/le-relooking-et-la-beaute-se-preparent-a-feter-2019-une-annee-prometteuse\/","url_meta":{"origin":417681,"position":3},"title":"Le Relooking et la beaut\u00e9 se pr\u00e9parent \u00e0 f\u00eater 2019, une ann\u00e9e prometteuse ?","date":"28 d\u00e9cembre 2018","format":"aside","excerpt":"Ces derniers jours de l\u2019ann\u00e9e 2018 sont \u00e9lectriques pour chacun et chacune d\u2019entre-nous. Les Relookeuses cherchent aussi \u00e0 se remettre d\u2019une p\u00e9riode agit\u00e9e pour pouvoir mieux se projeter dans la nouvelle ann\u00e9e qui va commencer. L\u2019actualit\u00e9 mouvement\u00e9e des derni\u00e8res semaines a impact\u00e9 tous\u00a0 les salons de beaut\u00e9, tous les Instituts\u2026","rel":"","context":"Dans &quot;L'actualit\u00e9 du Relooking&quot;","img":{"alt_text":"Le Relooking et la beaut\u00e9 se pr\u00e9parent \u00e0 f\u00eater 2019","src":"https:\/\/i0.wp.com\/www.materiel-relooking.com\/blog\/wp-content\/uploads\/2018\/12\/bonne-annee-2019.jpg?fit=1170%2C792&ssl=1&resize=350%2C200","width":350,"height":200},"classes":[]},{"id":417976,"url":"https:\/\/www.materiel-relooking.com\/blog\/le-coaching-en-images-une-tendance-forte-de-plus-en-plus-plebiscitee\/","url_meta":{"origin":417681,"position":4},"title":"Le coaching en images, une tendance forte de plus en plus pl\u00e9biscit\u00e9e","date":"21 mai 2019","format":"aside","excerpt":"Aujourd\u2019hui, le Relooking est devenu une discipline, o\u00f9 les conseils et l\u2019accompagnement sont devenus aussi important que les r\u00e9sultats obtenus. Le coaching s\u00e9duit les Fran\u00e7aises et les Fran\u00e7ais, en mati\u00e8re de beaut\u00e9 comme dans bien d\u2019autres domaines de leur quotidien, alors surfez sur cette tendance et d\u00e9veloppez votre efficacit\u00e9. Le\u2026","rel":"","context":"Dans &quot;Les Astuces du Relooking&quot;","img":{"alt_text":"Le coaching en images, une tendance forte de plus en plus pl\u00e9biscit\u00e9e","src":"https:\/\/i0.wp.com\/www.materiel-relooking.com\/blog\/wp-content\/uploads\/2019\/05\/Le-coaching-en-images-une-tendance-forte-de-plus-en-plus-pl\u00e9biscit\u00e9e.jpg?fit=1170%2C792&ssl=1&resize=350%2C200","width":350,"height":200},"classes":[]},{"id":417973,"url":"https:\/\/www.materiel-relooking.com\/blog\/no-make-up-une-nouvelle-tendance-du-relooking-moderne\/","url_meta":{"origin":417681,"position":5},"title":"No Make Up, une nouvelle tendance du Relooking moderne ?","date":"13 mai 2019","format":"aside","excerpt":"No Make Up, une nouvelle tendance du Relooking moderne\u00a0? Quel sens doit v\u00e9hiculer le relooking\u00a0? la question taraude les clientes des expertes en image et en beaut\u00e9, et pourtant difficile d\u2019y apporter une r\u00e9ponse pr\u00e9cise et unique. (Re)donner du sens \u00e0 son look et \u00e0 sa beaut\u00e9, n\u2019est-ce pas un\u2026","rel":"","context":"Dans &quot;L'actualit\u00e9 du Relooking&quot;","img":{"alt_text":"Quelle est la finalit\u00e9 du relooking ? En tant que coach en image ou conseill\u00e8re en apparence ou m\u00eame comme maquilleuse, vous avez une r\u00e9ponse pr\u00e9cise. En revanche, vos clientes sont plus ind\u00e9cises. Et pourtant, ne retrouve-t-on pas cette finalit\u00e9 avec les mouvements tendance du \u00ab No Make up \u00bb ?","src":"https:\/\/i0.wp.com\/www.materiel-relooking.com\/blog\/wp-content\/uploads\/2019\/05\/No-Make-Up-une-nouvelle-tendance-du-Relooking-moderne-.jpg?fit=1170%2C792&ssl=1&resize=350%2C200","width":350,"height":200},"classes":[]}],"amp_enabled":true,"_links":{"self":[{"href":"https:\/\/www.materiel-relooking.com\/blog\/wp-json\/wp\/v2\/posts\/417681"}],"collection":[{"href":"https:\/\/www.materiel-relooking.com\/blog\/wp-json\/wp\/v2\/posts"}],"about":[{"href":"https:\/\/www.materiel-relooking.com\/blog\/wp-json\/wp\/v2\/types\/post"}],"author":[{"embeddable":true,"href":"https:\/\/www.materiel-relooking.com\/blog\/wp-json\/wp\/v2\/users\/2"}],"replies":[{"embeddable":true,"href":"https:\/\/www.materiel-relooking.com\/blog\/wp-json\/wp\/v2\/comments?post=417681"}],"version-history":[{"count":1,"href":"https:\/\/www.materiel-relooking.com\/blog\/wp-json\/wp\/v2\/posts\/417681\/revisions"}],"predecessor-version":[{"id":417683,"href":"https:\/\/www.materiel-relooking.com\/blog\/wp-json\/wp\/v2\/posts\/417681\/revisions\/417683"}],"wp:featuredmedia":[{"embeddable":true,"href":"https:\/\/www.materiel-relooking.com\/blog\/wp-json\/wp\/v2\/media\/417682"}],"wp:attachment":[{"href":"https:\/\/www.materiel-relooking.com\/blog\/wp-json\/wp\/v2\/media?parent=417681"}],"wp:term":[{"taxonomy":"category","embeddable":true,"href":"https:\/\/www.materiel-relooking.com\/blog\/wp-json\/wp\/v2\/categories?post=417681"},{"taxonomy":"post_tag","embeddable":true,"href":"https:\/\/www.materiel-relooking.com\/blog\/wp-json\/wp\/v2\/tags?post=417681"}],"curies":[{"name":"wp","href":"https:\/\/api.w.org\/{rel}","templated":true}]}}