{"id":417689,"date":"2018-03-06T10:08:53","date_gmt":"2018-03-06T10:08:53","guid":{"rendered":"http:\/\/www.materiel-relooking.com\/blog\/?p=417689"},"modified":"2018-03-16T12:20:02","modified_gmt":"2018-03-16T12:20:02","slug":"relooking-na-dage-vive-conseilleres-images","status":"publish","type":"post","link":"https:\/\/www.materiel-relooking.com\/blog\/relooking-na-dage-vive-conseilleres-images\/","title":{"rendered":"Le relooking n\u2019a pas d\u2019\u00e2ge alors vive les conseill\u00e8res en images !"},"content":{"rendered":"<h1><strong>Le relooking n\u2019a pas d\u2019\u00e2ge alors vive les conseill\u00e8res en images\u00a0!<\/strong><\/h1>\n<p><strong><em>La F\u00eate des Grands-m\u00e8res sera f\u00eat\u00e9e ce dimanche 4 mars. N\u2019est-ce pas l\u2019occasion r\u00eav\u00e9e pour souligner \u00e0 quel point, les femmes et les hommes d\u2019exp\u00e9rience sont eux aussi attach\u00e9s \u00e0 leur image et \u00e0 leur look. Une occasion pour les conseill\u00e8res en images d\u2019\u00e9largir leur client\u00e8le. <\/em><\/strong><\/p>\n<h2><strong>Femmes et hommes, toutes et tous attach\u00e9s \u00e0 leur image\u00a0!<\/strong><\/h2>\n<p>On a longtemps confondu et entretenu cette id\u00e9e, que le relooking \u00e9tait <strong>l\u2019une des activit\u00e9s pr\u00e9f\u00e9r\u00e9es des fashionitas<\/strong>. On pr\u00e9sentait alors de jeunes femmes, accros du shopping, se d\u00e9mener pour obtenir un rendez-vous aupr\u00e8s d\u2019une conseill\u00e8re en image. L\u2019image du relooking a bien chang\u00e9 en quelques ann\u00e9es, et les <strong>conseill\u00e8res en images et autres Relookeuse<\/strong> ne peuvent que s\u2019en f\u00e9liciter. Certes, elles r\u00e9pondent toujours \u00e0 ces femmes, qui restent \u00e0 la pointe de la mode et cherchent \u00e0 d\u00e9couvrir les derni\u00e8res tendances en mati\u00e8re d\u2019image et de beaut\u00e9. Mais le relooking concerne aussi tout un chacun, avec une arriv\u00e9e de plus en plus importante de la Gent masculine notamment. Et dans cette s\u00e9rie de dossiers, que <a href=\"http:\/\/www.materiel-relooking.com\/blog\/relooking-travail-soi-image-a-destination-de\/\"><strong>Mat\u00e9riel Relooking a d\u00e9cid\u00e9 de consacrer aux clientes et clients des conseill\u00e8res en image<\/strong><\/a>, force est de constater que le Relooking n\u2019a pas d\u2019\u00e2ge et qu\u2019il n\u2019est plus r\u00e9serv\u00e9 aux jeunes femmes.<\/p>\n<h2><strong>L\u2019\u00e2ge, un aspect incontournable pour soigner son image <\/strong><\/h2>\n<p>Dans une <strong>soci\u00e9t\u00e9 o\u00f9 l\u2019image est devenue omnipr\u00e9sente<\/strong>, l\u2019\u00e2ge n\u2019est plus, comme cela a pu \u00eatre le cas par le pass\u00e9, consid\u00e9r\u00e9 comme une fatalit\u00e9 mais devient, au contraire, la preuve d\u2019une exp\u00e9rience et d\u2019une maturit\u00e9. Aussi, lorsque vous accompagnez des personnes \u00e0 changer et \/ ou \u00e0 soigner leur image, vous tenez compte de cette exp\u00e9rience, en cherchant \u00e0 la mettre en avant. L\u2019apparence ne sera pas forc\u00e9ment la m\u00eame \u00e0 20 ans qu\u2019\u00e0 40 ans, mais elle devra toujours s\u2019inscrire dans <strong>la mise en avant de la personnalit\u00e9 de vos clientes et de vos clients<\/strong>. C\u2019est une force suppl\u00e9mentaire que de pouvoir rester au plus pr\u00e8s des attentes et des envies de chacune et de chacun. Et \u00e0 40, 50 ou m\u00eame 60 ans, l\u2019envie de s\u00e9duire et d\u2019\u00a0\u00bbattirer l\u2019\u0153il\u00a0\u00bb ne perdent en rien de leur importance.<\/p>\n<h2><strong>Le Relooking, une fa\u00e7on moderne de c\u00e9l\u00e9brer la F\u00eate des Grands-m\u00e8res <\/strong><\/h2>\n<p>Que vous exerciez vos talents de <strong>conseill\u00e8re en image dans un Institut de beaut\u00e9 <\/strong>ou que vous interveniez en tant que <strong>Coach en Image \u00e0 domicile,<\/strong> vous n\u2019avez pas oubli\u00e9, il y a quelques semaines, de communiquer sur la Saint Valentin. Vous souhaitiez faire conna\u00eetre votre expertise aux Valentines et Valentins. Mais avez-vous pens\u00e9 \u00e0 vous adresser aux grands-m\u00e8res, que nous c\u00e9l\u00e9brerons le 04 mars prochain. Nous vous l\u2019avons dit, les m\u0153urs ont chang\u00e9 depuis bien des ann\u00e9es maintenant. Et aujourd\u2019hui, une <strong>grand-m\u00e8re peut aussi vouloir prendre soin de son look et de son apparence.<\/strong> Les petits-enfants souhaitent plus que tout que leurs mamies soient heureuses et \u00e9panouies, et un bon <strong>cadeau pour une s\u00e9ance de relooking<\/strong> sera une des meilleures mani\u00e8res de r\u00e9concilier toutes les g\u00e9n\u00e9rations.<\/p>\n<p><strong><em>Et vous, communiquez-vous \u00e0 destination de cette client\u00e8le plus \u00e2g\u00e9e\u00a0? N\u2019avez-vous pas constat\u00e9 ce changement de comportement vis-\u00e0-vis de l\u2019image et de l\u2019apparence\u00a0? <\/em><\/strong><\/p>\n","protected":false},"excerpt":{"rendered":"<p>Le relooking n\u2019a pas d\u2019\u00e2ge alors vive les conseill\u00e8res en images\u00a0! La F\u00eate des Grands-m\u00e8res sera f\u00eat\u00e9e ce dimanche 4 mars. N\u2019est-ce pas l\u2019occasion r\u00eav\u00e9e pour souligner \u00e0 quel point, les femmes et les hommes d\u2019exp\u00e9rience sont eux aussi attach\u00e9s \u00e0 leur image et \u00e0 leur look. Une occasion pour les conseill\u00e8res en images d\u2019\u00e9largir leur client\u00e8le. Femmes et hommes, toutes et tous attach\u00e9s \u00e0 leur image\u00a0! On a longtemps confondu et entretenu cette id\u00e9e, que le relooking \u00e9tait l\u2019une des activit\u00e9s pr\u00e9f\u00e9r\u00e9es des fashionitas. On pr\u00e9sentait alors de jeunes femmes, accros du shopping, se d\u00e9mener pour obtenir un rendez-vous aupr\u00e8s d\u2019une conseill\u00e8re en image. L\u2019image du relooking a bien chang\u00e9 en quelques ann\u00e9es, et les conseill\u00e8res en images et autres Relookeuse ne peuvent que s\u2019en f\u00e9liciter. Certes, elles r\u00e9pondent toujours \u00e0 ces femmes, qui restent \u00e0 la pointe de la mode et cherchent \u00e0 d\u00e9couvrir les derni\u00e8res tendances en mati\u00e8re d\u2019image et de beaut\u00e9. Mais le relooking concerne aussi tout un chacun, avec une arriv\u00e9e de plus en plus importante de la Gent masculine notamment. Et dans cette s\u00e9rie de dossiers, que Mat\u00e9riel Relooking a d\u00e9cid\u00e9 de consacrer aux clientes et clients des conseill\u00e8res en image, force est de constater que le Relooking n\u2019a pas d\u2019\u00e2ge et qu\u2019il n\u2019est plus r\u00e9serv\u00e9 aux jeunes femmes. L\u2019\u00e2ge, un aspect incontournable pour soigner son image Dans une soci\u00e9t\u00e9 o\u00f9 l\u2019image est devenue omnipr\u00e9sente, l\u2019\u00e2ge n\u2019est plus, comme cela a pu \u00eatre le cas par le pass\u00e9, consid\u00e9r\u00e9 comme une fatalit\u00e9 mais devient, au contraire, la preuve d\u2019une exp\u00e9rience et d\u2019une maturit\u00e9. Aussi, lorsque vous accompagnez des personnes \u00e0 changer et \/ ou \u00e0 soigner leur image, vous tenez compte de cette exp\u00e9rience, en cherchant \u00e0 la mettre en avant. L\u2019apparence ne sera pas forc\u00e9ment la m\u00eame \u00e0 20 ans qu\u2019\u00e0 40 ans, mais elle devra toujours s\u2019inscrire dans la mise en avant de la personnalit\u00e9 de vos clientes et de vos clients. C\u2019est une force suppl\u00e9mentaire que de pouvoir rester au plus pr\u00e8s des attentes et des envies de chacune et de chacun. Et \u00e0 40, 50 ou m\u00eame 60 ans, l\u2019envie de s\u00e9duire et d\u2019\u00a0\u00bbattirer l\u2019\u0153il\u00a0\u00bb ne perdent en rien de leur importance. Le Relooking, une fa\u00e7on moderne de c\u00e9l\u00e9brer la F\u00eate des Grands-m\u00e8res Que vous exerciez vos talents de conseill\u00e8re en image dans un Institut de beaut\u00e9 ou que vous interveniez en tant que Coach en Image \u00e0 domicile, vous n\u2019avez pas oubli\u00e9, il y a quelques semaines, de communiquer sur la Saint Valentin. Vous souhaitiez faire conna\u00eetre votre expertise aux Valentines et Valentins. Mais avez-vous pens\u00e9 \u00e0 vous adresser aux grands-m\u00e8res, que nous c\u00e9l\u00e9brerons le 04 mars prochain. Nous vous l\u2019avons dit, les m\u0153urs ont chang\u00e9 depuis bien des ann\u00e9es maintenant. Et aujourd\u2019hui, une grand-m\u00e8re peut aussi vouloir prendre soin de son look et de son apparence. Les petits-enfants souhaitent plus que tout que leurs mamies soient heureuses et \u00e9panouies, et un bon cadeau pour une s\u00e9ance de relooking sera une des meilleures mani\u00e8res de r\u00e9concilier toutes les g\u00e9n\u00e9rations. Et vous, communiquez-vous \u00e0 destination de cette client\u00e8le plus \u00e2g\u00e9e\u00a0? N\u2019avez-vous pas constat\u00e9 ce changement de comportement vis-\u00e0-vis de l\u2019image et de l\u2019apparence\u00a0?<\/p>\n","protected":false},"author":2,"featured_media":417690,"comment_status":"closed","ping_status":"closed","sticky":false,"template":"","format":"standard","meta":{"spay_email":"","jetpack_publicize_message":"","jetpack_is_tweetstorm":false,"jetpack_publicize_feature_enabled":true},"categories":[5],"tags":[],"yoast_head":"<!-- This site is optimized with the Yoast SEO plugin v18.1 - https:\/\/yoast.com\/wordpress\/plugins\/seo\/ -->\n<title>Le relooking n\u2019a pas d\u2019\u00e2ge alors vive les conseill\u00e8res en images !<\/title>\n<meta name=\"description\" content=\"Avec la f\u00eate des grands-m\u00e8res qui s\u2019annonce ce dimanche 4 mars, les coach et conseill\u00e8res en images doivent aussi r\u00e9pondre aux attentes des femmes d\u2019exp\u00e9rience\" \/>\n<meta name=\"robots\" content=\"index, follow, max-snippet:-1, max-image-preview:large, max-video-preview:-1\" \/>\n<link rel=\"canonical\" href=\"https:\/\/www.materiel-relooking.com\/blog\/relooking-na-dage-vive-conseilleres-images\/\" \/>\n<meta property=\"og:locale\" content=\"fr_FR\" \/>\n<meta property=\"og:type\" content=\"article\" \/>\n<meta property=\"og:title\" content=\"Le relooking n\u2019a pas d\u2019\u00e2ge alors vive les conseill\u00e8res en images !\" \/>\n<meta property=\"og:description\" content=\"Avec la f\u00eate des grands-m\u00e8res qui s\u2019annonce ce dimanche 4 mars, les coach et conseill\u00e8res en images doivent aussi r\u00e9pondre aux attentes des femmes d\u2019exp\u00e9rience\" \/>\n<meta property=\"og:url\" content=\"https:\/\/www.materiel-relooking.com\/blog\/relooking-na-dage-vive-conseilleres-images\/\" \/>\n<meta property=\"og:site_name\" content=\"Conseils Relooking - blog Relooking\" \/>\n<meta property=\"article:publisher\" content=\"https:\/\/www.facebook.com\/pages\/Materiel-Relooking\/\" \/>\n<meta property=\"article:published_time\" content=\"2018-03-06T10:08:53+00:00\" \/>\n<meta property=\"article:modified_time\" content=\"2018-03-16T12:20:02+00:00\" \/>\n<meta property=\"og:image\" content=\"https:\/\/i0.wp.com\/www.materiel-relooking.com\/blog\/wp-content\/uploads\/2018\/03\/relooking-femme-agee.jpeg?fit=612%2C408&#038;ssl=1\" \/>\n\t<meta property=\"og:image:width\" content=\"612\" \/>\n\t<meta property=\"og:image:height\" content=\"408\" \/>\n\t<meta property=\"og:image:type\" content=\"image\/jpeg\" \/>\n<meta name=\"twitter:card\" content=\"summary\" \/>\n<meta name=\"twitter:creator\" content=\"@materielrelook\" \/>\n<meta name=\"twitter:site\" content=\"@materielrelook\" \/>\n<meta name=\"twitter:label1\" content=\"\u00c9crit par\" \/>\n\t<meta name=\"twitter:data1\" content=\"Cristina Pedretti\" \/>\n\t<meta name=\"twitter:label2\" content=\"Dur\u00e9e de lecture estim\u00e9e\" \/>\n\t<meta name=\"twitter:data2\" content=\"3 minutes\" \/>\n<script type=\"application\/ld+json\" class=\"yoast-schema-graph\">{\"@context\":\"https:\/\/schema.org\",\"@graph\":[{\"@type\":\"WebSite\",\"@id\":\"https:\/\/www.materiel-relooking.com\/blog\/#website\",\"url\":\"https:\/\/www.materiel-relooking.com\/blog\/\",\"name\":\"Conseils Relooking - blog Relooking\",\"description\":\"Blog des conseils de relooking pour les Conseillers en image, des Coiffeurs, des Esth\u00e9ticiennes,\",\"potentialAction\":[{\"@type\":\"SearchAction\",\"target\":{\"@type\":\"EntryPoint\",\"urlTemplate\":\"https:\/\/www.materiel-relooking.com\/blog\/?s={search_term_string}\"},\"query-input\":\"required name=search_term_string\"}],\"inLanguage\":\"fr-FR\"},{\"@type\":\"ImageObject\",\"@id\":\"https:\/\/www.materiel-relooking.com\/blog\/relooking-na-dage-vive-conseilleres-images\/#primaryimage\",\"inLanguage\":\"fr-FR\",\"url\":\"https:\/\/i0.wp.com\/www.materiel-relooking.com\/blog\/wp-content\/uploads\/2018\/03\/relooking-femme-agee.jpeg?fit=612%2C408&ssl=1\",\"contentUrl\":\"https:\/\/i0.wp.com\/www.materiel-relooking.com\/blog\/wp-content\/uploads\/2018\/03\/relooking-femme-agee.jpeg?fit=612%2C408&ssl=1\",\"width\":612,\"height\":408,\"caption\":\"Un relooking \u00e0 chaque \u00e2ge\"},{\"@type\":\"WebPage\",\"@id\":\"https:\/\/www.materiel-relooking.com\/blog\/relooking-na-dage-vive-conseilleres-images\/#webpage\",\"url\":\"https:\/\/www.materiel-relooking.com\/blog\/relooking-na-dage-vive-conseilleres-images\/\",\"name\":\"Le relooking n\u2019a pas d\u2019\u00e2ge alors vive les conseill\u00e8res en images !\",\"isPartOf\":{\"@id\":\"https:\/\/www.materiel-relooking.com\/blog\/#website\"},\"primaryImageOfPage\":{\"@id\":\"https:\/\/www.materiel-relooking.com\/blog\/relooking-na-dage-vive-conseilleres-images\/#primaryimage\"},\"datePublished\":\"2018-03-06T10:08:53+00:00\",\"dateModified\":\"2018-03-16T12:20:02+00:00\",\"author\":{\"@id\":\"https:\/\/www.materiel-relooking.com\/blog\/#\/schema\/person\/649eb71a49ea802d5d397139a2ddf665\"},\"description\":\"Avec la f\u00eate des grands-m\u00e8res qui s\u2019annonce ce dimanche 4 mars, les coach et conseill\u00e8res en images doivent aussi r\u00e9pondre aux attentes des femmes d\u2019exp\u00e9rience\",\"breadcrumb\":{\"@id\":\"https:\/\/www.materiel-relooking.com\/blog\/relooking-na-dage-vive-conseilleres-images\/#breadcrumb\"},\"inLanguage\":\"fr-FR\",\"potentialAction\":[{\"@type\":\"ReadAction\",\"target\":[\"https:\/\/www.materiel-relooking.com\/blog\/relooking-na-dage-vive-conseilleres-images\/\"]}]},{\"@type\":\"BreadcrumbList\",\"@id\":\"https:\/\/www.materiel-relooking.com\/blog\/relooking-na-dage-vive-conseilleres-images\/#breadcrumb\",\"itemListElement\":[{\"@type\":\"ListItem\",\"position\":1,\"name\":\"Accueil\",\"item\":\"https:\/\/www.materiel-relooking.com\/blog\/\"},{\"@type\":\"ListItem\",\"position\":2,\"name\":\"Les Astuces du Relooking\",\"item\":\"https:\/\/www.materiel-relooking.com\/blog\/category\/les-astuces-du-relooking\/\"},{\"@type\":\"ListItem\",\"position\":3,\"name\":\"Le relooking n\u2019a pas d\u2019\u00e2ge alors vive les conseill\u00e8res en images !\"}]},{\"@type\":\"Person\",\"@id\":\"https:\/\/www.materiel-relooking.com\/blog\/#\/schema\/person\/649eb71a49ea802d5d397139a2ddf665\",\"name\":\"Cristina Pedretti\",\"image\":{\"@type\":\"ImageObject\",\"@id\":\"https:\/\/www.materiel-relooking.com\/blog\/#personlogo\",\"inLanguage\":\"fr-FR\",\"url\":\"https:\/\/i0.wp.com\/www.materiel-relooking.com\/blog\/wp-content\/uploads\/2015\/01\/cris.jpg?fit=72%2C96&ssl=1\",\"contentUrl\":\"https:\/\/i0.wp.com\/www.materiel-relooking.com\/blog\/wp-content\/uploads\/2015\/01\/cris.jpg?fit=72%2C96&ssl=1\",\"caption\":\"Cristina Pedretti\"},\"description\":\"Dipl\u00f4m\u00e9e de l\u2019\u00e9cole des Beaux-arts et de la C.S de la Haute Couture de Paris, Conseill\u00e8re en Image pour la personne depuis 1999.\"}]}<\/script>\n<!-- \/ Yoast SEO plugin. -->","yoast_head_json":{"title":"Le relooking n\u2019a pas d\u2019\u00e2ge alors vive les conseill\u00e8res en images !","description":"Avec la f\u00eate des grands-m\u00e8res qui s\u2019annonce ce dimanche 4 mars, les coach et conseill\u00e8res en images doivent aussi r\u00e9pondre aux attentes des femmes d\u2019exp\u00e9rience","robots":{"index":"index","follow":"follow","max-snippet":"max-snippet:-1","max-image-preview":"max-image-preview:large","max-video-preview":"max-video-preview:-1"},"canonical":"https:\/\/www.materiel-relooking.com\/blog\/relooking-na-dage-vive-conseilleres-images\/","og_locale":"fr_FR","og_type":"article","og_title":"Le relooking n\u2019a pas d\u2019\u00e2ge alors vive les conseill\u00e8res en images !","og_description":"Avec la f\u00eate des grands-m\u00e8res qui s\u2019annonce ce dimanche 4 mars, les coach et conseill\u00e8res en images doivent aussi r\u00e9pondre aux attentes des femmes d\u2019exp\u00e9rience","og_url":"https:\/\/www.materiel-relooking.com\/blog\/relooking-na-dage-vive-conseilleres-images\/","og_site_name":"Conseils Relooking - blog Relooking","article_publisher":"https:\/\/www.facebook.com\/pages\/Materiel-Relooking\/","article_published_time":"2018-03-06T10:08:53+00:00","article_modified_time":"2018-03-16T12:20:02+00:00","og_image":[{"width":612,"height":408,"url":"https:\/\/i0.wp.com\/www.materiel-relooking.com\/blog\/wp-content\/uploads\/2018\/03\/relooking-femme-agee.jpeg?fit=612%2C408&ssl=1","type":"image\/jpeg"}],"twitter_card":"summary","twitter_creator":"@materielrelook","twitter_site":"@materielrelook","twitter_misc":{"\u00c9crit par":"Cristina Pedretti","Dur\u00e9e de lecture estim\u00e9e":"3 minutes"},"schema":{"@context":"https:\/\/schema.org","@graph":[{"@type":"WebSite","@id":"https:\/\/www.materiel-relooking.com\/blog\/#website","url":"https:\/\/www.materiel-relooking.com\/blog\/","name":"Conseils Relooking - blog Relooking","description":"Blog des conseils de relooking pour les Conseillers en image, des Coiffeurs, des Esth\u00e9ticiennes,","potentialAction":[{"@type":"SearchAction","target":{"@type":"EntryPoint","urlTemplate":"https:\/\/www.materiel-relooking.com\/blog\/?s={search_term_string}"},"query-input":"required name=search_term_string"}],"inLanguage":"fr-FR"},{"@type":"ImageObject","@id":"https:\/\/www.materiel-relooking.com\/blog\/relooking-na-dage-vive-conseilleres-images\/#primaryimage","inLanguage":"fr-FR","url":"https:\/\/i0.wp.com\/www.materiel-relooking.com\/blog\/wp-content\/uploads\/2018\/03\/relooking-femme-agee.jpeg?fit=612%2C408&ssl=1","contentUrl":"https:\/\/i0.wp.com\/www.materiel-relooking.com\/blog\/wp-content\/uploads\/2018\/03\/relooking-femme-agee.jpeg?fit=612%2C408&ssl=1","width":612,"height":408,"caption":"Un relooking \u00e0 chaque \u00e2ge"},{"@type":"WebPage","@id":"https:\/\/www.materiel-relooking.com\/blog\/relooking-na-dage-vive-conseilleres-images\/#webpage","url":"https:\/\/www.materiel-relooking.com\/blog\/relooking-na-dage-vive-conseilleres-images\/","name":"Le relooking n\u2019a pas d\u2019\u00e2ge alors vive les conseill\u00e8res en images !","isPartOf":{"@id":"https:\/\/www.materiel-relooking.com\/blog\/#website"},"primaryImageOfPage":{"@id":"https:\/\/www.materiel-relooking.com\/blog\/relooking-na-dage-vive-conseilleres-images\/#primaryimage"},"datePublished":"2018-03-06T10:08:53+00:00","dateModified":"2018-03-16T12:20:02+00:00","author":{"@id":"https:\/\/www.materiel-relooking.com\/blog\/#\/schema\/person\/649eb71a49ea802d5d397139a2ddf665"},"description":"Avec la f\u00eate des grands-m\u00e8res qui s\u2019annonce ce dimanche 4 mars, les coach et conseill\u00e8res en images doivent aussi r\u00e9pondre aux attentes des femmes d\u2019exp\u00e9rience","breadcrumb":{"@id":"https:\/\/www.materiel-relooking.com\/blog\/relooking-na-dage-vive-conseilleres-images\/#breadcrumb"},"inLanguage":"fr-FR","potentialAction":[{"@type":"ReadAction","target":["https:\/\/www.materiel-relooking.com\/blog\/relooking-na-dage-vive-conseilleres-images\/"]}]},{"@type":"BreadcrumbList","@id":"https:\/\/www.materiel-relooking.com\/blog\/relooking-na-dage-vive-conseilleres-images\/#breadcrumb","itemListElement":[{"@type":"ListItem","position":1,"name":"Accueil","item":"https:\/\/www.materiel-relooking.com\/blog\/"},{"@type":"ListItem","position":2,"name":"Les Astuces du Relooking","item":"https:\/\/www.materiel-relooking.com\/blog\/category\/les-astuces-du-relooking\/"},{"@type":"ListItem","position":3,"name":"Le relooking n\u2019a pas d\u2019\u00e2ge alors vive les conseill\u00e8res en images !"}]},{"@type":"Person","@id":"https:\/\/www.materiel-relooking.com\/blog\/#\/schema\/person\/649eb71a49ea802d5d397139a2ddf665","name":"Cristina Pedretti","image":{"@type":"ImageObject","@id":"https:\/\/www.materiel-relooking.com\/blog\/#personlogo","inLanguage":"fr-FR","url":"https:\/\/i0.wp.com\/www.materiel-relooking.com\/blog\/wp-content\/uploads\/2015\/01\/cris.jpg?fit=72%2C96&ssl=1","contentUrl":"https:\/\/i0.wp.com\/www.materiel-relooking.com\/blog\/wp-content\/uploads\/2015\/01\/cris.jpg?fit=72%2C96&ssl=1","caption":"Cristina Pedretti"},"description":"Dipl\u00f4m\u00e9e de l\u2019\u00e9cole des Beaux-arts et de la C.S de la Haute Couture de Paris, Conseill\u00e8re en Image pour la personne depuis 1999."}]}},"jetpack_featured_media_url":"https:\/\/i0.wp.com\/www.materiel-relooking.com\/blog\/wp-content\/uploads\/2018\/03\/relooking-femme-agee.jpeg?fit=612%2C408&ssl=1","jetpack_publicize_connections":[],"jetpack_sharing_enabled":true,"jetpack_shortlink":"https:\/\/wp.me\/p6KybK-1KEV","jetpack-related-posts":[{"id":417694,"url":"https:\/\/www.materiel-relooking.com\/blog\/relooking-show-conseilleres-image-jubilent\/","url_meta":{"origin":417689,"position":0},"title":"Quand le relooking fait son show, les conseill\u00e8res en image jubilent !","date":"26 mars 2018","format":false,"excerpt":"Quand le relooking fait son show, les conseill\u00e8res en image jubilent\u00a0! En quelques ann\u00e9es, la t\u00e9l\u00e9vision a offert un nouvel espace pour qui veut comprendre l\u2019expertise et le savoir-faire des relookeuses et autres conseill\u00e8res en images. C\u2019est toute une profession, qui est port\u00e9e par cette nouvelle tendance. Le relooking, un\u2026","rel":"","context":"Dans &quot;Les M\u00e9thodes du Relooking&quot;","img":{"alt_text":"Quand le relooking fait son show, les conseill\u00e8res en image jubilent !","src":"https:\/\/i0.wp.com\/www.materiel-relooking.com\/blog\/wp-content\/uploads\/2018\/03\/relooking-television.jpeg?fit=612%2C408&ssl=1&resize=350%2C200","width":350,"height":200},"classes":[]},{"id":417705,"url":"https:\/\/www.materiel-relooking.com\/blog\/relooking-devenait-atout-vie-professionnelle\/","url_meta":{"origin":417689,"position":1},"title":"Et si le relooking devenait un atout pour la vie professionnelle !","date":"23 avril 2018","format":false,"excerpt":"Et si le relooking devenait un atout pour la vie professionnelle\u00a0! On parle souvent de s\u00e9duction et d\u2019apparence, lorsque l\u2019on \u00e9voque l\u2019activit\u00e9 des Relookeuses et des conseill\u00e8res en image. Pourtant, le relooking est aussi une mani\u00e8re d\u2019atteindre plus ais\u00e9ment les objectifs, que nous nous fixons, sur un plan purement professionnel.\u2026","rel":"","context":"Dans &quot;Les M\u00e9thodes du Relooking&quot;","img":{"alt_text":"relooking devenait un atout pour la vie professionnelle","src":"https:\/\/i0.wp.com\/www.materiel-relooking.com\/blog\/wp-content\/uploads\/2018\/04\/relooking-devenait-un-atout-pour-la-vie-professionnelle.jpeg?fit=612%2C408&ssl=1&resize=350%2C200","width":350,"height":200},"classes":[]},{"id":417685,"url":"https:\/\/www.materiel-relooking.com\/blog\/relooking-travail-soi-image-a-destination-de\/","url_meta":{"origin":417689,"position":2},"title":"Le Relooking, un travail sur soi et son image \u00e0 destination de qui ?","date":"12 f\u00e9vrier 2018","format":false,"excerpt":"Le Relooking, un travail sur soi et son image \u00e0 destination de qui\u00a0? Sp\u00e9cialiste de la beaut\u00e9, la Relookeuse ou la coach en image est avant tout une professionnelle, qui se doit de d\u00e9velopper son activit\u00e9. Et pour cela, elle se doit de bien connaitre sa client\u00e8le. Alors \u00e0 qui\u2026","rel":"","context":"Dans &quot;Les Astuces du Relooking&quot;","img":{"alt_text":"Le Relooking, un travail sur soi et son image","src":"https:\/\/i0.wp.com\/www.materiel-relooking.com\/blog\/wp-content\/uploads\/2018\/02\/le-Relooking-un-travail-sur-soi.jpg?fit=600%2C400&ssl=1&resize=350%2C200","width":350,"height":200},"classes":[]},{"id":417885,"url":"https:\/\/www.materiel-relooking.com\/blog\/faire-penser-relooking-fete-peres\/","url_meta":{"origin":417689,"position":3},"title":"Comment faire penser au Relooking pour la f\u00eate des P\u00e8res ?","date":"12 juin 2018","format":"aside","excerpt":"Comment faire penser au Relooking pour la f\u00eate des P\u00e8res\u00a0? Look et apparence ne sont pas des pr\u00e9occupations exclusivement f\u00e9minines, m\u00eame si il existe encore un grand nombre d\u2019id\u00e9es re\u00e7ues en la mati\u00e8re. Le 17 juin, la F\u00eate des P\u00e8res sera une occasion pour vous faire connaitre aupr\u00e8s d\u2019un nouveau\u2026","rel":"","context":"Dans &quot;L'actualit\u00e9 du Relooking&quot;","img":{"alt_text":"Comment faire penser au Relooking pour la f\u00eate des P\u00e8res ?","src":"https:\/\/i0.wp.com\/www.materiel-relooking.com\/blog\/wp-content\/uploads\/2018\/06\/fetes-des-peres-relooking.jpg?fit=1170%2C792&ssl=1&resize=350%2C200","width":350,"height":200},"classes":[]},{"id":417713,"url":"https:\/\/www.materiel-relooking.com\/blog\/relooking-a-lhonneur-a-fete-meres\/","url_meta":{"origin":417689,"position":4},"title":"Pourquoi et comment le relooking est \u00e0 l\u2019honneur \u00e0 la f\u00eate des M\u00e8res ?","date":"22 mai 2018","format":false,"excerpt":"Pourquoi et comment le relooking est \u00e0 l\u2019honneur \u00e0 la f\u00eate des M\u00e8res\u00a0? Temps fort du calendrier commercial, la f\u00eate des m\u00e8res reste une date, pour laquelle les pros du Relooking et les expertes de l\u2019image se mobilisent. C\u2019est l\u2019occasion de s\u2019adresser \u00e0 de nouveaux prospects, \u00e0 condition toutefois de\u2026","rel":"","context":"Dans &quot;Les M\u00e9thodes du Relooking&quot;","img":{"alt_text":"Pourquoi et comment le relooking est \u00e0 l\u2019honneur \u00e0 la f\u00eate des M\u00e8res ?","src":"https:\/\/i0.wp.com\/www.materiel-relooking.com\/blog\/wp-content\/uploads\/2018\/05\/fetes-des-meres-conseil-en-image.jpeg?fit=612%2C408&ssl=1&resize=350%2C200","width":350,"height":200},"classes":[]},{"id":417698,"url":"https:\/\/www.materiel-relooking.com\/blog\/sante-relooking-missions-differentes-objectif-commun\/","url_meta":{"origin":417689,"position":5},"title":"La Sant\u00e9 et le Relooking, des missions diff\u00e9rentes pour un objectif commun !","date":"3 avril 2018","format":false,"excerpt":"La Sant\u00e9 et le Relooking, des missions diff\u00e9rentes pour un objectif commun\u00a0! A l\u2019occasion de la Journ\u00e9e Internationale de la Sant\u00e9, qui sera c\u00e9l\u00e9br\u00e9e le 07 avril, il est passionnant de revenir sur les b\u00e9n\u00e9fices, que peuvent apporter les Relookeuses et les conseill\u00e8res en image, aux patientes et aux patients.\u2026","rel":"","context":"Dans &quot;Les Astuces du Relooking&quot;","img":{"alt_text":"La Sant\u00e9 et le Relooking","src":"https:\/\/i0.wp.com\/www.materiel-relooking.com\/blog\/wp-content\/uploads\/2018\/04\/La-Sante\u0301-the\u0301rapie-le-Relooking.jpeg?fit=612%2C408&ssl=1&resize=350%2C200","width":350,"height":200},"classes":[]}],"amp_enabled":true,"_links":{"self":[{"href":"https:\/\/www.materiel-relooking.com\/blog\/wp-json\/wp\/v2\/posts\/417689"}],"collection":[{"href":"https:\/\/www.materiel-relooking.com\/blog\/wp-json\/wp\/v2\/posts"}],"about":[{"href":"https:\/\/www.materiel-relooking.com\/blog\/wp-json\/wp\/v2\/types\/post"}],"author":[{"embeddable":true,"href":"https:\/\/www.materiel-relooking.com\/blog\/wp-json\/wp\/v2\/users\/2"}],"replies":[{"embeddable":true,"href":"https:\/\/www.materiel-relooking.com\/blog\/wp-json\/wp\/v2\/comments?post=417689"}],"version-history":[{"count":1,"href":"https:\/\/www.materiel-relooking.com\/blog\/wp-json\/wp\/v2\/posts\/417689\/revisions"}],"predecessor-version":[{"id":417691,"href":"https:\/\/www.materiel-relooking.com\/blog\/wp-json\/wp\/v2\/posts\/417689\/revisions\/417691"}],"wp:featuredmedia":[{"embeddable":true,"href":"https:\/\/www.materiel-relooking.com\/blog\/wp-json\/wp\/v2\/media\/417690"}],"wp:attachment":[{"href":"https:\/\/www.materiel-relooking.com\/blog\/wp-json\/wp\/v2\/media?parent=417689"}],"wp:term":[{"taxonomy":"category","embeddable":true,"href":"https:\/\/www.materiel-relooking.com\/blog\/wp-json\/wp\/v2\/categories?post=417689"},{"taxonomy":"post_tag","embeddable":true,"href":"https:\/\/www.materiel-relooking.com\/blog\/wp-json\/wp\/v2\/tags?post=417689"}],"curies":[{"name":"wp","href":"https:\/\/api.w.org\/{rel}","templated":true}]}}