{"id":417698,"date":"2018-04-03T10:32:24","date_gmt":"2018-04-03T10:32:24","guid":{"rendered":"https:\/\/www.materiel-relooking.com\/blog\/?p=417698"},"modified":"2018-04-03T10:32:24","modified_gmt":"2018-04-03T10:32:24","slug":"sante-relooking-missions-differentes-objectif-commun","status":"publish","type":"post","link":"https:\/\/www.materiel-relooking.com\/blog\/sante-relooking-missions-differentes-objectif-commun\/","title":{"rendered":"La Sant\u00e9 et le Relooking, des missions diff\u00e9rentes pour un objectif commun !"},"content":{"rendered":"<h1><strong>La Sant\u00e9 et le Relooking, des missions diff\u00e9rentes pour un objectif commun\u00a0!<\/strong><\/h1>\n<p><strong><em>A l\u2019occasion de la Journ\u00e9e Internationale de la Sant\u00e9, qui sera c\u00e9l\u00e9br\u00e9e le 07 avril, il est passionnant de revenir sur les b\u00e9n\u00e9fices, que peuvent apporter les Relookeuses et les conseill\u00e8res en image, aux patientes et aux patients. <\/em><\/strong><\/p>\n<h2><strong>Le relooking, une passion qui se g\u00e9n\u00e9ralise dans nos soci\u00e9t\u00e9s modernes <\/strong><\/h2>\n<p>Les fashionitas en sont friandes, et elles sont nombreuses \u00e0 vous appeler pour une s\u00e9ance de coaching pour soigner leur look et leur apparence ou \u00e0 pousser la porte de votre institut de relooking et de beaut\u00e9. Pourtant, il serait r\u00e9ducteur de consid\u00e9rer le relooking comme une passion des adeptes de la mode et de ses derni\u00e8res tendances. M\u00eame si le grand public d\u00e9couvre avec bonheur l\u2019expertise des <a href=\"https:\/\/materiel-relooking.com\/blog\/relooking-show-conseilleres-image-jubilent\/\"><strong>professionnelles du relooking \u00e0 la t\u00e9l\u00e9vision ou sur Internet,<\/strong><\/a> les <strong>conseill\u00e8res en image et autres Relookeuses<\/strong> ont bien d\u2019autres cordes \u00e0 leur arc. Elles ne sont pas l\u00e0 uniquement pour attirer celles d\u00e9croch\u00e9es par Cupidon.\u00a0\u00a0 En aidant chacune et chacun \u00e0 soigner son apparence, notamment avec les diagnostics colorim\u00e9triques et <a href=\"https:\/\/www.materiel-relooking.com\/fr\/5-drapage-relooking\"><strong>autres s\u00e9ances de draping<\/strong><\/a> , les coachs en relooking accompagnent aussi les femmes et les hommes en recherche d\u2019emploi. Car l\u2019apparence ne se limite pas -et c\u2019est encore plus vrai aujourd\u2019hui \u00e0 ne \u00e9poque o\u00f9 l\u2019image est omnipr\u00e9sente \u2013 \u00e0 la s\u00e9duction, mais devient un argument de poids quand il s\u2019agit de <strong>d\u00e9crocher le boulot de ses r\u00eaves ou de r\u00e9orienter sa carri\u00e8re professionnelle.<\/strong> Il suffit pour s\u2019en convaincre de visiter un salon pour l\u2019emploi, et de constater qu\u2019\u00e0 c\u00f4t\u00e9 des stands d\u2019aide \u00e0 la r\u00e9daction de CV se trouvent de plus en plus souvent des espaces pour prendre soin de son image.<\/p>\n<h2><strong>Quand la beaut\u00e9 et le relooking s\u2019invitent dans l\u2019univers de la sant\u00e9<\/strong><\/h2>\n<p>Et cet accompagnement des professionnelles de l\u2019image et de l\u2019apparence p\u00e9n\u00e8tre aussi, de plus en plus, l\u2019univers m\u00e9dical. Les <strong>socio esth\u00e9ticiennes<\/strong> en restent un des exemples les plus embl\u00e9matiques, en accompagnant les malades \u00e0 retrouver ou \u00e0 conforter leur confiance en soi. Et cette confiance passe aussi par l\u2019apparence et le look. C\u2019est pourquoi, la <strong>Journ\u00e9e Mondiale de la Sant\u00e9<\/strong>, programm\u00e9 chaque 7 avril par l\u2019Organisation Mondiale de la Sant\u00e9 (OMS), sera l\u2019occasion de nombreuses manifestations, dont certaines auront pour t\u00e2che de faire conna\u00eetre les b\u00e9n\u00e9fices du relooking pour les malades.<\/p>\n<p>Car les patients des h\u00f4pitaux et des cliniques cherchent aussi \u00e0 se d\u00e9barrasser de ce statut de malade, qui leur colle \u00e0 la peau. Ils restent avant tout des personnalit\u00e9s, qui cherchent \u00e0 mettre en avant leur individualit\u00e9, leur personnalit\u00e9, \u2026.Et quoi de mieux pour y parvenir que de prendre soin de son apparence et de renvoyer une image conforme \u00e0 celle, qu\u2019ils veulent endosser au quotidien. C\u2019est en cela, que le relooking peut r\u00e9pondre \u00e0 leurs attentes et que les <strong>conseill\u00e8res en image comme les esth\u00e9ticiennes ont toute leur place dans le parcours de soins.<\/strong><\/p>\n<p><strong><em>Et vous, d\u00e9j\u00e0 convaincue des bienfaits du relooking pour les malades\u00a0? Partagez vos exp\u00e9riences en la mati\u00e8re avec l\u2019\u00e9quipe de Mat\u00e9riel Relooking\u00a0!<\/em><\/strong><\/p>\n","protected":false},"excerpt":{"rendered":"<p>La Sant\u00e9 et le Relooking, des missions diff\u00e9rentes pour un objectif commun\u00a0! A l\u2019occasion de la Journ\u00e9e Internationale de la Sant\u00e9, qui sera c\u00e9l\u00e9br\u00e9e le 07 avril, il est passionnant de revenir sur les b\u00e9n\u00e9fices, que peuvent apporter les Relookeuses et les conseill\u00e8res en image, aux patientes et aux patients. Le relooking, une passion qui se g\u00e9n\u00e9ralise dans nos soci\u00e9t\u00e9s modernes Les fashionitas en sont friandes, et elles sont nombreuses \u00e0 vous appeler pour une s\u00e9ance de coaching pour soigner leur look et leur apparence ou \u00e0 pousser la porte de votre institut de relooking et de beaut\u00e9. Pourtant, il serait r\u00e9ducteur de consid\u00e9rer le relooking comme une passion des adeptes de la mode et de ses derni\u00e8res tendances. M\u00eame si le grand public d\u00e9couvre avec bonheur l\u2019expertise des professionnelles du relooking \u00e0 la t\u00e9l\u00e9vision ou sur Internet, les conseill\u00e8res en image et autres Relookeuses ont bien d\u2019autres cordes \u00e0 leur arc. Elles ne sont pas l\u00e0 uniquement pour attirer celles d\u00e9croch\u00e9es par Cupidon.\u00a0\u00a0 En aidant chacune et chacun \u00e0 soigner son apparence, notamment avec les diagnostics colorim\u00e9triques et autres s\u00e9ances de draping , les coachs en relooking accompagnent aussi les femmes et les hommes en recherche d\u2019emploi. Car l\u2019apparence ne se limite pas -et c\u2019est encore plus vrai aujourd\u2019hui \u00e0 ne \u00e9poque o\u00f9 l\u2019image est omnipr\u00e9sente \u2013 \u00e0 la s\u00e9duction, mais devient un argument de poids quand il s\u2019agit de d\u00e9crocher le boulot de ses r\u00eaves ou de r\u00e9orienter sa carri\u00e8re professionnelle. Il suffit pour s\u2019en convaincre de visiter un salon pour l\u2019emploi, et de constater qu\u2019\u00e0 c\u00f4t\u00e9 des stands d\u2019aide \u00e0 la r\u00e9daction de CV se trouvent de plus en plus souvent des espaces pour prendre soin de son image. Quand la beaut\u00e9 et le relooking s\u2019invitent dans l\u2019univers de la sant\u00e9 Et cet accompagnement des professionnelles de l\u2019image et de l\u2019apparence p\u00e9n\u00e8tre aussi, de plus en plus, l\u2019univers m\u00e9dical. Les socio esth\u00e9ticiennes en restent un des exemples les plus embl\u00e9matiques, en accompagnant les malades \u00e0 retrouver ou \u00e0 conforter leur confiance en soi. Et cette confiance passe aussi par l\u2019apparence et le look. C\u2019est pourquoi, la Journ\u00e9e Mondiale de la Sant\u00e9, programm\u00e9 chaque 7 avril par l\u2019Organisation Mondiale de la Sant\u00e9 (OMS), sera l\u2019occasion de nombreuses manifestations, dont certaines auront pour t\u00e2che de faire conna\u00eetre les b\u00e9n\u00e9fices du relooking pour les malades. Car les patients des h\u00f4pitaux et des cliniques cherchent aussi \u00e0 se d\u00e9barrasser de ce statut de malade, qui leur colle \u00e0 la peau. Ils restent avant tout des personnalit\u00e9s, qui cherchent \u00e0 mettre en avant leur individualit\u00e9, leur personnalit\u00e9, \u2026.Et quoi de mieux pour y parvenir que de prendre soin de son apparence et de renvoyer une image conforme \u00e0 celle, qu\u2019ils veulent endosser au quotidien. C\u2019est en cela, que le relooking peut r\u00e9pondre \u00e0 leurs attentes et que les conseill\u00e8res en image comme les esth\u00e9ticiennes ont toute leur place dans le parcours de soins. Et vous, d\u00e9j\u00e0 convaincue des bienfaits du relooking pour les malades\u00a0? Partagez vos exp\u00e9riences en la mati\u00e8re avec l\u2019\u00e9quipe de Mat\u00e9riel Relooking\u00a0!<\/p>\n","protected":false},"author":2,"featured_media":417699,"comment_status":"closed","ping_status":"closed","sticky":false,"template":"","format":"standard","meta":{"spay_email":"","jetpack_publicize_message":"","jetpack_is_tweetstorm":false,"jetpack_publicize_feature_enabled":true},"categories":[5],"tags":[],"yoast_head":"<!-- This site is optimized with the Yoast SEO plugin v18.1 - https:\/\/yoast.com\/wordpress\/plugins\/seo\/ -->\n<title>La Sant\u00e9 et le Relooking, des missions diff\u00e9rentes pour un objectif commun !<\/title>\n<meta name=\"description\" content=\"Avec la journ\u00e9e de la Sant\u00e9 qui s\u2019annonce le 07 avril prochain, le relooking revient sur le devant de la sc\u00e8ne. Les conseill\u00e8res et coachs en relooking peuvent en effet accompagner les malades pour qu\u2019ils retrouvent une certaine confiance en soi. Un accompagnement essentiel pour les patients comme pour les Relookeuses.\" \/>\n<meta name=\"robots\" content=\"index, follow, max-snippet:-1, max-image-preview:large, max-video-preview:-1\" \/>\n<link rel=\"canonical\" href=\"https:\/\/www.materiel-relooking.com\/blog\/sante-relooking-missions-differentes-objectif-commun\/\" \/>\n<meta property=\"og:locale\" content=\"fr_FR\" \/>\n<meta property=\"og:type\" content=\"article\" \/>\n<meta property=\"og:title\" content=\"La Sant\u00e9 et le Relooking, des missions diff\u00e9rentes pour un objectif commun !\" \/>\n<meta property=\"og:description\" content=\"Avec la journ\u00e9e de la Sant\u00e9 qui s\u2019annonce le 07 avril prochain, le relooking revient sur le devant de la sc\u00e8ne. Les conseill\u00e8res et coachs en relooking peuvent en effet accompagner les malades pour qu\u2019ils retrouvent une certaine confiance en soi. Un accompagnement essentiel pour les patients comme pour les Relookeuses.\" \/>\n<meta property=\"og:url\" content=\"https:\/\/www.materiel-relooking.com\/blog\/sante-relooking-missions-differentes-objectif-commun\/\" \/>\n<meta property=\"og:site_name\" content=\"Conseils Relooking - blog Relooking\" \/>\n<meta property=\"article:publisher\" content=\"https:\/\/www.facebook.com\/pages\/Materiel-Relooking\/\" \/>\n<meta property=\"article:published_time\" content=\"2018-04-03T10:32:24+00:00\" \/>\n<meta property=\"og:image\" content=\"https:\/\/i0.wp.com\/www.materiel-relooking.com\/blog\/wp-content\/uploads\/2018\/04\/La-Sante\u0301-the\u0301rapie-le-Relooking.jpeg?fit=612%2C408&#038;ssl=1\" \/>\n\t<meta property=\"og:image:width\" content=\"612\" \/>\n\t<meta property=\"og:image:height\" content=\"408\" \/>\n\t<meta property=\"og:image:type\" content=\"image\/jpeg\" \/>\n<meta name=\"twitter:card\" content=\"summary\" \/>\n<meta name=\"twitter:creator\" content=\"@materielrelook\" \/>\n<meta name=\"twitter:site\" content=\"@materielrelook\" \/>\n<meta name=\"twitter:label1\" content=\"\u00c9crit par\" \/>\n\t<meta name=\"twitter:data1\" content=\"Cristina Pedretti\" \/>\n\t<meta name=\"twitter:label2\" content=\"Dur\u00e9e de lecture estim\u00e9e\" \/>\n\t<meta name=\"twitter:data2\" content=\"3 minutes\" \/>\n<script type=\"application\/ld+json\" class=\"yoast-schema-graph\">{\"@context\":\"https:\/\/schema.org\",\"@graph\":[{\"@type\":\"WebSite\",\"@id\":\"https:\/\/www.materiel-relooking.com\/blog\/#website\",\"url\":\"https:\/\/www.materiel-relooking.com\/blog\/\",\"name\":\"Conseils Relooking - blog Relooking\",\"description\":\"Blog des conseils de relooking pour les Conseillers en image, des Coiffeurs, des Esth\u00e9ticiennes,\",\"potentialAction\":[{\"@type\":\"SearchAction\",\"target\":{\"@type\":\"EntryPoint\",\"urlTemplate\":\"https:\/\/www.materiel-relooking.com\/blog\/?s={search_term_string}\"},\"query-input\":\"required name=search_term_string\"}],\"inLanguage\":\"fr-FR\"},{\"@type\":\"ImageObject\",\"@id\":\"https:\/\/www.materiel-relooking.com\/blog\/sante-relooking-missions-differentes-objectif-commun\/#primaryimage\",\"inLanguage\":\"fr-FR\",\"url\":\"https:\/\/i0.wp.com\/www.materiel-relooking.com\/blog\/wp-content\/uploads\/2018\/04\/La-Sante\u0301-the\u0301rapie-le-Relooking.jpeg?fit=612%2C408&ssl=1\",\"contentUrl\":\"https:\/\/i0.wp.com\/www.materiel-relooking.com\/blog\/wp-content\/uploads\/2018\/04\/La-Sante\u0301-the\u0301rapie-le-Relooking.jpeg?fit=612%2C408&ssl=1\",\"width\":612,\"height\":408,\"caption\":\"La Sant\u00e9 et le Relooking\"},{\"@type\":\"WebPage\",\"@id\":\"https:\/\/www.materiel-relooking.com\/blog\/sante-relooking-missions-differentes-objectif-commun\/#webpage\",\"url\":\"https:\/\/www.materiel-relooking.com\/blog\/sante-relooking-missions-differentes-objectif-commun\/\",\"name\":\"La Sant\u00e9 et le Relooking, des missions diff\u00e9rentes pour un objectif commun !\",\"isPartOf\":{\"@id\":\"https:\/\/www.materiel-relooking.com\/blog\/#website\"},\"primaryImageOfPage\":{\"@id\":\"https:\/\/www.materiel-relooking.com\/blog\/sante-relooking-missions-differentes-objectif-commun\/#primaryimage\"},\"datePublished\":\"2018-04-03T10:32:24+00:00\",\"dateModified\":\"2018-04-03T10:32:24+00:00\",\"author\":{\"@id\":\"https:\/\/www.materiel-relooking.com\/blog\/#\/schema\/person\/649eb71a49ea802d5d397139a2ddf665\"},\"description\":\"Avec la journ\u00e9e de la Sant\u00e9 qui s\u2019annonce le 07 avril prochain, le relooking revient sur le devant de la sc\u00e8ne. Les conseill\u00e8res et coachs en relooking peuvent en effet accompagner les malades pour qu\u2019ils retrouvent une certaine confiance en soi. Un accompagnement essentiel pour les patients comme pour les Relookeuses.\",\"breadcrumb\":{\"@id\":\"https:\/\/www.materiel-relooking.com\/blog\/sante-relooking-missions-differentes-objectif-commun\/#breadcrumb\"},\"inLanguage\":\"fr-FR\",\"potentialAction\":[{\"@type\":\"ReadAction\",\"target\":[\"https:\/\/www.materiel-relooking.com\/blog\/sante-relooking-missions-differentes-objectif-commun\/\"]}]},{\"@type\":\"BreadcrumbList\",\"@id\":\"https:\/\/www.materiel-relooking.com\/blog\/sante-relooking-missions-differentes-objectif-commun\/#breadcrumb\",\"itemListElement\":[{\"@type\":\"ListItem\",\"position\":1,\"name\":\"Accueil\",\"item\":\"https:\/\/www.materiel-relooking.com\/blog\/\"},{\"@type\":\"ListItem\",\"position\":2,\"name\":\"Les Astuces du Relooking\",\"item\":\"https:\/\/www.materiel-relooking.com\/blog\/category\/les-astuces-du-relooking\/\"},{\"@type\":\"ListItem\",\"position\":3,\"name\":\"La Sant\u00e9 et le Relooking, des missions diff\u00e9rentes pour un objectif commun !\"}]},{\"@type\":\"Person\",\"@id\":\"https:\/\/www.materiel-relooking.com\/blog\/#\/schema\/person\/649eb71a49ea802d5d397139a2ddf665\",\"name\":\"Cristina Pedretti\",\"image\":{\"@type\":\"ImageObject\",\"@id\":\"https:\/\/www.materiel-relooking.com\/blog\/#personlogo\",\"inLanguage\":\"fr-FR\",\"url\":\"https:\/\/i0.wp.com\/www.materiel-relooking.com\/blog\/wp-content\/uploads\/2015\/01\/cris.jpg?fit=72%2C96&ssl=1\",\"contentUrl\":\"https:\/\/i0.wp.com\/www.materiel-relooking.com\/blog\/wp-content\/uploads\/2015\/01\/cris.jpg?fit=72%2C96&ssl=1\",\"caption\":\"Cristina Pedretti\"},\"description\":\"Dipl\u00f4m\u00e9e de l\u2019\u00e9cole des Beaux-arts et de la C.S de la Haute Couture de Paris, Conseill\u00e8re en Image pour la personne depuis 1999.\"}]}<\/script>\n<!-- \/ Yoast SEO plugin. -->","yoast_head_json":{"title":"La Sant\u00e9 et le Relooking, des missions diff\u00e9rentes pour un objectif commun !","description":"Avec la journ\u00e9e de la Sant\u00e9 qui s\u2019annonce le 07 avril prochain, le relooking revient sur le devant de la sc\u00e8ne. Les conseill\u00e8res et coachs en relooking peuvent en effet accompagner les malades pour qu\u2019ils retrouvent une certaine confiance en soi. Un accompagnement essentiel pour les patients comme pour les Relookeuses.","robots":{"index":"index","follow":"follow","max-snippet":"max-snippet:-1","max-image-preview":"max-image-preview:large","max-video-preview":"max-video-preview:-1"},"canonical":"https:\/\/www.materiel-relooking.com\/blog\/sante-relooking-missions-differentes-objectif-commun\/","og_locale":"fr_FR","og_type":"article","og_title":"La Sant\u00e9 et le Relooking, des missions diff\u00e9rentes pour un objectif commun !","og_description":"Avec la journ\u00e9e de la Sant\u00e9 qui s\u2019annonce le 07 avril prochain, le relooking revient sur le devant de la sc\u00e8ne. Les conseill\u00e8res et coachs en relooking peuvent en effet accompagner les malades pour qu\u2019ils retrouvent une certaine confiance en soi. Un accompagnement essentiel pour les patients comme pour les Relookeuses.","og_url":"https:\/\/www.materiel-relooking.com\/blog\/sante-relooking-missions-differentes-objectif-commun\/","og_site_name":"Conseils Relooking - blog Relooking","article_publisher":"https:\/\/www.facebook.com\/pages\/Materiel-Relooking\/","article_published_time":"2018-04-03T10:32:24+00:00","og_image":[{"width":612,"height":408,"url":"https:\/\/i0.wp.com\/www.materiel-relooking.com\/blog\/wp-content\/uploads\/2018\/04\/La-Sante\u0301-the\u0301rapie-le-Relooking.jpeg?fit=612%2C408&ssl=1","type":"image\/jpeg"}],"twitter_card":"summary","twitter_creator":"@materielrelook","twitter_site":"@materielrelook","twitter_misc":{"\u00c9crit par":"Cristina Pedretti","Dur\u00e9e de lecture estim\u00e9e":"3 minutes"},"schema":{"@context":"https:\/\/schema.org","@graph":[{"@type":"WebSite","@id":"https:\/\/www.materiel-relooking.com\/blog\/#website","url":"https:\/\/www.materiel-relooking.com\/blog\/","name":"Conseils Relooking - blog Relooking","description":"Blog des conseils de relooking pour les Conseillers en image, des Coiffeurs, des Esth\u00e9ticiennes,","potentialAction":[{"@type":"SearchAction","target":{"@type":"EntryPoint","urlTemplate":"https:\/\/www.materiel-relooking.com\/blog\/?s={search_term_string}"},"query-input":"required name=search_term_string"}],"inLanguage":"fr-FR"},{"@type":"ImageObject","@id":"https:\/\/www.materiel-relooking.com\/blog\/sante-relooking-missions-differentes-objectif-commun\/#primaryimage","inLanguage":"fr-FR","url":"https:\/\/i0.wp.com\/www.materiel-relooking.com\/blog\/wp-content\/uploads\/2018\/04\/La-Sante\u0301-the\u0301rapie-le-Relooking.jpeg?fit=612%2C408&ssl=1","contentUrl":"https:\/\/i0.wp.com\/www.materiel-relooking.com\/blog\/wp-content\/uploads\/2018\/04\/La-Sante\u0301-the\u0301rapie-le-Relooking.jpeg?fit=612%2C408&ssl=1","width":612,"height":408,"caption":"La Sant\u00e9 et le Relooking"},{"@type":"WebPage","@id":"https:\/\/www.materiel-relooking.com\/blog\/sante-relooking-missions-differentes-objectif-commun\/#webpage","url":"https:\/\/www.materiel-relooking.com\/blog\/sante-relooking-missions-differentes-objectif-commun\/","name":"La Sant\u00e9 et le Relooking, des missions diff\u00e9rentes pour un objectif commun !","isPartOf":{"@id":"https:\/\/www.materiel-relooking.com\/blog\/#website"},"primaryImageOfPage":{"@id":"https:\/\/www.materiel-relooking.com\/blog\/sante-relooking-missions-differentes-objectif-commun\/#primaryimage"},"datePublished":"2018-04-03T10:32:24+00:00","dateModified":"2018-04-03T10:32:24+00:00","author":{"@id":"https:\/\/www.materiel-relooking.com\/blog\/#\/schema\/person\/649eb71a49ea802d5d397139a2ddf665"},"description":"Avec la journ\u00e9e de la Sant\u00e9 qui s\u2019annonce le 07 avril prochain, le relooking revient sur le devant de la sc\u00e8ne. Les conseill\u00e8res et coachs en relooking peuvent en effet accompagner les malades pour qu\u2019ils retrouvent une certaine confiance en soi. Un accompagnement essentiel pour les patients comme pour les Relookeuses.","breadcrumb":{"@id":"https:\/\/www.materiel-relooking.com\/blog\/sante-relooking-missions-differentes-objectif-commun\/#breadcrumb"},"inLanguage":"fr-FR","potentialAction":[{"@type":"ReadAction","target":["https:\/\/www.materiel-relooking.com\/blog\/sante-relooking-missions-differentes-objectif-commun\/"]}]},{"@type":"BreadcrumbList","@id":"https:\/\/www.materiel-relooking.com\/blog\/sante-relooking-missions-differentes-objectif-commun\/#breadcrumb","itemListElement":[{"@type":"ListItem","position":1,"name":"Accueil","item":"https:\/\/www.materiel-relooking.com\/blog\/"},{"@type":"ListItem","position":2,"name":"Les Astuces du Relooking","item":"https:\/\/www.materiel-relooking.com\/blog\/category\/les-astuces-du-relooking\/"},{"@type":"ListItem","position":3,"name":"La Sant\u00e9 et le Relooking, des missions diff\u00e9rentes pour un objectif commun !"}]},{"@type":"Person","@id":"https:\/\/www.materiel-relooking.com\/blog\/#\/schema\/person\/649eb71a49ea802d5d397139a2ddf665","name":"Cristina Pedretti","image":{"@type":"ImageObject","@id":"https:\/\/www.materiel-relooking.com\/blog\/#personlogo","inLanguage":"fr-FR","url":"https:\/\/i0.wp.com\/www.materiel-relooking.com\/blog\/wp-content\/uploads\/2015\/01\/cris.jpg?fit=72%2C96&ssl=1","contentUrl":"https:\/\/i0.wp.com\/www.materiel-relooking.com\/blog\/wp-content\/uploads\/2015\/01\/cris.jpg?fit=72%2C96&ssl=1","caption":"Cristina Pedretti"},"description":"Dipl\u00f4m\u00e9e de l\u2019\u00e9cole des Beaux-arts et de la C.S de la Haute Couture de Paris, Conseill\u00e8re en Image pour la personne depuis 1999."}]}},"jetpack_featured_media_url":"https:\/\/i0.wp.com\/www.materiel-relooking.com\/blog\/wp-content\/uploads\/2018\/04\/La-Sante\u0301-the\u0301rapie-le-Relooking.jpeg?fit=612%2C408&ssl=1","jetpack_publicize_connections":[],"jetpack_sharing_enabled":true,"jetpack_shortlink":"https:\/\/wp.me\/p6KybK-1KF4","jetpack-related-posts":[{"id":375584,"url":"https:\/\/www.materiel-relooking.com\/blog\/materiel-relooking-vous-adresse-ses-voeux-de-pleine-reussite\/","url_meta":{"origin":417698,"position":0},"title":"Mat\u00e9riel Relooking vous adresse ses v\u0153ux de pleine r\u00e9ussite","date":"27 d\u00e9cembre 2017","format":false,"excerpt":"Mat\u00e9riel Relooking vous adresse ses v\u0153ux de pleine r\u00e9ussite La p\u00e9riode est traditionnellement marqu\u00e9e par les v\u0153ux de bonne ann\u00e9e, et Mat\u00e9riel Relooking n\u2019\u00e9chappe pas \u00e0 la tradition. Profitons aussi de cette p\u00e9riode si particuli\u00e8re pour bien pr\u00e9parer la nouvelle ann\u00e9e qui s\u2019annonce. Le relooking, une belle promesse pour l\u2019ann\u00e9e\u2026","rel":"","context":"Dans &quot;Mat\u00e9riel conseil en image&quot;","img":{"alt_text":"Le relooking, une belle promesse pour l\u2019ann\u00e9e 2018","src":"https:\/\/i0.wp.com\/www.materiel-relooking.com\/blog\/wp-content\/uploads\/2017\/12\/Le-relooking-une-belle-promesse-pour-l\u2019anne\u0301e-2018-.jpeg?fit=612%2C596&ssl=1&resize=350%2C200","width":350,"height":200},"classes":[]},{"id":357630,"url":"https:\/\/www.materiel-relooking.com\/blog\/cest-noel-avant-lheure-sur-materiel-relooking\/","url_meta":{"origin":417698,"position":1},"title":"C\u2019est No\u00ebl avant l\u2019heure sur Mat\u00e9riel relooking !","date":"11 d\u00e9cembre 2017","format":false,"excerpt":"C\u2019est No\u00ebl avant l\u2019heure sur Mat\u00e9riel relooking\u00a0! En ce mois de d\u00e9cembre 2017, les coiffeuses d\u00e9couvrent avec plaisir les calendriers de l\u2019avent de certaines des grandes marques de produits de coiffure. Les Esth\u00e9ticiennes et les Instituts de beaut\u00e9 profitent de cette atmosph\u00e8re si particuli\u00e8re pour r\u00e9pondre \u00e0 leurs clientes qui\u2026","rel":"","context":"Dans &quot;Astuces beaut\u00e9&quot;","img":{"alt_text":"Le blog de Mat\u00e9riel Relooking","src":"https:\/\/i0.wp.com\/www.materiel-relooking.com\/blog\/wp-content\/uploads\/2017\/12\/le-blog-materiel-relooking.jpeg?fit=612%2C385&ssl=1&resize=350%2C200","width":350,"height":200},"classes":[]},{"id":375614,"url":"https:\/\/www.materiel-relooking.com\/blog\/relooking-2018-promesse-dune-annee-riche-intense\/","url_meta":{"origin":417698,"position":2},"title":"Le Relooking en 2018, la promesse d\u2019une ann\u00e9e riche et intense !","date":"9 janvier 2018","format":false,"excerpt":"Le Relooking en 2018, la promesse d\u2019une ann\u00e9e riche et intense\u00a0! Toute l\u2019\u00e9quipe de Mat\u00e9riel Relooking vous souhaite une belle et heureuse ann\u00e9e 2018. La sant\u00e9, le bonheur, le plaisir et la r\u00e9ussite dans votre activit\u00e9 bien s\u00fbr. Et 2018 s\u2019annonce prometteuse pour les professionnelles de l\u2019image et du relooking,\u2026","rel":"","context":"Dans &quot;Les Astuces du Relooking&quot;","img":{"alt_text":"Le Relooking en 2018, la promesse d\u2019une ann\u00e9e riche et intense !","src":"https:\/\/i0.wp.com\/www.materiel-relooking.com\/blog\/wp-content\/uploads\/2017\/12\/Le-Relooking-en-2018-la-promesse-d\u2019une-anne\u0301e-riche-et-intense-.jpeg?fit=612%2C408&ssl=1&resize=350%2C200","width":350,"height":200},"classes":[]},{"id":417973,"url":"https:\/\/www.materiel-relooking.com\/blog\/no-make-up-une-nouvelle-tendance-du-relooking-moderne\/","url_meta":{"origin":417698,"position":3},"title":"No Make Up, une nouvelle tendance du Relooking moderne ?","date":"13 mai 2019","format":"aside","excerpt":"No Make Up, une nouvelle tendance du Relooking moderne\u00a0? Quel sens doit v\u00e9hiculer le relooking\u00a0? la question taraude les clientes des expertes en image et en beaut\u00e9, et pourtant difficile d\u2019y apporter une r\u00e9ponse pr\u00e9cise et unique. (Re)donner du sens \u00e0 son look et \u00e0 sa beaut\u00e9, n\u2019est-ce pas un\u2026","rel":"","context":"Dans &quot;L'actualit\u00e9 du Relooking&quot;","img":{"alt_text":"Quelle est la finalit\u00e9 du relooking ? En tant que coach en image ou conseill\u00e8re en apparence ou m\u00eame comme maquilleuse, vous avez une r\u00e9ponse pr\u00e9cise. En revanche, vos clientes sont plus ind\u00e9cises. Et pourtant, ne retrouve-t-on pas cette finalit\u00e9 avec les mouvements tendance du \u00ab No Make up \u00bb ?","src":"https:\/\/i0.wp.com\/www.materiel-relooking.com\/blog\/wp-content\/uploads\/2019\/05\/No-Make-Up-une-nouvelle-tendance-du-Relooking-moderne-.jpg?fit=1170%2C792&ssl=1&resize=350%2C200","width":350,"height":200},"classes":[]},{"id":418000,"url":"https:\/\/www.materiel-relooking.com\/blog\/introduction\/","url_meta":{"origin":417698,"position":4},"title":"Le conseil en image r\u00e9invent\u00e9 avec Materiel-Relooking.com : D\u00e9couvrez notre gamme de produits incontournables","date":"27 mars 2023","format":"aside","excerpt":"Vous \u00eates \u00e0 la recherche de mat\u00e9riel de qualit\u00e9 pour d\u00e9velopper votre activit\u00e9 de conseil en image ? Materiel-Relooking.com est la r\u00e9f\u00e9rence en mati\u00e8re de vente en ligne de produits d\u00e9di\u00e9s au relooking. Dans cet article, nous allons explorer notre gamme de produits, incluant le drapage relooking, les nuanciers relooking,\u2026","rel":"","context":"Dans &quot;Non class\u00e9&quot;","img":{"alt_text":"","src":"","width":0,"height":0},"classes":[]},{"id":417881,"url":"https:\/\/www.materiel-relooking.com\/blog\/soin-esthetique-ou-coaching-bien-etre-quelle-nature-veritable-pour-le-relooking\/","url_meta":{"origin":417698,"position":5},"title":"Soin esth\u00e9tique ou coaching bien-\u00eatre, quelle nature v\u00e9ritable pour le Relooking ?","date":"5 juin 2018","format":"aside","excerpt":"Soin esth\u00e9tique ou coaching bien-\u00eatre, quelle nature v\u00e9ritable pour le Relooking\u00a0? Le Relooking est-il un soin esth\u00e9tique que l\u2019on s\u2019offre\u00a0? Ou repr\u00e9sente-t-il un v\u00e9ritable coaching pour se sentir mieux et prendre confiance en soi\u00a0? Ce sont des questions r\u00e9currentes de la part de vos clientes, alors autant savoir ce que\u2026","rel":"","context":"Dans &quot;Les M\u00e9thodes du Relooking&quot;","img":{"alt_text":"Soin esth\u00e9tique ou coaching bien-\u00eatre, quelle nature v\u00e9ritable pour le Relooking ?","src":"https:\/\/i0.wp.com\/www.materiel-relooking.com\/blog\/wp-content\/uploads\/2018\/06\/soin-esthetique-relooking.jpg?fit=1170%2C792&ssl=1&resize=350%2C200","width":350,"height":200},"classes":[]}],"amp_enabled":true,"_links":{"self":[{"href":"https:\/\/www.materiel-relooking.com\/blog\/wp-json\/wp\/v2\/posts\/417698"}],"collection":[{"href":"https:\/\/www.materiel-relooking.com\/blog\/wp-json\/wp\/v2\/posts"}],"about":[{"href":"https:\/\/www.materiel-relooking.com\/blog\/wp-json\/wp\/v2\/types\/post"}],"author":[{"embeddable":true,"href":"https:\/\/www.materiel-relooking.com\/blog\/wp-json\/wp\/v2\/users\/2"}],"replies":[{"embeddable":true,"href":"https:\/\/www.materiel-relooking.com\/blog\/wp-json\/wp\/v2\/comments?post=417698"}],"version-history":[{"count":1,"href":"https:\/\/www.materiel-relooking.com\/blog\/wp-json\/wp\/v2\/posts\/417698\/revisions"}],"predecessor-version":[{"id":417700,"href":"https:\/\/www.materiel-relooking.com\/blog\/wp-json\/wp\/v2\/posts\/417698\/revisions\/417700"}],"wp:featuredmedia":[{"embeddable":true,"href":"https:\/\/www.materiel-relooking.com\/blog\/wp-json\/wp\/v2\/media\/417699"}],"wp:attachment":[{"href":"https:\/\/www.materiel-relooking.com\/blog\/wp-json\/wp\/v2\/media?parent=417698"}],"wp:term":[{"taxonomy":"category","embeddable":true,"href":"https:\/\/www.materiel-relooking.com\/blog\/wp-json\/wp\/v2\/categories?post=417698"},{"taxonomy":"post_tag","embeddable":true,"href":"https:\/\/www.materiel-relooking.com\/blog\/wp-json\/wp\/v2\/tags?post=417698"}],"curies":[{"name":"wp","href":"https:\/\/api.w.org\/{rel}","templated":true}]}}