{"id":417713,"date":"2018-05-22T09:08:39","date_gmt":"2018-05-22T09:08:39","guid":{"rendered":"https:\/\/www.materiel-relooking.com\/blog\/?p=417713"},"modified":"2018-05-22T09:08:39","modified_gmt":"2018-05-22T09:08:39","slug":"relooking-a-lhonneur-a-fete-meres","status":"publish","type":"post","link":"https:\/\/www.materiel-relooking.com\/blog\/relooking-a-lhonneur-a-fete-meres\/","title":{"rendered":"Pourquoi et comment le relooking est \u00e0 l\u2019honneur \u00e0 la f\u00eate des M\u00e8res ?"},"content":{"rendered":"<h1><strong>Pourquoi et comment le relooking est \u00e0 l\u2019honneur \u00e0 la f\u00eate des M\u00e8res\u00a0? <\/strong><\/h1>\n<p><strong><em>Temps fort du calendrier commercial, la f\u00eate des m\u00e8res reste une date, pour laquelle les pros du Relooking et les expertes de l\u2019image se mobilisent. C\u2019est l\u2019occasion de s\u2019adresser \u00e0 de nouveaux prospects, \u00e0 condition toutefois de bien s\u2019y pr\u00e9parer. <\/em><\/strong><\/p>\n<h2><strong>Les conseill\u00e8res en images \u00e0 l\u2019heure de la f\u00eate des m\u00e8res\u00a0! <\/strong><\/h2>\n<p>En tant que conseill\u00e8re en image ou que sp\u00e9cialiste du Relooking, vous cherchez \u00e0 valoriser votre savoir-faire et votre expertise. Vous disposez de comp\u00e9tences, d\u2019une formation et de produits de qualit\u00e9 professionnelle. Pour ces derniers,<a href=\"https:\/\/www.materiel-relooking.com\/fr\/\"><strong> la premi\u00e8re boutique de vente en ligne, Mat\u00e9riel Relooking,<\/strong><\/a> vous accompagne tout au long de l\u2019ann\u00e9e.<\/p>\n<p>Mais disposer du <a href=\"https:\/\/www.materiel-relooking.com\/fr\/39-maquillage-professionnel\"><strong>maquillage professionnel<\/strong><\/a> ou encore des foulards pour r\u00e9aliser vos <strong>prestations de draping relooking<\/strong> ne suffit pas, et vous le savez bien, vous devez vous faire conna\u00eetre, et attirer de nouvelles clientes. Et la f\u00eate des m\u00e8res reste une occasion pour vous ouvrir \u00e0 des femmes, qui n\u2019ont peut-\u00eatre jamais os\u00e9 s\u2019offrir ce temps pour elle\u00a0!<\/p>\n<h2><strong>Prendre soin de son look et de son apparence, un plaisir \u00e0 s\u2019offrir <\/strong><\/h2>\n<p>Et pourtant, <strong>d\u00e9finir son profil en suivant par exemple la m\u00e9thode des 4 saisons<\/strong>, r\u00e9ussir \u00e0 trouver un look qui correspond vraiment \u00e0 sa personnalit\u00e9, apprendre \u00e0 marier et harmoniser les couleurs tout en s\u2019initiant \u00e0 l\u2019art de bien choisir ses tenues vestimentaires, \u2026. Voil\u00e0 autant de domaines, pour lesquels chaque femme et \u00e0 fortiori chaque maman appr\u00e9cie de prendre son temps.<\/p>\n<p>Pourtant, les enfants pensent rarement <strong>offrir une premi\u00e8re s\u00e9ance de relooking \u00e0 leur maman<\/strong>, trop habitu\u00e9s \u00e0 se tourner vers le choix d\u2019un parfum ou la composition d\u2019un bouquet adapt\u00e9. La pro de l\u2019image et du Relooking, que vous \u00eates, n\u2019a donc pas (trop) d\u2019efforts \u00e0 faire pour convaincre les femmes de l\u2019int\u00e9r\u00eat et du plaisir que repr\u00e9sente une <strong>op\u00e9ration Relooking<\/strong> mais doit bien se concentrer sur les arguments \u00e0 souligner pour convaincre les enfants et les papas.<\/p>\n<h2><strong>Pourquoi ne pas offrir un relooking pour la f\u00eate des m\u00e8res\u00a0? <\/strong><\/h2>\n<p>C\u2019est donc \u00e0 vous, les <strong>Relookeuses, les conseill\u00e8res en image et les expertes de l\u2019apparence,<\/strong> qu\u2019il vous appartient de convaincre. Et tout commence, comme toujours, par a n\u00e9cessit\u00e9 de se faire conna\u00eetre. Faire plaisir \u00e0 sa maman reste le mot d\u2019ordre en cette p\u00e9riode, alors prendre conscience que le Relooking n\u2019est pas r\u00e9serv\u00e9 aux autres mais reste accessible \u00e0 chacune sera la premi\u00e8re \u00e9tape. Une journ\u00e9e d\u00e9couverte, des flyers pour expliquer vos prestations, des remises bien s\u00fbr pour rendre le relooking attrayant comme cadeau pour la f\u00eate des m\u00e8res, les id\u00e9es ne manquent pas. Encore faut-il prendre le temps d\u2019y penser et de r\u00e9fl\u00e9chir \u00e0 une strat\u00e9gie efficace.<\/p>\n<p><strong><em>Et vous, quelles sont les actions r\u00e9alis\u00e9es \u00e0 l\u2019occasion de la f\u00eate des m\u00e8res\u00a0? Pensez-vous \u00e0 toutes ces femmes, qui n\u2019ont encore jamais os\u00e9 franchir le pas\u00a0? <\/em><\/strong><\/p>\n","protected":false},"excerpt":{"rendered":"<p>Pourquoi et comment le relooking est \u00e0 l\u2019honneur \u00e0 la f\u00eate des M\u00e8res\u00a0? Temps fort du calendrier commercial, la f\u00eate des m\u00e8res reste une date, pour laquelle les pros du Relooking et les expertes de l\u2019image se mobilisent. C\u2019est l\u2019occasion de s\u2019adresser \u00e0 de nouveaux prospects, \u00e0 condition toutefois de bien s\u2019y pr\u00e9parer. Les conseill\u00e8res en images \u00e0 l\u2019heure de la f\u00eate des m\u00e8res\u00a0! En tant que conseill\u00e8re en image ou que sp\u00e9cialiste du Relooking, vous cherchez \u00e0 valoriser votre savoir-faire et votre expertise. Vous disposez de comp\u00e9tences, d\u2019une formation et de produits de qualit\u00e9 professionnelle. Pour ces derniers, la premi\u00e8re boutique de vente en ligne, Mat\u00e9riel Relooking, vous accompagne tout au long de l\u2019ann\u00e9e. Mais disposer du maquillage professionnel ou encore des foulards pour r\u00e9aliser vos prestations de draping relooking ne suffit pas, et vous le savez bien, vous devez vous faire conna\u00eetre, et attirer de nouvelles clientes. Et la f\u00eate des m\u00e8res reste une occasion pour vous ouvrir \u00e0 des femmes, qui n\u2019ont peut-\u00eatre jamais os\u00e9 s\u2019offrir ce temps pour elle\u00a0! Prendre soin de son look et de son apparence, un plaisir \u00e0 s\u2019offrir Et pourtant, d\u00e9finir son profil en suivant par exemple la m\u00e9thode des 4 saisons, r\u00e9ussir \u00e0 trouver un look qui correspond vraiment \u00e0 sa personnalit\u00e9, apprendre \u00e0 marier et harmoniser les couleurs tout en s\u2019initiant \u00e0 l\u2019art de bien choisir ses tenues vestimentaires, \u2026. Voil\u00e0 autant de domaines, pour lesquels chaque femme et \u00e0 fortiori chaque maman appr\u00e9cie de prendre son temps. Pourtant, les enfants pensent rarement offrir une premi\u00e8re s\u00e9ance de relooking \u00e0 leur maman, trop habitu\u00e9s \u00e0 se tourner vers le choix d\u2019un parfum ou la composition d\u2019un bouquet adapt\u00e9. La pro de l\u2019image et du Relooking, que vous \u00eates, n\u2019a donc pas (trop) d\u2019efforts \u00e0 faire pour convaincre les femmes de l\u2019int\u00e9r\u00eat et du plaisir que repr\u00e9sente une op\u00e9ration Relooking mais doit bien se concentrer sur les arguments \u00e0 souligner pour convaincre les enfants et les papas. Pourquoi ne pas offrir un relooking pour la f\u00eate des m\u00e8res\u00a0? C\u2019est donc \u00e0 vous, les Relookeuses, les conseill\u00e8res en image et les expertes de l\u2019apparence, qu\u2019il vous appartient de convaincre. Et tout commence, comme toujours, par a n\u00e9cessit\u00e9 de se faire conna\u00eetre. Faire plaisir \u00e0 sa maman reste le mot d\u2019ordre en cette p\u00e9riode, alors prendre conscience que le Relooking n\u2019est pas r\u00e9serv\u00e9 aux autres mais reste accessible \u00e0 chacune sera la premi\u00e8re \u00e9tape. Une journ\u00e9e d\u00e9couverte, des flyers pour expliquer vos prestations, des remises bien s\u00fbr pour rendre le relooking attrayant comme cadeau pour la f\u00eate des m\u00e8res, les id\u00e9es ne manquent pas. Encore faut-il prendre le temps d\u2019y penser et de r\u00e9fl\u00e9chir \u00e0 une strat\u00e9gie efficace. Et vous, quelles sont les actions r\u00e9alis\u00e9es \u00e0 l\u2019occasion de la f\u00eate des m\u00e8res\u00a0? Pensez-vous \u00e0 toutes ces femmes, qui n\u2019ont encore jamais os\u00e9 franchir le pas\u00a0?<\/p>\n","protected":false},"author":2,"featured_media":417714,"comment_status":"closed","ping_status":"closed","sticky":false,"template":"","format":"standard","meta":{"spay_email":"","jetpack_publicize_message":"","jetpack_is_tweetstorm":false,"jetpack_publicize_feature_enabled":true},"categories":[3],"tags":[],"yoast_head":"<!-- This site is optimized with the Yoast SEO plugin v18.1 - https:\/\/yoast.com\/wordpress\/plugins\/seo\/ -->\n<title>Pourquoi et comment le relooking est \u00e0 l\u2019honneur \u00e0 la f\u00eate des M\u00e8res ? - Conseils Relooking - blog Relooking<\/title>\n<meta name=\"description\" content=\"La f\u00eate des m\u00e8res reste un temps fort de l\u2019ann\u00e9e civile, et le Relooking n\u2019est pas un domaine d\u2019activit\u00e9s, qui \u00e9chappe \u00e0 cette r\u00e8gle. Pour autant, cela n\u00e9cessite pour les conseill\u00e8res en image et autres pros du look de convaincre les enfants et les papas du plaisir ressenti par chaque femme au cours d\u2019une s\u00e9ance de relooking.\" \/>\n<meta name=\"robots\" content=\"index, follow, max-snippet:-1, max-image-preview:large, max-video-preview:-1\" \/>\n<link rel=\"canonical\" href=\"https:\/\/www.materiel-relooking.com\/blog\/relooking-a-lhonneur-a-fete-meres\/\" \/>\n<meta property=\"og:locale\" content=\"fr_FR\" \/>\n<meta property=\"og:type\" content=\"article\" \/>\n<meta property=\"og:title\" content=\"Pourquoi et comment le relooking est \u00e0 l\u2019honneur \u00e0 la f\u00eate des M\u00e8res ? - Conseils Relooking - blog Relooking\" \/>\n<meta property=\"og:description\" content=\"La f\u00eate des m\u00e8res reste un temps fort de l\u2019ann\u00e9e civile, et le Relooking n\u2019est pas un domaine d\u2019activit\u00e9s, qui \u00e9chappe \u00e0 cette r\u00e8gle. Pour autant, cela n\u00e9cessite pour les conseill\u00e8res en image et autres pros du look de convaincre les enfants et les papas du plaisir ressenti par chaque femme au cours d\u2019une s\u00e9ance de relooking.\" \/>\n<meta property=\"og:url\" content=\"https:\/\/www.materiel-relooking.com\/blog\/relooking-a-lhonneur-a-fete-meres\/\" \/>\n<meta property=\"og:site_name\" content=\"Conseils Relooking - blog Relooking\" \/>\n<meta property=\"article:publisher\" content=\"https:\/\/www.facebook.com\/pages\/Materiel-Relooking\/\" \/>\n<meta property=\"article:published_time\" content=\"2018-05-22T09:08:39+00:00\" \/>\n<meta property=\"og:image\" content=\"https:\/\/i0.wp.com\/www.materiel-relooking.com\/blog\/wp-content\/uploads\/2018\/05\/fetes-des-meres-conseil-en-image.jpeg?fit=612%2C408&#038;ssl=1\" \/>\n\t<meta property=\"og:image:width\" content=\"612\" \/>\n\t<meta property=\"og:image:height\" content=\"408\" \/>\n\t<meta property=\"og:image:type\" content=\"image\/jpeg\" \/>\n<meta name=\"twitter:card\" content=\"summary\" \/>\n<meta name=\"twitter:creator\" content=\"@materielrelook\" \/>\n<meta name=\"twitter:site\" content=\"@materielrelook\" \/>\n<meta name=\"twitter:label1\" content=\"\u00c9crit par\" \/>\n\t<meta name=\"twitter:data1\" content=\"Cristina Pedretti\" \/>\n\t<meta name=\"twitter:label2\" content=\"Dur\u00e9e de lecture estim\u00e9e\" \/>\n\t<meta name=\"twitter:data2\" content=\"3 minutes\" \/>\n<script type=\"application\/ld+json\" class=\"yoast-schema-graph\">{\"@context\":\"https:\/\/schema.org\",\"@graph\":[{\"@type\":\"WebSite\",\"@id\":\"https:\/\/www.materiel-relooking.com\/blog\/#website\",\"url\":\"https:\/\/www.materiel-relooking.com\/blog\/\",\"name\":\"Conseils Relooking - blog Relooking\",\"description\":\"Blog des conseils de relooking pour les Conseillers en image, des Coiffeurs, des Esth\u00e9ticiennes,\",\"potentialAction\":[{\"@type\":\"SearchAction\",\"target\":{\"@type\":\"EntryPoint\",\"urlTemplate\":\"https:\/\/www.materiel-relooking.com\/blog\/?s={search_term_string}\"},\"query-input\":\"required name=search_term_string\"}],\"inLanguage\":\"fr-FR\"},{\"@type\":\"ImageObject\",\"@id\":\"https:\/\/www.materiel-relooking.com\/blog\/relooking-a-lhonneur-a-fete-meres\/#primaryimage\",\"inLanguage\":\"fr-FR\",\"url\":\"https:\/\/i0.wp.com\/www.materiel-relooking.com\/blog\/wp-content\/uploads\/2018\/05\/fetes-des-meres-conseil-en-image.jpeg?fit=612%2C408&ssl=1\",\"contentUrl\":\"https:\/\/i0.wp.com\/www.materiel-relooking.com\/blog\/wp-content\/uploads\/2018\/05\/fetes-des-meres-conseil-en-image.jpeg?fit=612%2C408&ssl=1\",\"width\":612,\"height\":408,\"caption\":\"Pourquoi et comment le relooking est \u00e0 l\u2019honneur \u00e0 la f\u00eate des M\u00e8res ?\"},{\"@type\":\"WebPage\",\"@id\":\"https:\/\/www.materiel-relooking.com\/blog\/relooking-a-lhonneur-a-fete-meres\/#webpage\",\"url\":\"https:\/\/www.materiel-relooking.com\/blog\/relooking-a-lhonneur-a-fete-meres\/\",\"name\":\"Pourquoi et comment le relooking est \u00e0 l\u2019honneur \u00e0 la f\u00eate des M\u00e8res ? - Conseils Relooking - blog Relooking\",\"isPartOf\":{\"@id\":\"https:\/\/www.materiel-relooking.com\/blog\/#website\"},\"primaryImageOfPage\":{\"@id\":\"https:\/\/www.materiel-relooking.com\/blog\/relooking-a-lhonneur-a-fete-meres\/#primaryimage\"},\"datePublished\":\"2018-05-22T09:08:39+00:00\",\"dateModified\":\"2018-05-22T09:08:39+00:00\",\"author\":{\"@id\":\"https:\/\/www.materiel-relooking.com\/blog\/#\/schema\/person\/649eb71a49ea802d5d397139a2ddf665\"},\"description\":\"La f\u00eate des m\u00e8res reste un temps fort de l\u2019ann\u00e9e civile, et le Relooking n\u2019est pas un domaine d\u2019activit\u00e9s, qui \u00e9chappe \u00e0 cette r\u00e8gle. Pour autant, cela n\u00e9cessite pour les conseill\u00e8res en image et autres pros du look de convaincre les enfants et les papas du plaisir ressenti par chaque femme au cours d\u2019une s\u00e9ance de relooking.\",\"breadcrumb\":{\"@id\":\"https:\/\/www.materiel-relooking.com\/blog\/relooking-a-lhonneur-a-fete-meres\/#breadcrumb\"},\"inLanguage\":\"fr-FR\",\"potentialAction\":[{\"@type\":\"ReadAction\",\"target\":[\"https:\/\/www.materiel-relooking.com\/blog\/relooking-a-lhonneur-a-fete-meres\/\"]}]},{\"@type\":\"BreadcrumbList\",\"@id\":\"https:\/\/www.materiel-relooking.com\/blog\/relooking-a-lhonneur-a-fete-meres\/#breadcrumb\",\"itemListElement\":[{\"@type\":\"ListItem\",\"position\":1,\"name\":\"Accueil\",\"item\":\"https:\/\/www.materiel-relooking.com\/blog\/\"},{\"@type\":\"ListItem\",\"position\":2,\"name\":\"Les M\u00e9thodes du Relooking\",\"item\":\"https:\/\/www.materiel-relooking.com\/blog\/category\/les-methodes-du-relooking\/\"},{\"@type\":\"ListItem\",\"position\":3,\"name\":\"Pourquoi et comment le relooking est \u00e0 l\u2019honneur \u00e0 la f\u00eate des M\u00e8res ?\"}]},{\"@type\":\"Person\",\"@id\":\"https:\/\/www.materiel-relooking.com\/blog\/#\/schema\/person\/649eb71a49ea802d5d397139a2ddf665\",\"name\":\"Cristina Pedretti\",\"image\":{\"@type\":\"ImageObject\",\"@id\":\"https:\/\/www.materiel-relooking.com\/blog\/#personlogo\",\"inLanguage\":\"fr-FR\",\"url\":\"https:\/\/i0.wp.com\/www.materiel-relooking.com\/blog\/wp-content\/uploads\/2015\/01\/cris.jpg?fit=72%2C96&ssl=1\",\"contentUrl\":\"https:\/\/i0.wp.com\/www.materiel-relooking.com\/blog\/wp-content\/uploads\/2015\/01\/cris.jpg?fit=72%2C96&ssl=1\",\"caption\":\"Cristina Pedretti\"},\"description\":\"Dipl\u00f4m\u00e9e de l\u2019\u00e9cole des Beaux-arts et de la C.S de la Haute Couture de Paris, Conseill\u00e8re en Image pour la personne depuis 1999.\"}]}<\/script>\n<!-- \/ Yoast SEO plugin. -->","yoast_head_json":{"title":"Pourquoi et comment le relooking est \u00e0 l\u2019honneur \u00e0 la f\u00eate des M\u00e8res ? - Conseils Relooking - blog Relooking","description":"La f\u00eate des m\u00e8res reste un temps fort de l\u2019ann\u00e9e civile, et le Relooking n\u2019est pas un domaine d\u2019activit\u00e9s, qui \u00e9chappe \u00e0 cette r\u00e8gle. Pour autant, cela n\u00e9cessite pour les conseill\u00e8res en image et autres pros du look de convaincre les enfants et les papas du plaisir ressenti par chaque femme au cours d\u2019une s\u00e9ance de relooking.","robots":{"index":"index","follow":"follow","max-snippet":"max-snippet:-1","max-image-preview":"max-image-preview:large","max-video-preview":"max-video-preview:-1"},"canonical":"https:\/\/www.materiel-relooking.com\/blog\/relooking-a-lhonneur-a-fete-meres\/","og_locale":"fr_FR","og_type":"article","og_title":"Pourquoi et comment le relooking est \u00e0 l\u2019honneur \u00e0 la f\u00eate des M\u00e8res ? - Conseils Relooking - blog Relooking","og_description":"La f\u00eate des m\u00e8res reste un temps fort de l\u2019ann\u00e9e civile, et le Relooking n\u2019est pas un domaine d\u2019activit\u00e9s, qui \u00e9chappe \u00e0 cette r\u00e8gle. Pour autant, cela n\u00e9cessite pour les conseill\u00e8res en image et autres pros du look de convaincre les enfants et les papas du plaisir ressenti par chaque femme au cours d\u2019une s\u00e9ance de relooking.","og_url":"https:\/\/www.materiel-relooking.com\/blog\/relooking-a-lhonneur-a-fete-meres\/","og_site_name":"Conseils Relooking - blog Relooking","article_publisher":"https:\/\/www.facebook.com\/pages\/Materiel-Relooking\/","article_published_time":"2018-05-22T09:08:39+00:00","og_image":[{"width":612,"height":408,"url":"https:\/\/i0.wp.com\/www.materiel-relooking.com\/blog\/wp-content\/uploads\/2018\/05\/fetes-des-meres-conseil-en-image.jpeg?fit=612%2C408&ssl=1","type":"image\/jpeg"}],"twitter_card":"summary","twitter_creator":"@materielrelook","twitter_site":"@materielrelook","twitter_misc":{"\u00c9crit par":"Cristina Pedretti","Dur\u00e9e de lecture estim\u00e9e":"3 minutes"},"schema":{"@context":"https:\/\/schema.org","@graph":[{"@type":"WebSite","@id":"https:\/\/www.materiel-relooking.com\/blog\/#website","url":"https:\/\/www.materiel-relooking.com\/blog\/","name":"Conseils Relooking - blog Relooking","description":"Blog des conseils de relooking pour les Conseillers en image, des Coiffeurs, des Esth\u00e9ticiennes,","potentialAction":[{"@type":"SearchAction","target":{"@type":"EntryPoint","urlTemplate":"https:\/\/www.materiel-relooking.com\/blog\/?s={search_term_string}"},"query-input":"required name=search_term_string"}],"inLanguage":"fr-FR"},{"@type":"ImageObject","@id":"https:\/\/www.materiel-relooking.com\/blog\/relooking-a-lhonneur-a-fete-meres\/#primaryimage","inLanguage":"fr-FR","url":"https:\/\/i0.wp.com\/www.materiel-relooking.com\/blog\/wp-content\/uploads\/2018\/05\/fetes-des-meres-conseil-en-image.jpeg?fit=612%2C408&ssl=1","contentUrl":"https:\/\/i0.wp.com\/www.materiel-relooking.com\/blog\/wp-content\/uploads\/2018\/05\/fetes-des-meres-conseil-en-image.jpeg?fit=612%2C408&ssl=1","width":612,"height":408,"caption":"Pourquoi et comment le relooking est \u00e0 l\u2019honneur \u00e0 la f\u00eate des M\u00e8res ?"},{"@type":"WebPage","@id":"https:\/\/www.materiel-relooking.com\/blog\/relooking-a-lhonneur-a-fete-meres\/#webpage","url":"https:\/\/www.materiel-relooking.com\/blog\/relooking-a-lhonneur-a-fete-meres\/","name":"Pourquoi et comment le relooking est \u00e0 l\u2019honneur \u00e0 la f\u00eate des M\u00e8res ? - Conseils Relooking - blog Relooking","isPartOf":{"@id":"https:\/\/www.materiel-relooking.com\/blog\/#website"},"primaryImageOfPage":{"@id":"https:\/\/www.materiel-relooking.com\/blog\/relooking-a-lhonneur-a-fete-meres\/#primaryimage"},"datePublished":"2018-05-22T09:08:39+00:00","dateModified":"2018-05-22T09:08:39+00:00","author":{"@id":"https:\/\/www.materiel-relooking.com\/blog\/#\/schema\/person\/649eb71a49ea802d5d397139a2ddf665"},"description":"La f\u00eate des m\u00e8res reste un temps fort de l\u2019ann\u00e9e civile, et le Relooking n\u2019est pas un domaine d\u2019activit\u00e9s, qui \u00e9chappe \u00e0 cette r\u00e8gle. Pour autant, cela n\u00e9cessite pour les conseill\u00e8res en image et autres pros du look de convaincre les enfants et les papas du plaisir ressenti par chaque femme au cours d\u2019une s\u00e9ance de relooking.","breadcrumb":{"@id":"https:\/\/www.materiel-relooking.com\/blog\/relooking-a-lhonneur-a-fete-meres\/#breadcrumb"},"inLanguage":"fr-FR","potentialAction":[{"@type":"ReadAction","target":["https:\/\/www.materiel-relooking.com\/blog\/relooking-a-lhonneur-a-fete-meres\/"]}]},{"@type":"BreadcrumbList","@id":"https:\/\/www.materiel-relooking.com\/blog\/relooking-a-lhonneur-a-fete-meres\/#breadcrumb","itemListElement":[{"@type":"ListItem","position":1,"name":"Accueil","item":"https:\/\/www.materiel-relooking.com\/blog\/"},{"@type":"ListItem","position":2,"name":"Les M\u00e9thodes du Relooking","item":"https:\/\/www.materiel-relooking.com\/blog\/category\/les-methodes-du-relooking\/"},{"@type":"ListItem","position":3,"name":"Pourquoi et comment le relooking est \u00e0 l\u2019honneur \u00e0 la f\u00eate des M\u00e8res ?"}]},{"@type":"Person","@id":"https:\/\/www.materiel-relooking.com\/blog\/#\/schema\/person\/649eb71a49ea802d5d397139a2ddf665","name":"Cristina Pedretti","image":{"@type":"ImageObject","@id":"https:\/\/www.materiel-relooking.com\/blog\/#personlogo","inLanguage":"fr-FR","url":"https:\/\/i0.wp.com\/www.materiel-relooking.com\/blog\/wp-content\/uploads\/2015\/01\/cris.jpg?fit=72%2C96&ssl=1","contentUrl":"https:\/\/i0.wp.com\/www.materiel-relooking.com\/blog\/wp-content\/uploads\/2015\/01\/cris.jpg?fit=72%2C96&ssl=1","caption":"Cristina Pedretti"},"description":"Dipl\u00f4m\u00e9e de l\u2019\u00e9cole des Beaux-arts et de la C.S de la Haute Couture de Paris, Conseill\u00e8re en Image pour la personne depuis 1999."}]}},"jetpack_featured_media_url":"https:\/\/i0.wp.com\/www.materiel-relooking.com\/blog\/wp-content\/uploads\/2018\/05\/fetes-des-meres-conseil-en-image.jpeg?fit=612%2C408&ssl=1","jetpack_publicize_connections":[],"jetpack_sharing_enabled":true,"jetpack_shortlink":"https:\/\/wp.me\/p6KybK-1KFj","jetpack-related-posts":[{"id":417885,"url":"https:\/\/www.materiel-relooking.com\/blog\/faire-penser-relooking-fete-peres\/","url_meta":{"origin":417713,"position":0},"title":"Comment faire penser au Relooking pour la f\u00eate des P\u00e8res ?","date":"12 juin 2018","format":"aside","excerpt":"Comment faire penser au Relooking pour la f\u00eate des P\u00e8res\u00a0? Look et apparence ne sont pas des pr\u00e9occupations exclusivement f\u00e9minines, m\u00eame si il existe encore un grand nombre d\u2019id\u00e9es re\u00e7ues en la mati\u00e8re. Le 17 juin, la F\u00eate des P\u00e8res sera une occasion pour vous faire connaitre aupr\u00e8s d\u2019un nouveau\u2026","rel":"","context":"Dans &quot;L'actualit\u00e9 du Relooking&quot;","img":{"alt_text":"Comment faire penser au Relooking pour la f\u00eate des P\u00e8res ?","src":"https:\/\/i0.wp.com\/www.materiel-relooking.com\/blog\/wp-content\/uploads\/2018\/06\/fetes-des-peres-relooking.jpg?fit=1170%2C792&ssl=1&resize=350%2C200","width":350,"height":200},"classes":[]},{"id":417689,"url":"https:\/\/www.materiel-relooking.com\/blog\/relooking-na-dage-vive-conseilleres-images\/","url_meta":{"origin":417713,"position":1},"title":"Le relooking n\u2019a pas d\u2019\u00e2ge alors vive les conseill\u00e8res en images !","date":"6 mars 2018","format":false,"excerpt":"Le relooking n\u2019a pas d\u2019\u00e2ge alors vive les conseill\u00e8res en images\u00a0! La F\u00eate des Grands-m\u00e8res sera f\u00eat\u00e9e ce dimanche 4 mars. N\u2019est-ce pas l\u2019occasion r\u00eav\u00e9e pour souligner \u00e0 quel point, les femmes et les hommes d\u2019exp\u00e9rience sont eux aussi attach\u00e9s \u00e0 leur image et \u00e0 leur look. Une occasion pour\u2026","rel":"","context":"Dans &quot;Les Astuces du Relooking&quot;","img":{"alt_text":"Un relooking \u00e0 chaque \u00e2ge","src":"https:\/\/i0.wp.com\/www.materiel-relooking.com\/blog\/wp-content\/uploads\/2018\/03\/relooking-femme-agee.jpeg?fit=612%2C408&ssl=1&resize=350%2C200","width":350,"height":200},"classes":[]},{"id":417945,"url":"https:\/\/www.materiel-relooking.com\/blog\/le-relooking-et-la-beaute-se-preparent-a-feter-2019-une-annee-prometteuse\/","url_meta":{"origin":417713,"position":2},"title":"Le Relooking et la beaut\u00e9 se pr\u00e9parent \u00e0 f\u00eater 2019, une ann\u00e9e prometteuse ?","date":"28 d\u00e9cembre 2018","format":"aside","excerpt":"Ces derniers jours de l\u2019ann\u00e9e 2018 sont \u00e9lectriques pour chacun et chacune d\u2019entre-nous. Les Relookeuses cherchent aussi \u00e0 se remettre d\u2019une p\u00e9riode agit\u00e9e pour pouvoir mieux se projeter dans la nouvelle ann\u00e9e qui va commencer. L\u2019actualit\u00e9 mouvement\u00e9e des derni\u00e8res semaines a impact\u00e9 tous\u00a0 les salons de beaut\u00e9, tous les Instituts\u2026","rel":"","context":"Dans &quot;L'actualit\u00e9 du Relooking&quot;","img":{"alt_text":"Le Relooking et la beaut\u00e9 se pr\u00e9parent \u00e0 f\u00eater 2019","src":"https:\/\/i0.wp.com\/www.materiel-relooking.com\/blog\/wp-content\/uploads\/2018\/12\/bonne-annee-2019.jpg?fit=1170%2C792&ssl=1&resize=350%2C200","width":350,"height":200},"classes":[]},{"id":417965,"url":"https:\/\/www.materiel-relooking.com\/blog\/pourquoi-choisir-le-relooking-et-combien-de-temps-cela-va-t-il-durer\/","url_meta":{"origin":417713,"position":3},"title":"Pourquoi choisir le Relooking et combien de temps cela va-t-il durer ?","date":"1 mars 2019","format":"aside","excerpt":"R\u00e9ussir \u00e0 attirer des clientes et des clients dans votre Institut de Relooking repr\u00e9sente une t\u00e2che essentielle au quotidien. Pour cela, vous devez r\u00e9pondre aux interrogations de vos prospects, en commen\u00e7ant par la premi\u00e8re d\u2019entre-elles\u00a0: Pourquoi choisir le relooking\u00a0? Le Relooking, c\u2019est quoi exactement \u2026.une autre fa\u00e7on de faire son\u2026","rel":"","context":"Dans &quot;L'actualit\u00e9 du Relooking&quot;","img":{"alt_text":"Pourquoi choisir le Relooking","src":"https:\/\/i0.wp.com\/www.materiel-relooking.com\/blog\/wp-content\/uploads\/2019\/03\/Pourquoi-choisir-le-Relooking.jpg?fit=1170%2C792&ssl=1&resize=350%2C200","width":350,"height":200},"classes":[]},{"id":417881,"url":"https:\/\/www.materiel-relooking.com\/blog\/soin-esthetique-ou-coaching-bien-etre-quelle-nature-veritable-pour-le-relooking\/","url_meta":{"origin":417713,"position":4},"title":"Soin esth\u00e9tique ou coaching bien-\u00eatre, quelle nature v\u00e9ritable pour le Relooking ?","date":"5 juin 2018","format":"aside","excerpt":"Soin esth\u00e9tique ou coaching bien-\u00eatre, quelle nature v\u00e9ritable pour le Relooking\u00a0? Le Relooking est-il un soin esth\u00e9tique que l\u2019on s\u2019offre\u00a0? Ou repr\u00e9sente-t-il un v\u00e9ritable coaching pour se sentir mieux et prendre confiance en soi\u00a0? Ce sont des questions r\u00e9currentes de la part de vos clientes, alors autant savoir ce que\u2026","rel":"","context":"Dans &quot;Les M\u00e9thodes du Relooking&quot;","img":{"alt_text":"Soin esth\u00e9tique ou coaching bien-\u00eatre, quelle nature v\u00e9ritable pour le Relooking ?","src":"https:\/\/i0.wp.com\/www.materiel-relooking.com\/blog\/wp-content\/uploads\/2018\/06\/soin-esthetique-relooking.jpg?fit=1170%2C792&ssl=1&resize=350%2C200","width":350,"height":200},"classes":[]},{"id":417709,"url":"https:\/\/www.materiel-relooking.com\/blog\/relooking-commence-communication-maitrisee\/","url_meta":{"origin":417713,"position":5},"title":"Pourquoi le Relooking commence avant tout par une communication maitris\u00e9e ?","date":"9 mai 2018","format":false,"excerpt":"Pourquoi le Relooking commence avant tout par une communication maitris\u00e9e\u00a0? On n\u2019y pense pas toujours, mais en mati\u00e8re de Relooking, la communication est plus qu\u2019importante. Non seulement, les conseill\u00e8res en image doivent s\u2019assurer d\u2019\u00eatre convaincantes, mais elles doivent aussi veiller \u00e0 ne pas trop en dire\u2026. Un dilemme, qu\u2019il est\u2026","rel":"","context":"Dans &quot;Les Astuces du Relooking&quot;","img":{"alt_text":"relooking & communication","src":"https:\/\/i0.wp.com\/www.materiel-relooking.com\/blog\/wp-content\/uploads\/2018\/05\/relooking-communication.jpeg?fit=408%2C612&ssl=1&resize=350%2C200","width":350,"height":200},"classes":[]}],"amp_enabled":true,"_links":{"self":[{"href":"https:\/\/www.materiel-relooking.com\/blog\/wp-json\/wp\/v2\/posts\/417713"}],"collection":[{"href":"https:\/\/www.materiel-relooking.com\/blog\/wp-json\/wp\/v2\/posts"}],"about":[{"href":"https:\/\/www.materiel-relooking.com\/blog\/wp-json\/wp\/v2\/types\/post"}],"author":[{"embeddable":true,"href":"https:\/\/www.materiel-relooking.com\/blog\/wp-json\/wp\/v2\/users\/2"}],"replies":[{"embeddable":true,"href":"https:\/\/www.materiel-relooking.com\/blog\/wp-json\/wp\/v2\/comments?post=417713"}],"version-history":[{"count":1,"href":"https:\/\/www.materiel-relooking.com\/blog\/wp-json\/wp\/v2\/posts\/417713\/revisions"}],"predecessor-version":[{"id":417715,"href":"https:\/\/www.materiel-relooking.com\/blog\/wp-json\/wp\/v2\/posts\/417713\/revisions\/417715"}],"wp:featuredmedia":[{"embeddable":true,"href":"https:\/\/www.materiel-relooking.com\/blog\/wp-json\/wp\/v2\/media\/417714"}],"wp:attachment":[{"href":"https:\/\/www.materiel-relooking.com\/blog\/wp-json\/wp\/v2\/media?parent=417713"}],"wp:term":[{"taxonomy":"category","embeddable":true,"href":"https:\/\/www.materiel-relooking.com\/blog\/wp-json\/wp\/v2\/categories?post=417713"},{"taxonomy":"post_tag","embeddable":true,"href":"https:\/\/www.materiel-relooking.com\/blog\/wp-json\/wp\/v2\/tags?post=417713"}],"curies":[{"name":"wp","href":"https:\/\/api.w.org\/{rel}","templated":true}]}}