{"id":417885,"date":"2018-06-12T14:00:21","date_gmt":"2018-06-12T14:00:21","guid":{"rendered":"https:\/\/www.materiel-relooking.com\/blog\/?p=417885"},"modified":"2018-06-12T14:00:21","modified_gmt":"2018-06-12T14:00:21","slug":"faire-penser-relooking-fete-peres","status":"publish","type":"post","link":"https:\/\/www.materiel-relooking.com\/blog\/faire-penser-relooking-fete-peres\/","title":{"rendered":"Comment faire penser au Relooking pour la f\u00eate des P\u00e8res ?"},"content":{"rendered":"<h1><strong>Comment faire penser au Relooking pour la f\u00eate des P\u00e8res\u00a0? <\/strong><\/h1>\n<p><strong><em>Look et apparence ne sont pas des pr\u00e9occupations exclusivement f\u00e9minines, m\u00eame si il existe encore un grand nombre d\u2019id\u00e9es re\u00e7ues en la mati\u00e8re. Le 17 juin, la F\u00eate des P\u00e8res sera une occasion pour vous faire connaitre aupr\u00e8s d\u2019un nouveau type de client\u00e8le\u00a0: les Hommes. <\/em><\/strong><\/p>\n<h2><strong>La f\u00eate des p\u00e8res, une occasion de faire d\u00e9couvrir le relooking aux hommes <\/strong><\/h2>\n<p>Si les fleurs et les parfums restent les cadeaux les plus traditionnels et r\u00e9currents pour la f\u00eate des m\u00e8res, on retrouve encore et toujours les cravates et les bouteilles de vin lorsqu\u2019il s\u2019agit de trouver un cadeau pour la f\u00eate des p\u00e8res. <a href=\"https:\/\/www.materiel-relooking.com\/fr\/\"><strong>Mat\u00e9riel Relooking, premi\u00e8re boutique de vente en ligne consacr\u00e9 au Relooking<\/strong><\/a><strong>,<\/strong> vous a d\u00e9j\u00e0 soulign\u00e9 \u00e0 quel point ces temps forts du calendrier commercial pouvaient s\u2019imposer comme des tremplins pour votre activit\u00e9 de conseill\u00e8re en image, de Relookeuses ou de coach en look et apparence. M\u00eame pour la <a href=\"https:\/\/materiel-relooking.com\/blog\/relooking-na-dage-vive-conseilleres-images\/\"><strong>f\u00eate des Grands-m\u00e8res, le Relooking<\/strong><\/a> peut devenir une id\u00e9e de cadeau original et surtout attrayant. Alors pourquoi en serait-il autrement avec la f\u00eate des p\u00e8res\u00a0? C\u2019est peut-\u00eatre \u00e0 vous aussi, les professionnelles de l\u2019image et du look, d\u2019aider \u00e0 faire changer les mentalit\u00e9s. Non, le Relooking n\u2019est pas r\u00e9serv\u00e9 aux femmes.<\/p>\n<h2><strong>Une occasion pour d\u00e9voiler le relooking \u00e0 tous les papas du monde mais aussi \u00e0 tous les hommes<\/strong><\/h2>\n<p>Pourquoi les hommes ne pourraient-ils pas b\u00e9n\u00e9ficier de conseils et d\u2019expertise pour apprendre \u00e0 soigner leur apparence\u00a0? Pourquoi les hommes ne pourraient-ils pas <strong>b\u00e9n\u00e9ficier d\u2019un diagnostic colorim\u00e9trique<\/strong> pour d\u00e9finir leur type\u00a0? Comme les femmes, les hommes d\u2019aujourd\u2019hui ont pris conscience de l\u2019importance de l\u2019image et de l\u2019apparence, tant dans leur vie sociale et amoureuse que pour tout ce qui rel\u00e8ve de leur carri\u00e8re professionnelle.<\/p>\n<p>Alors, les mentalit\u00e9s ont d\u00e9j\u00e0 chang\u00e9, mais il existe encore des freins prouvant que l\u2019opinion publique consid\u00e8re encore la <strong>beaut\u00e9 en g\u00e9n\u00e9ral et le relooking en particulier<\/strong> comme des disciplines principalement \u00e0 destination des Femmes. Alors, existe-t-il plus belle occasion que la F\u00eate des P\u00e8res pour faire \u00e9voluer ces \u00e9tats d\u2019esprit\u00a0?<\/p>\n<h2><strong>Comment se d\u00e9marquer en tant que sp\u00e9cialiste de l\u2019image pour cette f\u00eate des p\u00e8res\u00a0? <\/strong><\/h2>\n<p>Vous devez donc en tant que professionnelle ind\u00e9pendante souligner comment vos prestations peuvent se transformer en un cadeau original pour tous les papas. Les id\u00e9es ne manquent pas, de la s\u00e9ance de conseils \u00e0 une initiation au relooking. C\u2019est \u00e0 vous, les conseill\u00e8res en images, qu\u2019il appartient d\u2019imaginer des <strong>offres sp\u00e9ciales pour attirer les Papas de France<\/strong> et ainsi de toucher un nouveau type de client\u00e8les. C\u2019est aussi \u00e0 vous qu\u2019il appartiendra par la suite de fid\u00e9liser ces Hommes, en leur d\u00e9montrant, en r\u00e9el, tous les atouts et les bienfaits du relooking.<\/p>\n<p><strong><em>Et vous, avez-vous r\u00e9fl\u00e9chi \u00e0 une strat\u00e9gie pour r\u00e9pondre aux attentes sp\u00e9cifiques des hommes\u00a0? Comment avez-vous communiqu\u00e9 \u00e0 l\u2019occasion de cette f\u00eate des P\u00e8res\u00a0? <\/em><\/strong><\/p>\n","protected":false},"excerpt":{"rendered":"<p>Comment faire penser au Relooking pour la f\u00eate des P\u00e8res\u00a0? Look et apparence ne sont pas des pr\u00e9occupations exclusivement f\u00e9minines, m\u00eame si il existe encore un grand nombre d\u2019id\u00e9es re\u00e7ues en la mati\u00e8re. Le 17 juin, la F\u00eate des P\u00e8res sera une occasion pour vous faire connaitre aupr\u00e8s d\u2019un nouveau type de client\u00e8le\u00a0: les Hommes. La f\u00eate des p\u00e8res, une occasion de faire d\u00e9couvrir le relooking aux hommes Si les fleurs et les parfums restent les cadeaux les plus traditionnels et r\u00e9currents pour la f\u00eate des m\u00e8res, on retrouve encore et toujours les cravates et les bouteilles de vin lorsqu\u2019il s\u2019agit de trouver un cadeau pour la f\u00eate des p\u00e8res. Mat\u00e9riel Relooking, premi\u00e8re boutique de vente en ligne consacr\u00e9 au Relooking, vous a d\u00e9j\u00e0 soulign\u00e9 \u00e0 quel point ces temps forts du calendrier commercial pouvaient s\u2019imposer comme des tremplins pour votre activit\u00e9 de conseill\u00e8re en image, de Relookeuses ou de coach en look et apparence. M\u00eame pour la f\u00eate des Grands-m\u00e8res, le Relooking peut devenir une id\u00e9e de cadeau original et surtout attrayant. Alors pourquoi en serait-il autrement avec la f\u00eate des p\u00e8res\u00a0? C\u2019est peut-\u00eatre \u00e0 vous aussi, les professionnelles de l\u2019image et du look, d\u2019aider \u00e0 faire changer les mentalit\u00e9s. Non, le Relooking n\u2019est pas r\u00e9serv\u00e9 aux femmes. Une occasion pour d\u00e9voiler le relooking \u00e0 tous les papas du monde mais aussi \u00e0 tous les hommes Pourquoi les hommes ne pourraient-ils pas b\u00e9n\u00e9ficier de conseils et d\u2019expertise pour apprendre \u00e0 soigner leur apparence\u00a0? Pourquoi les hommes ne pourraient-ils pas b\u00e9n\u00e9ficier d\u2019un diagnostic colorim\u00e9trique pour d\u00e9finir leur type\u00a0? Comme les femmes, les hommes d\u2019aujourd\u2019hui ont pris conscience de l\u2019importance de l\u2019image et de l\u2019apparence, tant dans leur vie sociale et amoureuse que pour tout ce qui rel\u00e8ve de leur carri\u00e8re professionnelle. Alors, les mentalit\u00e9s ont d\u00e9j\u00e0 chang\u00e9, mais il existe encore des freins prouvant que l\u2019opinion publique consid\u00e8re encore la beaut\u00e9 en g\u00e9n\u00e9ral et le relooking en particulier comme des disciplines principalement \u00e0 destination des Femmes. Alors, existe-t-il plus belle occasion que la F\u00eate des P\u00e8res pour faire \u00e9voluer ces \u00e9tats d\u2019esprit\u00a0? Comment se d\u00e9marquer en tant que sp\u00e9cialiste de l\u2019image pour cette f\u00eate des p\u00e8res\u00a0? Vous devez donc en tant que professionnelle ind\u00e9pendante souligner comment vos prestations peuvent se transformer en un cadeau original pour tous les papas. Les id\u00e9es ne manquent pas, de la s\u00e9ance de conseils \u00e0 une initiation au relooking. C\u2019est \u00e0 vous, les conseill\u00e8res en images, qu\u2019il appartient d\u2019imaginer des offres sp\u00e9ciales pour attirer les Papas de France et ainsi de toucher un nouveau type de client\u00e8les. C\u2019est aussi \u00e0 vous qu\u2019il appartiendra par la suite de fid\u00e9liser ces Hommes, en leur d\u00e9montrant, en r\u00e9el, tous les atouts et les bienfaits du relooking. Et vous, avez-vous r\u00e9fl\u00e9chi \u00e0 une strat\u00e9gie pour r\u00e9pondre aux attentes sp\u00e9cifiques des hommes\u00a0? Comment avez-vous communiqu\u00e9 \u00e0 l\u2019occasion de cette f\u00eate des P\u00e8res\u00a0?<\/p>\n","protected":false},"author":2,"featured_media":417887,"comment_status":"closed","ping_status":"closed","sticky":false,"template":"","format":"aside","meta":{"spay_email":"","jetpack_publicize_message":"","jetpack_is_tweetstorm":false,"jetpack_publicize_feature_enabled":true},"categories":[113],"tags":[],"yoast_head":"<!-- This site is optimized with the Yoast SEO plugin v18.1 - https:\/\/yoast.com\/wordpress\/plugins\/seo\/ -->\n<title>Comment faire penser au Relooking pour la f\u00eate des P\u00e8res ? - Conseils Relooking - blog Relooking<\/title>\n<meta name=\"description\" content=\"Des id\u00e9es pr\u00e9con\u00e7ues tendent encore \u00e0 r\u00e9server la beaut\u00e9 et le relooking \u00e0 une client\u00e8le exclusivement f\u00e9minine. Pourtant, les Hommes aussi sont attir\u00e9s par ces conseils, qui les aideront \u00e0 soigner leur apparence. Alors pourquoi ne pas profiter de la f\u00eate des P\u00e8res pour r\u00e9pondre \u00e0 ces envies de beaut\u00e9 des Hommes ?\" \/>\n<meta name=\"robots\" content=\"index, follow, max-snippet:-1, max-image-preview:large, max-video-preview:-1\" \/>\n<link rel=\"canonical\" href=\"https:\/\/www.materiel-relooking.com\/blog\/faire-penser-relooking-fete-peres\/\" \/>\n<meta property=\"og:locale\" content=\"fr_FR\" \/>\n<meta property=\"og:type\" content=\"article\" \/>\n<meta property=\"og:title\" content=\"Comment faire penser au Relooking pour la f\u00eate des P\u00e8res ? - Conseils Relooking - blog Relooking\" \/>\n<meta property=\"og:description\" content=\"Des id\u00e9es pr\u00e9con\u00e7ues tendent encore \u00e0 r\u00e9server la beaut\u00e9 et le relooking \u00e0 une client\u00e8le exclusivement f\u00e9minine. Pourtant, les Hommes aussi sont attir\u00e9s par ces conseils, qui les aideront \u00e0 soigner leur apparence. Alors pourquoi ne pas profiter de la f\u00eate des P\u00e8res pour r\u00e9pondre \u00e0 ces envies de beaut\u00e9 des Hommes ?\" \/>\n<meta property=\"og:url\" content=\"https:\/\/www.materiel-relooking.com\/blog\/faire-penser-relooking-fete-peres\/\" \/>\n<meta property=\"og:site_name\" content=\"Conseils Relooking - blog Relooking\" \/>\n<meta property=\"article:publisher\" content=\"https:\/\/www.facebook.com\/pages\/Materiel-Relooking\/\" \/>\n<meta property=\"article:published_time\" content=\"2018-06-12T14:00:21+00:00\" \/>\n<meta property=\"og:image\" content=\"https:\/\/i0.wp.com\/www.materiel-relooking.com\/blog\/wp-content\/uploads\/2018\/06\/fetes-des-peres-relooking.jpg?fit=1170%2C792&#038;ssl=1\" \/>\n\t<meta property=\"og:image:width\" content=\"1170\" \/>\n\t<meta property=\"og:image:height\" content=\"792\" \/>\n\t<meta property=\"og:image:type\" content=\"image\/jpeg\" \/>\n<meta name=\"twitter:card\" content=\"summary\" \/>\n<meta name=\"twitter:creator\" content=\"@materielrelook\" \/>\n<meta name=\"twitter:site\" content=\"@materielrelook\" \/>\n<meta name=\"twitter:label1\" content=\"\u00c9crit par\" \/>\n\t<meta name=\"twitter:data1\" content=\"Cristina Pedretti\" \/>\n\t<meta name=\"twitter:label2\" content=\"Dur\u00e9e de lecture estim\u00e9e\" \/>\n\t<meta name=\"twitter:data2\" content=\"3 minutes\" \/>\n<script type=\"application\/ld+json\" class=\"yoast-schema-graph\">{\"@context\":\"https:\/\/schema.org\",\"@graph\":[{\"@type\":\"WebSite\",\"@id\":\"https:\/\/www.materiel-relooking.com\/blog\/#website\",\"url\":\"https:\/\/www.materiel-relooking.com\/blog\/\",\"name\":\"Conseils Relooking - blog Relooking\",\"description\":\"Blog des conseils de relooking pour les Conseillers en image, des Coiffeurs, des Esth\u00e9ticiennes,\",\"potentialAction\":[{\"@type\":\"SearchAction\",\"target\":{\"@type\":\"EntryPoint\",\"urlTemplate\":\"https:\/\/www.materiel-relooking.com\/blog\/?s={search_term_string}\"},\"query-input\":\"required name=search_term_string\"}],\"inLanguage\":\"fr-FR\"},{\"@type\":\"ImageObject\",\"@id\":\"https:\/\/www.materiel-relooking.com\/blog\/faire-penser-relooking-fete-peres\/#primaryimage\",\"inLanguage\":\"fr-FR\",\"url\":\"https:\/\/i0.wp.com\/www.materiel-relooking.com\/blog\/wp-content\/uploads\/2018\/06\/fetes-des-peres-relooking.jpg?fit=1170%2C792&ssl=1\",\"contentUrl\":\"https:\/\/i0.wp.com\/www.materiel-relooking.com\/blog\/wp-content\/uploads\/2018\/06\/fetes-des-peres-relooking.jpg?fit=1170%2C792&ssl=1\",\"width\":1170,\"height\":792,\"caption\":\"Comment faire penser au Relooking pour la f\u00eate des P\u00e8res ?\"},{\"@type\":\"WebPage\",\"@id\":\"https:\/\/www.materiel-relooking.com\/blog\/faire-penser-relooking-fete-peres\/#webpage\",\"url\":\"https:\/\/www.materiel-relooking.com\/blog\/faire-penser-relooking-fete-peres\/\",\"name\":\"Comment faire penser au Relooking pour la f\u00eate des P\u00e8res ? - Conseils Relooking - blog Relooking\",\"isPartOf\":{\"@id\":\"https:\/\/www.materiel-relooking.com\/blog\/#website\"},\"primaryImageOfPage\":{\"@id\":\"https:\/\/www.materiel-relooking.com\/blog\/faire-penser-relooking-fete-peres\/#primaryimage\"},\"datePublished\":\"2018-06-12T14:00:21+00:00\",\"dateModified\":\"2018-06-12T14:00:21+00:00\",\"author\":{\"@id\":\"https:\/\/www.materiel-relooking.com\/blog\/#\/schema\/person\/649eb71a49ea802d5d397139a2ddf665\"},\"description\":\"Des id\u00e9es pr\u00e9con\u00e7ues tendent encore \u00e0 r\u00e9server la beaut\u00e9 et le relooking \u00e0 une client\u00e8le exclusivement f\u00e9minine. Pourtant, les Hommes aussi sont attir\u00e9s par ces conseils, qui les aideront \u00e0 soigner leur apparence. Alors pourquoi ne pas profiter de la f\u00eate des P\u00e8res pour r\u00e9pondre \u00e0 ces envies de beaut\u00e9 des Hommes ?\",\"breadcrumb\":{\"@id\":\"https:\/\/www.materiel-relooking.com\/blog\/faire-penser-relooking-fete-peres\/#breadcrumb\"},\"inLanguage\":\"fr-FR\",\"potentialAction\":[{\"@type\":\"ReadAction\",\"target\":[\"https:\/\/www.materiel-relooking.com\/blog\/faire-penser-relooking-fete-peres\/\"]}]},{\"@type\":\"BreadcrumbList\",\"@id\":\"https:\/\/www.materiel-relooking.com\/blog\/faire-penser-relooking-fete-peres\/#breadcrumb\",\"itemListElement\":[{\"@type\":\"ListItem\",\"position\":1,\"name\":\"Accueil\",\"item\":\"https:\/\/www.materiel-relooking.com\/blog\/\"},{\"@type\":\"ListItem\",\"position\":2,\"name\":\"L'actualit\u00e9 du Relooking\",\"item\":\"https:\/\/www.materiel-relooking.com\/blog\/category\/lactualite-du-relooking\/\"},{\"@type\":\"ListItem\",\"position\":3,\"name\":\"Comment faire penser au Relooking pour la f\u00eate des P\u00e8res ?\"}]},{\"@type\":\"Person\",\"@id\":\"https:\/\/www.materiel-relooking.com\/blog\/#\/schema\/person\/649eb71a49ea802d5d397139a2ddf665\",\"name\":\"Cristina Pedretti\",\"image\":{\"@type\":\"ImageObject\",\"@id\":\"https:\/\/www.materiel-relooking.com\/blog\/#personlogo\",\"inLanguage\":\"fr-FR\",\"url\":\"https:\/\/i0.wp.com\/www.materiel-relooking.com\/blog\/wp-content\/uploads\/2015\/01\/cris.jpg?fit=72%2C96&ssl=1\",\"contentUrl\":\"https:\/\/i0.wp.com\/www.materiel-relooking.com\/blog\/wp-content\/uploads\/2015\/01\/cris.jpg?fit=72%2C96&ssl=1\",\"caption\":\"Cristina Pedretti\"},\"description\":\"Dipl\u00f4m\u00e9e de l\u2019\u00e9cole des Beaux-arts et de la C.S de la Haute Couture de Paris, Conseill\u00e8re en Image pour la personne depuis 1999.\"}]}<\/script>\n<!-- \/ Yoast SEO plugin. -->","yoast_head_json":{"title":"Comment faire penser au Relooking pour la f\u00eate des P\u00e8res ? - Conseils Relooking - blog Relooking","description":"Des id\u00e9es pr\u00e9con\u00e7ues tendent encore \u00e0 r\u00e9server la beaut\u00e9 et le relooking \u00e0 une client\u00e8le exclusivement f\u00e9minine. Pourtant, les Hommes aussi sont attir\u00e9s par ces conseils, qui les aideront \u00e0 soigner leur apparence. Alors pourquoi ne pas profiter de la f\u00eate des P\u00e8res pour r\u00e9pondre \u00e0 ces envies de beaut\u00e9 des Hommes ?","robots":{"index":"index","follow":"follow","max-snippet":"max-snippet:-1","max-image-preview":"max-image-preview:large","max-video-preview":"max-video-preview:-1"},"canonical":"https:\/\/www.materiel-relooking.com\/blog\/faire-penser-relooking-fete-peres\/","og_locale":"fr_FR","og_type":"article","og_title":"Comment faire penser au Relooking pour la f\u00eate des P\u00e8res ? - Conseils Relooking - blog Relooking","og_description":"Des id\u00e9es pr\u00e9con\u00e7ues tendent encore \u00e0 r\u00e9server la beaut\u00e9 et le relooking \u00e0 une client\u00e8le exclusivement f\u00e9minine. Pourtant, les Hommes aussi sont attir\u00e9s par ces conseils, qui les aideront \u00e0 soigner leur apparence. Alors pourquoi ne pas profiter de la f\u00eate des P\u00e8res pour r\u00e9pondre \u00e0 ces envies de beaut\u00e9 des Hommes ?","og_url":"https:\/\/www.materiel-relooking.com\/blog\/faire-penser-relooking-fete-peres\/","og_site_name":"Conseils Relooking - blog Relooking","article_publisher":"https:\/\/www.facebook.com\/pages\/Materiel-Relooking\/","article_published_time":"2018-06-12T14:00:21+00:00","og_image":[{"width":1170,"height":792,"url":"https:\/\/i0.wp.com\/www.materiel-relooking.com\/blog\/wp-content\/uploads\/2018\/06\/fetes-des-peres-relooking.jpg?fit=1170%2C792&ssl=1","type":"image\/jpeg"}],"twitter_card":"summary","twitter_creator":"@materielrelook","twitter_site":"@materielrelook","twitter_misc":{"\u00c9crit par":"Cristina Pedretti","Dur\u00e9e de lecture estim\u00e9e":"3 minutes"},"schema":{"@context":"https:\/\/schema.org","@graph":[{"@type":"WebSite","@id":"https:\/\/www.materiel-relooking.com\/blog\/#website","url":"https:\/\/www.materiel-relooking.com\/blog\/","name":"Conseils Relooking - blog Relooking","description":"Blog des conseils de relooking pour les Conseillers en image, des Coiffeurs, des Esth\u00e9ticiennes,","potentialAction":[{"@type":"SearchAction","target":{"@type":"EntryPoint","urlTemplate":"https:\/\/www.materiel-relooking.com\/blog\/?s={search_term_string}"},"query-input":"required name=search_term_string"}],"inLanguage":"fr-FR"},{"@type":"ImageObject","@id":"https:\/\/www.materiel-relooking.com\/blog\/faire-penser-relooking-fete-peres\/#primaryimage","inLanguage":"fr-FR","url":"https:\/\/i0.wp.com\/www.materiel-relooking.com\/blog\/wp-content\/uploads\/2018\/06\/fetes-des-peres-relooking.jpg?fit=1170%2C792&ssl=1","contentUrl":"https:\/\/i0.wp.com\/www.materiel-relooking.com\/blog\/wp-content\/uploads\/2018\/06\/fetes-des-peres-relooking.jpg?fit=1170%2C792&ssl=1","width":1170,"height":792,"caption":"Comment faire penser au Relooking pour la f\u00eate des P\u00e8res ?"},{"@type":"WebPage","@id":"https:\/\/www.materiel-relooking.com\/blog\/faire-penser-relooking-fete-peres\/#webpage","url":"https:\/\/www.materiel-relooking.com\/blog\/faire-penser-relooking-fete-peres\/","name":"Comment faire penser au Relooking pour la f\u00eate des P\u00e8res ? - Conseils Relooking - blog Relooking","isPartOf":{"@id":"https:\/\/www.materiel-relooking.com\/blog\/#website"},"primaryImageOfPage":{"@id":"https:\/\/www.materiel-relooking.com\/blog\/faire-penser-relooking-fete-peres\/#primaryimage"},"datePublished":"2018-06-12T14:00:21+00:00","dateModified":"2018-06-12T14:00:21+00:00","author":{"@id":"https:\/\/www.materiel-relooking.com\/blog\/#\/schema\/person\/649eb71a49ea802d5d397139a2ddf665"},"description":"Des id\u00e9es pr\u00e9con\u00e7ues tendent encore \u00e0 r\u00e9server la beaut\u00e9 et le relooking \u00e0 une client\u00e8le exclusivement f\u00e9minine. Pourtant, les Hommes aussi sont attir\u00e9s par ces conseils, qui les aideront \u00e0 soigner leur apparence. Alors pourquoi ne pas profiter de la f\u00eate des P\u00e8res pour r\u00e9pondre \u00e0 ces envies de beaut\u00e9 des Hommes ?","breadcrumb":{"@id":"https:\/\/www.materiel-relooking.com\/blog\/faire-penser-relooking-fete-peres\/#breadcrumb"},"inLanguage":"fr-FR","potentialAction":[{"@type":"ReadAction","target":["https:\/\/www.materiel-relooking.com\/blog\/faire-penser-relooking-fete-peres\/"]}]},{"@type":"BreadcrumbList","@id":"https:\/\/www.materiel-relooking.com\/blog\/faire-penser-relooking-fete-peres\/#breadcrumb","itemListElement":[{"@type":"ListItem","position":1,"name":"Accueil","item":"https:\/\/www.materiel-relooking.com\/blog\/"},{"@type":"ListItem","position":2,"name":"L'actualit\u00e9 du Relooking","item":"https:\/\/www.materiel-relooking.com\/blog\/category\/lactualite-du-relooking\/"},{"@type":"ListItem","position":3,"name":"Comment faire penser au Relooking pour la f\u00eate des P\u00e8res ?"}]},{"@type":"Person","@id":"https:\/\/www.materiel-relooking.com\/blog\/#\/schema\/person\/649eb71a49ea802d5d397139a2ddf665","name":"Cristina Pedretti","image":{"@type":"ImageObject","@id":"https:\/\/www.materiel-relooking.com\/blog\/#personlogo","inLanguage":"fr-FR","url":"https:\/\/i0.wp.com\/www.materiel-relooking.com\/blog\/wp-content\/uploads\/2015\/01\/cris.jpg?fit=72%2C96&ssl=1","contentUrl":"https:\/\/i0.wp.com\/www.materiel-relooking.com\/blog\/wp-content\/uploads\/2015\/01\/cris.jpg?fit=72%2C96&ssl=1","caption":"Cristina Pedretti"},"description":"Dipl\u00f4m\u00e9e de l\u2019\u00e9cole des Beaux-arts et de la C.S de la Haute Couture de Paris, Conseill\u00e8re en Image pour la personne depuis 1999."}]}},"jetpack_featured_media_url":"https:\/\/i0.wp.com\/www.materiel-relooking.com\/blog\/wp-content\/uploads\/2018\/06\/fetes-des-peres-relooking.jpg?fit=1170%2C792&ssl=1","jetpack_publicize_connections":[],"jetpack_sharing_enabled":true,"jetpack_shortlink":"https:\/\/wp.me\/p6KybK-1KI5","jetpack-related-posts":[{"id":417713,"url":"https:\/\/www.materiel-relooking.com\/blog\/relooking-a-lhonneur-a-fete-meres\/","url_meta":{"origin":417885,"position":0},"title":"Pourquoi et comment le relooking est \u00e0 l\u2019honneur \u00e0 la f\u00eate des M\u00e8res ?","date":"22 mai 2018","format":false,"excerpt":"Pourquoi et comment le relooking est \u00e0 l\u2019honneur \u00e0 la f\u00eate des M\u00e8res\u00a0? Temps fort du calendrier commercial, la f\u00eate des m\u00e8res reste une date, pour laquelle les pros du Relooking et les expertes de l\u2019image se mobilisent. C\u2019est l\u2019occasion de s\u2019adresser \u00e0 de nouveaux prospects, \u00e0 condition toutefois de\u2026","rel":"","context":"Dans &quot;Les M\u00e9thodes du Relooking&quot;","img":{"alt_text":"Pourquoi et comment le relooking est \u00e0 l\u2019honneur \u00e0 la f\u00eate des M\u00e8res ?","src":"https:\/\/i0.wp.com\/www.materiel-relooking.com\/blog\/wp-content\/uploads\/2018\/05\/fetes-des-meres-conseil-en-image.jpeg?fit=612%2C408&ssl=1&resize=350%2C200","width":350,"height":200},"classes":[]},{"id":417689,"url":"https:\/\/www.materiel-relooking.com\/blog\/relooking-na-dage-vive-conseilleres-images\/","url_meta":{"origin":417885,"position":1},"title":"Le relooking n\u2019a pas d\u2019\u00e2ge alors vive les conseill\u00e8res en images !","date":"6 mars 2018","format":false,"excerpt":"Le relooking n\u2019a pas d\u2019\u00e2ge alors vive les conseill\u00e8res en images\u00a0! La F\u00eate des Grands-m\u00e8res sera f\u00eat\u00e9e ce dimanche 4 mars. N\u2019est-ce pas l\u2019occasion r\u00eav\u00e9e pour souligner \u00e0 quel point, les femmes et les hommes d\u2019exp\u00e9rience sont eux aussi attach\u00e9s \u00e0 leur image et \u00e0 leur look. Une occasion pour\u2026","rel":"","context":"Dans &quot;Les Astuces du Relooking&quot;","img":{"alt_text":"Un relooking \u00e0 chaque \u00e2ge","src":"https:\/\/i0.wp.com\/www.materiel-relooking.com\/blog\/wp-content\/uploads\/2018\/03\/relooking-femme-agee.jpeg?fit=612%2C408&ssl=1&resize=350%2C200","width":350,"height":200},"classes":[]},{"id":417907,"url":"https:\/\/www.materiel-relooking.com\/blog\/intelligence-artificielle-relooking-mariage-impossible\/","url_meta":{"origin":417885,"position":2},"title":"Intelligence artificielle et Relooking, un mariage impossible ?","date":"14 septembre 2018","format":"aside","excerpt":"En mati\u00e8re de beaut\u00e9 et de relooking aussi, l\u2019intelligence artificielle essaie de faire preuve de sa capacit\u00e9 \u00e0 s\u2019adapter et \u00e0 proposer des r\u00e9ponses innovantes. Pourtant en la mati\u00e8re, les Relookeuses et autres conseill\u00e8res en image ont encore de beaux jours devant elles, puisqu\u2019elles sont aussi une source de plaisir\u2026","rel":"","context":"Dans &quot;Les M\u00e9thodes du Relooking&quot;","img":{"alt_text":"Intelligence artificielle et beaute","src":"https:\/\/i0.wp.com\/www.materiel-relooking.com\/blog\/wp-content\/uploads\/2018\/09\/Intelligence-artificielle-et-beaute.jpg?fit=1170%2C760&ssl=1&resize=350%2C200","width":350,"height":200},"classes":[]},{"id":417891,"url":"https:\/\/www.materiel-relooking.com\/blog\/juillet-relooking-soldes-trio-magique-pros-de-limage-look\/","url_meta":{"origin":417885,"position":3},"title":"Juillet, le Relooking et les Soldes, un trio magique pour les pros de l\u2019image et du look","date":"18 juillet 2018","format":"aside","excerpt":"Juillet, le Relooking et les Soldes, un trio magique pour les pros de l\u2019image et du look Avouons qu\u2019en cette p\u00e9riode estivale, un grand nombre de vos clientes et de vos clients ont d\u00e9sert\u00e9 votre Institut de Relooking. Pourtant, la p\u00e9riode n\u2019est pas creuse bien au contraire. Entre les soldes\u2026","rel":"","context":"Dans &quot;L'actualit\u00e9 du Relooking&quot;","img":{"alt_text":"soldes relooking","src":"https:\/\/i0.wp.com\/www.materiel-relooking.com\/blog\/wp-content\/uploads\/2018\/07\/soldes.jpg?fit=1170%2C792&ssl=1&resize=350%2C200","width":350,"height":200},"classes":[]},{"id":417957,"url":"https:\/\/www.materiel-relooking.com\/blog\/comment-creer-son-entreprise-dans-le-relooking-trois-grandes-etapes-a-connaitre\/","url_meta":{"origin":417885,"position":4},"title":"Comment cr\u00e9er son entreprise dans le Relooking ? Trois grandes \u00e9tapes \u00e0 connaitre","date":"24 janvier 2019","format":"aside","excerpt":"Mat\u00e9riel relooking n\u2019entend pas, en un article, vous livrer un dossier complet sur la cr\u00e9ation d\u2019une entreprise consacr\u00e9e au Relooking. Nous avons juste voulu souligner les 3 \u00e9tapes essentiels, \u00e0 savoir le lieu ou la forme de l\u2019exercice, les produits et les \u00e9quipements \u00e0 acheter et l\u2019indispensable communication pour se\u2026","rel":"","context":"Dans &quot;L'actualit\u00e9 du Relooking&quot;","img":{"alt_text":"Comment cr\u00e9er son entreprise dans le Relooking","src":"https:\/\/i0.wp.com\/www.materiel-relooking.com\/blog\/wp-content\/uploads\/2019\/01\/Comment-cr\u00e9er-son-entreprise-dans-le-Relooking.jpg?fit=1170%2C792&ssl=1&resize=350%2C200","width":350,"height":200},"classes":[]},{"id":417961,"url":"https:\/\/www.materiel-relooking.com\/blog\/reussir-en-tant-que-conseillere-en-image-des-pistes-a-suivre\/","url_meta":{"origin":417885,"position":5},"title":"R\u00e9ussir en tant que conseill\u00e8re en image, des pistes \u00e0 suivre","date":"19 f\u00e9vrier 2019","format":"aside","excerpt":"Nous terminons aujourd\u2019hui le survol de quelques id\u00e9es \u00e0 mettre en \u0153uvre pour vous aider \u00e0 booster votre activit\u00e9. Alors inspirez-vous et participez \u00e0 ce remue-m\u00e9ninges destin\u00e9 \u00e0 aider les Relookeuses \u00e0 se d\u00e9velopper. Du shopping \u00e0 l\u2019estime de soi, donner un sens \u00e0 son quotidien, une mission pour les\u2026","rel":"","context":"Dans &quot;Les Astuces du Relooking&quot;","img":{"alt_text":"R\u00e9ussir en tant que conseill\u00e8re en image","src":"https:\/\/i0.wp.com\/www.materiel-relooking.com\/blog\/wp-content\/uploads\/2019\/02\/R\u00e9ussir-en-tant-que-conseill\u00e8re-en-image.jpg?fit=1170%2C792&ssl=1&resize=350%2C200","width":350,"height":200},"classes":[]}],"amp_enabled":true,"_links":{"self":[{"href":"https:\/\/www.materiel-relooking.com\/blog\/wp-json\/wp\/v2\/posts\/417885"}],"collection":[{"href":"https:\/\/www.materiel-relooking.com\/blog\/wp-json\/wp\/v2\/posts"}],"about":[{"href":"https:\/\/www.materiel-relooking.com\/blog\/wp-json\/wp\/v2\/types\/post"}],"author":[{"embeddable":true,"href":"https:\/\/www.materiel-relooking.com\/blog\/wp-json\/wp\/v2\/users\/2"}],"replies":[{"embeddable":true,"href":"https:\/\/www.materiel-relooking.com\/blog\/wp-json\/wp\/v2\/comments?post=417885"}],"version-history":[{"count":1,"href":"https:\/\/www.materiel-relooking.com\/blog\/wp-json\/wp\/v2\/posts\/417885\/revisions"}],"predecessor-version":[{"id":417888,"href":"https:\/\/www.materiel-relooking.com\/blog\/wp-json\/wp\/v2\/posts\/417885\/revisions\/417888"}],"wp:featuredmedia":[{"embeddable":true,"href":"https:\/\/www.materiel-relooking.com\/blog\/wp-json\/wp\/v2\/media\/417887"}],"wp:attachment":[{"href":"https:\/\/www.materiel-relooking.com\/blog\/wp-json\/wp\/v2\/media?parent=417885"}],"wp:term":[{"taxonomy":"category","embeddable":true,"href":"https:\/\/www.materiel-relooking.com\/blog\/wp-json\/wp\/v2\/categories?post=417885"},{"taxonomy":"post_tag","embeddable":true,"href":"https:\/\/www.materiel-relooking.com\/blog\/wp-json\/wp\/v2\/tags?post=417885"}],"curies":[{"name":"wp","href":"https:\/\/api.w.org\/{rel}","templated":true}]}}