{"id":417891,"date":"2018-07-18T11:36:45","date_gmt":"2018-07-18T11:36:45","guid":{"rendered":"https:\/\/www.materiel-relooking.com\/blog\/?p=417891"},"modified":"2018-07-18T11:38:13","modified_gmt":"2018-07-18T11:38:13","slug":"juillet-relooking-soldes-trio-magique-pros-de-limage-look","status":"publish","type":"post","link":"https:\/\/www.materiel-relooking.com\/blog\/juillet-relooking-soldes-trio-magique-pros-de-limage-look\/","title":{"rendered":"Juillet, le Relooking et les Soldes, un trio magique pour les pros de l\u2019image et du look"},"content":{"rendered":"<h1><strong>Juillet, le Relooking et les Soldes, un trio magique pour les pros de l\u2019image et du look <\/strong><\/h1>\n<p><strong><em>Avouons qu\u2019en cette p\u00e9riode estivale, un grand nombre de vos clientes et de vos clients ont d\u00e9sert\u00e9 votre Institut de Relooking. Pourtant, la p\u00e9riode n\u2019est pas creuse bien au contraire. Entre les soldes et la communication pour bien pr\u00e9parer votre rentr\u00e9e, les conseill\u00e8res en image et autres Relookeuses ont un emploi du temps bien charg\u00e9\u00a0!<\/em><\/strong><\/p>\n<h2><strong>L\u2019\u00e9t\u00e9, la saison la plus propice pour se lancer dans un relooking complet\u00a0? <\/strong><\/h2>\n<p>Existe-t-il une p\u00e9riode plus propice que l\u2019\u00e9t\u00e9 pour r\u00eaver d\u2019un relooking\u00a0? la question peut se poser, en effet. Mais les Hommes et les Femmes attendent cette p\u00e9riode estivale avec impatience pour pouvoir profiter de vacances, qu\u2019ils ont souvent attendues pendant un an. <strong>L\u2019apparence et le look<\/strong>sont alors au c\u0153ur des pr\u00e9occupations et des envies de chacun et chacune. Ce n\u2019est certes pas, la veille de son d\u00e9part, qu\u2019une Femme va se lancer dans une <strong>vaste op\u00e9ration de relooking<\/strong>, qui n\u00e9cessite, comme vous le savez, du temps et du professionnalisme. En revanche, c\u2019est dans ces moments, que vous pouvez vous faire conna\u00eetre de vos prochaines clientes ou clients, en profitant de ce regain d\u2019int\u00e9r\u00eat.<\/p>\n<h2><strong>Le temps de la communication pour attirer de nouvelles clientes et fid\u00e9liser votre client\u00e8le <\/strong><\/h2>\n<p>Vous l\u2019avez bien compris, votre agenda ne va pas se remplir dans les jours qui viennent, une grande partie des fashionitas et de vos clientes \u00e9tant parties sur le bord des plages. En revanche, <strong>l\u2019apparence et le soin apport\u00e9 \u00e0 son look<\/strong>sont au c\u0153ur des motivations d\u2019un grand nombre de vacanciers. S\u2019ils ne se d\u00e9cideront pas dans la journ\u00e9e avant de <strong>vous appeler pour une prestation de relooking<\/strong>, l\u2019id\u00e9e nait \u00e0 cette \u00e9poque de l\u2019ann\u00e9e. Il suffira alors d\u2019attendre, que les magazines f\u00e9minins ou autres multiplient les dossiers sur l\u2019importance d\u2019un look adapt\u00e9 \u00e0 sa personne ou encore sur <strong>les atouts du relooking sur sa carri\u00e8re professionnelle<\/strong>, pour que l\u2019id\u00e9e devienne un v\u00e9ritable projet. C\u2019est donc bien la p\u00e9riode, au cours de laquelle vous devez vous faire conna\u00eetre et vous imposer comme la partenaire beaut\u00e9 et relooking de ces femmes et de ces hommes. Car de l\u2019id\u00e9e au projet, il ne manque plus alors que l\u2019opportunit\u00e9, et avec des publicit\u00e9s (flyers, cartes de visite, \u2026) bien cibl\u00e9es ou une communication appropri\u00e9e, votre activit\u00e9 de Relookeuse ou de coach en image sera vite enregistr\u00e9e par ces prospects d\u00e9j\u00e0 convaincus des avantages, que vous pouvez leur procurer.<\/p>\n<h2><strong>Les soldes pour pr\u00e9parer une rentr\u00e9e qui s\u2019annonce charg\u00e9e pour les pros du Relooking <\/strong><\/h2>\n<p>Que vous interveniez au domicile de vos clientes ou que vous soyez install\u00e9e dans un <strong>Institut de Relooking<\/strong>, cette n\u00e9cessit\u00e9 de communication est chronophage. Investissez sur l\u2019avenir en remplissant votre carnet de rendez-vous pour la rentr\u00e9e de septembre. Et parce que <strong>votre rentr\u00e9e de Relookeuse sera charg\u00e9e, <\/strong>pr\u00e9parez-vous d\u00e8s \u00e0 pr\u00e9sent en compl\u00e9tant votre gamme de produits de soins ou de relooking. N\u2019est-ce pas la p\u00e9riode des soldes d\u2019\u00e9t\u00e9\u00a0? Sur la <strong><a href=\"https:\/\/www.materiel-relooking.com\/fr\/promotions\">premi\u00e8re boutique de vente en ligne pour le Relooking, Mat\u00e9riel Relooking<\/a><\/strong><strong>,<\/strong>profitez de ces soldes qui peuvent atteindre jusqu\u2019\u00e0 70 % de remise. Une aubaine pour compl\u00e9ter votre panoplie id\u00e9ale pour un Relooking r\u00e9ussi.<\/p>\n<p><strong><em>Et vous, comment tirez-vous profit de ce d\u00e9but des vacances\u00a0? Des trucs ou des conseils \u00e0 partager\u00a0!<\/em><\/strong><\/p>\n","protected":false},"excerpt":{"rendered":"<p>Juillet, le Relooking et les Soldes, un trio magique pour les pros de l\u2019image et du look Avouons qu\u2019en cette p\u00e9riode estivale, un grand nombre de vos clientes et de vos clients ont d\u00e9sert\u00e9 votre Institut de Relooking. Pourtant, la p\u00e9riode n\u2019est pas creuse bien au contraire. Entre les soldes et la communication pour bien pr\u00e9parer votre rentr\u00e9e, les conseill\u00e8res en image et autres Relookeuses ont un emploi du temps bien charg\u00e9\u00a0! L\u2019\u00e9t\u00e9, la saison la plus propice pour se lancer dans un relooking complet\u00a0? Existe-t-il une p\u00e9riode plus propice que l\u2019\u00e9t\u00e9 pour r\u00eaver d\u2019un relooking\u00a0? la question peut se poser, en effet. Mais les Hommes et les Femmes attendent cette p\u00e9riode estivale avec impatience pour pouvoir profiter de vacances, qu\u2019ils ont souvent attendues pendant un an. L\u2019apparence et le looksont alors au c\u0153ur des pr\u00e9occupations et des envies de chacun et chacune. Ce n\u2019est certes pas, la veille de son d\u00e9part, qu\u2019une Femme va se lancer dans une vaste op\u00e9ration de relooking, qui n\u00e9cessite, comme vous le savez, du temps et du professionnalisme. En revanche, c\u2019est dans ces moments, que vous pouvez vous faire conna\u00eetre de vos prochaines clientes ou clients, en profitant de ce regain d\u2019int\u00e9r\u00eat. Le temps de la communication pour attirer de nouvelles clientes et fid\u00e9liser votre client\u00e8le Vous l\u2019avez bien compris, votre agenda ne va pas se remplir dans les jours qui viennent, une grande partie des fashionitas et de vos clientes \u00e9tant parties sur le bord des plages. En revanche, l\u2019apparence et le soin apport\u00e9 \u00e0 son looksont au c\u0153ur des motivations d\u2019un grand nombre de vacanciers. S\u2019ils ne se d\u00e9cideront pas dans la journ\u00e9e avant de vous appeler pour une prestation de relooking, l\u2019id\u00e9e nait \u00e0 cette \u00e9poque de l\u2019ann\u00e9e. Il suffira alors d\u2019attendre, que les magazines f\u00e9minins ou autres multiplient les dossiers sur l\u2019importance d\u2019un look adapt\u00e9 \u00e0 sa personne ou encore sur les atouts du relooking sur sa carri\u00e8re professionnelle, pour que l\u2019id\u00e9e devienne un v\u00e9ritable projet. C\u2019est donc bien la p\u00e9riode, au cours de laquelle vous devez vous faire conna\u00eetre et vous imposer comme la partenaire beaut\u00e9 et relooking de ces femmes et de ces hommes. Car de l\u2019id\u00e9e au projet, il ne manque plus alors que l\u2019opportunit\u00e9, et avec des publicit\u00e9s (flyers, cartes de visite, \u2026) bien cibl\u00e9es ou une communication appropri\u00e9e, votre activit\u00e9 de Relookeuse ou de coach en image sera vite enregistr\u00e9e par ces prospects d\u00e9j\u00e0 convaincus des avantages, que vous pouvez leur procurer. Les soldes pour pr\u00e9parer une rentr\u00e9e qui s\u2019annonce charg\u00e9e pour les pros du Relooking Que vous interveniez au domicile de vos clientes ou que vous soyez install\u00e9e dans un Institut de Relooking, cette n\u00e9cessit\u00e9 de communication est chronophage. Investissez sur l\u2019avenir en remplissant votre carnet de rendez-vous pour la rentr\u00e9e de septembre. Et parce que votre rentr\u00e9e de Relookeuse sera charg\u00e9e, pr\u00e9parez-vous d\u00e8s \u00e0 pr\u00e9sent en compl\u00e9tant votre gamme de produits de soins ou de relooking. N\u2019est-ce pas la p\u00e9riode des soldes d\u2019\u00e9t\u00e9\u00a0? Sur la premi\u00e8re boutique de vente en ligne pour le Relooking, Mat\u00e9riel Relooking,profitez de ces soldes qui peuvent atteindre jusqu\u2019\u00e0 70 % de remise. Une aubaine pour compl\u00e9ter votre panoplie id\u00e9ale pour un Relooking r\u00e9ussi. Et vous, comment tirez-vous profit de ce d\u00e9but des vacances\u00a0? Des trucs ou des conseils \u00e0 partager\u00a0!<\/p>\n","protected":false},"author":2,"featured_media":417894,"comment_status":"closed","ping_status":"closed","sticky":false,"template":"","format":"aside","meta":{"spay_email":"","jetpack_publicize_message":"","jetpack_is_tweetstorm":false,"jetpack_publicize_feature_enabled":true},"categories":[113],"tags":[],"yoast_head":"<!-- This site is optimized with the Yoast SEO plugin v18.1 - https:\/\/yoast.com\/wordpress\/plugins\/seo\/ -->\n<title>Juillet, le Relooking et les Soldes, un trio magique pour les pros de l\u2019image et du look - Conseils Relooking - blog Relooking<\/title>\n<meta name=\"description\" content=\"Profitez des Soldes de Mat\u00e9riel Relooking pour compl\u00e9ter votre gamme d\u2019accessoires pour vos prestations image et relooking de la rentr\u00e9e. Et profitez de cette saison pour vous imposer dans l\u2019esprit de vos prochains clients.\" \/>\n<meta name=\"robots\" content=\"index, follow, max-snippet:-1, max-image-preview:large, max-video-preview:-1\" \/>\n<link rel=\"canonical\" href=\"https:\/\/www.materiel-relooking.com\/blog\/juillet-relooking-soldes-trio-magique-pros-de-limage-look\/\" \/>\n<meta property=\"og:locale\" content=\"fr_FR\" \/>\n<meta property=\"og:type\" content=\"article\" \/>\n<meta property=\"og:title\" content=\"Juillet, le Relooking et les Soldes, un trio magique pour les pros de l\u2019image et du look - Conseils Relooking - blog Relooking\" \/>\n<meta property=\"og:description\" content=\"Profitez des Soldes de Mat\u00e9riel Relooking pour compl\u00e9ter votre gamme d\u2019accessoires pour vos prestations image et relooking de la rentr\u00e9e. Et profitez de cette saison pour vous imposer dans l\u2019esprit de vos prochains clients.\" \/>\n<meta property=\"og:url\" content=\"https:\/\/www.materiel-relooking.com\/blog\/juillet-relooking-soldes-trio-magique-pros-de-limage-look\/\" \/>\n<meta property=\"og:site_name\" content=\"Conseils Relooking - blog Relooking\" \/>\n<meta property=\"article:publisher\" content=\"https:\/\/www.facebook.com\/pages\/Materiel-Relooking\/\" \/>\n<meta property=\"article:published_time\" content=\"2018-07-18T11:36:45+00:00\" \/>\n<meta property=\"article:modified_time\" content=\"2018-07-18T11:38:13+00:00\" \/>\n<meta property=\"og:image\" content=\"https:\/\/i0.wp.com\/www.materiel-relooking.com\/blog\/wp-content\/uploads\/2018\/07\/soldes.jpg?fit=1170%2C792&#038;ssl=1\" \/>\n\t<meta property=\"og:image:width\" content=\"1170\" \/>\n\t<meta property=\"og:image:height\" content=\"792\" \/>\n\t<meta property=\"og:image:type\" content=\"image\/jpeg\" \/>\n<meta name=\"twitter:card\" content=\"summary\" \/>\n<meta name=\"twitter:creator\" content=\"@materielrelook\" \/>\n<meta name=\"twitter:site\" content=\"@materielrelook\" \/>\n<meta name=\"twitter:label1\" content=\"\u00c9crit par\" \/>\n\t<meta name=\"twitter:data1\" content=\"Cristina Pedretti\" \/>\n\t<meta name=\"twitter:label2\" content=\"Dur\u00e9e de lecture estim\u00e9e\" \/>\n\t<meta name=\"twitter:data2\" content=\"3 minutes\" \/>\n<script type=\"application\/ld+json\" class=\"yoast-schema-graph\">{\"@context\":\"https:\/\/schema.org\",\"@graph\":[{\"@type\":\"WebSite\",\"@id\":\"https:\/\/www.materiel-relooking.com\/blog\/#website\",\"url\":\"https:\/\/www.materiel-relooking.com\/blog\/\",\"name\":\"Conseils Relooking - blog Relooking\",\"description\":\"Blog des conseils de relooking pour les Conseillers en image, des Coiffeurs, des Esth\u00e9ticiennes,\",\"potentialAction\":[{\"@type\":\"SearchAction\",\"target\":{\"@type\":\"EntryPoint\",\"urlTemplate\":\"https:\/\/www.materiel-relooking.com\/blog\/?s={search_term_string}\"},\"query-input\":\"required name=search_term_string\"}],\"inLanguage\":\"fr-FR\"},{\"@type\":\"ImageObject\",\"@id\":\"https:\/\/www.materiel-relooking.com\/blog\/juillet-relooking-soldes-trio-magique-pros-de-limage-look\/#primaryimage\",\"inLanguage\":\"fr-FR\",\"url\":\"https:\/\/i0.wp.com\/www.materiel-relooking.com\/blog\/wp-content\/uploads\/2018\/07\/soldes.jpg?fit=1170%2C792&ssl=1\",\"contentUrl\":\"https:\/\/i0.wp.com\/www.materiel-relooking.com\/blog\/wp-content\/uploads\/2018\/07\/soldes.jpg?fit=1170%2C792&ssl=1\",\"width\":1170,\"height\":792,\"caption\":\"soldes relooking\"},{\"@type\":\"WebPage\",\"@id\":\"https:\/\/www.materiel-relooking.com\/blog\/juillet-relooking-soldes-trio-magique-pros-de-limage-look\/#webpage\",\"url\":\"https:\/\/www.materiel-relooking.com\/blog\/juillet-relooking-soldes-trio-magique-pros-de-limage-look\/\",\"name\":\"Juillet, le Relooking et les Soldes, un trio magique pour les pros de l\u2019image et du look - Conseils Relooking - blog Relooking\",\"isPartOf\":{\"@id\":\"https:\/\/www.materiel-relooking.com\/blog\/#website\"},\"primaryImageOfPage\":{\"@id\":\"https:\/\/www.materiel-relooking.com\/blog\/juillet-relooking-soldes-trio-magique-pros-de-limage-look\/#primaryimage\"},\"datePublished\":\"2018-07-18T11:36:45+00:00\",\"dateModified\":\"2018-07-18T11:38:13+00:00\",\"author\":{\"@id\":\"https:\/\/www.materiel-relooking.com\/blog\/#\/schema\/person\/649eb71a49ea802d5d397139a2ddf665\"},\"description\":\"Profitez des Soldes de Mat\u00e9riel Relooking pour compl\u00e9ter votre gamme d\u2019accessoires pour vos prestations image et relooking de la rentr\u00e9e. Et profitez de cette saison pour vous imposer dans l\u2019esprit de vos prochains clients.\",\"breadcrumb\":{\"@id\":\"https:\/\/www.materiel-relooking.com\/blog\/juillet-relooking-soldes-trio-magique-pros-de-limage-look\/#breadcrumb\"},\"inLanguage\":\"fr-FR\",\"potentialAction\":[{\"@type\":\"ReadAction\",\"target\":[\"https:\/\/www.materiel-relooking.com\/blog\/juillet-relooking-soldes-trio-magique-pros-de-limage-look\/\"]}]},{\"@type\":\"BreadcrumbList\",\"@id\":\"https:\/\/www.materiel-relooking.com\/blog\/juillet-relooking-soldes-trio-magique-pros-de-limage-look\/#breadcrumb\",\"itemListElement\":[{\"@type\":\"ListItem\",\"position\":1,\"name\":\"Accueil\",\"item\":\"https:\/\/www.materiel-relooking.com\/blog\/\"},{\"@type\":\"ListItem\",\"position\":2,\"name\":\"L'actualit\u00e9 du Relooking\",\"item\":\"https:\/\/www.materiel-relooking.com\/blog\/category\/lactualite-du-relooking\/\"},{\"@type\":\"ListItem\",\"position\":3,\"name\":\"Juillet, le Relooking et les Soldes, un trio magique pour les pros de l\u2019image et du look\"}]},{\"@type\":\"Person\",\"@id\":\"https:\/\/www.materiel-relooking.com\/blog\/#\/schema\/person\/649eb71a49ea802d5d397139a2ddf665\",\"name\":\"Cristina Pedretti\",\"image\":{\"@type\":\"ImageObject\",\"@id\":\"https:\/\/www.materiel-relooking.com\/blog\/#personlogo\",\"inLanguage\":\"fr-FR\",\"url\":\"https:\/\/i0.wp.com\/www.materiel-relooking.com\/blog\/wp-content\/uploads\/2015\/01\/cris.jpg?fit=72%2C96&ssl=1\",\"contentUrl\":\"https:\/\/i0.wp.com\/www.materiel-relooking.com\/blog\/wp-content\/uploads\/2015\/01\/cris.jpg?fit=72%2C96&ssl=1\",\"caption\":\"Cristina Pedretti\"},\"description\":\"Dipl\u00f4m\u00e9e de l\u2019\u00e9cole des Beaux-arts et de la C.S de la Haute Couture de Paris, Conseill\u00e8re en Image pour la personne depuis 1999.\"}]}<\/script>\n<!-- \/ Yoast SEO plugin. -->","yoast_head_json":{"title":"Juillet, le Relooking et les Soldes, un trio magique pour les pros de l\u2019image et du look - Conseils Relooking - blog Relooking","description":"Profitez des Soldes de Mat\u00e9riel Relooking pour compl\u00e9ter votre gamme d\u2019accessoires pour vos prestations image et relooking de la rentr\u00e9e. Et profitez de cette saison pour vous imposer dans l\u2019esprit de vos prochains clients.","robots":{"index":"index","follow":"follow","max-snippet":"max-snippet:-1","max-image-preview":"max-image-preview:large","max-video-preview":"max-video-preview:-1"},"canonical":"https:\/\/www.materiel-relooking.com\/blog\/juillet-relooking-soldes-trio-magique-pros-de-limage-look\/","og_locale":"fr_FR","og_type":"article","og_title":"Juillet, le Relooking et les Soldes, un trio magique pour les pros de l\u2019image et du look - Conseils Relooking - blog Relooking","og_description":"Profitez des Soldes de Mat\u00e9riel Relooking pour compl\u00e9ter votre gamme d\u2019accessoires pour vos prestations image et relooking de la rentr\u00e9e. Et profitez de cette saison pour vous imposer dans l\u2019esprit de vos prochains clients.","og_url":"https:\/\/www.materiel-relooking.com\/blog\/juillet-relooking-soldes-trio-magique-pros-de-limage-look\/","og_site_name":"Conseils Relooking - blog Relooking","article_publisher":"https:\/\/www.facebook.com\/pages\/Materiel-Relooking\/","article_published_time":"2018-07-18T11:36:45+00:00","article_modified_time":"2018-07-18T11:38:13+00:00","og_image":[{"width":1170,"height":792,"url":"https:\/\/i0.wp.com\/www.materiel-relooking.com\/blog\/wp-content\/uploads\/2018\/07\/soldes.jpg?fit=1170%2C792&ssl=1","type":"image\/jpeg"}],"twitter_card":"summary","twitter_creator":"@materielrelook","twitter_site":"@materielrelook","twitter_misc":{"\u00c9crit par":"Cristina Pedretti","Dur\u00e9e de lecture estim\u00e9e":"3 minutes"},"schema":{"@context":"https:\/\/schema.org","@graph":[{"@type":"WebSite","@id":"https:\/\/www.materiel-relooking.com\/blog\/#website","url":"https:\/\/www.materiel-relooking.com\/blog\/","name":"Conseils Relooking - blog Relooking","description":"Blog des conseils de relooking pour les Conseillers en image, des Coiffeurs, des Esth\u00e9ticiennes,","potentialAction":[{"@type":"SearchAction","target":{"@type":"EntryPoint","urlTemplate":"https:\/\/www.materiel-relooking.com\/blog\/?s={search_term_string}"},"query-input":"required name=search_term_string"}],"inLanguage":"fr-FR"},{"@type":"ImageObject","@id":"https:\/\/www.materiel-relooking.com\/blog\/juillet-relooking-soldes-trio-magique-pros-de-limage-look\/#primaryimage","inLanguage":"fr-FR","url":"https:\/\/i0.wp.com\/www.materiel-relooking.com\/blog\/wp-content\/uploads\/2018\/07\/soldes.jpg?fit=1170%2C792&ssl=1","contentUrl":"https:\/\/i0.wp.com\/www.materiel-relooking.com\/blog\/wp-content\/uploads\/2018\/07\/soldes.jpg?fit=1170%2C792&ssl=1","width":1170,"height":792,"caption":"soldes relooking"},{"@type":"WebPage","@id":"https:\/\/www.materiel-relooking.com\/blog\/juillet-relooking-soldes-trio-magique-pros-de-limage-look\/#webpage","url":"https:\/\/www.materiel-relooking.com\/blog\/juillet-relooking-soldes-trio-magique-pros-de-limage-look\/","name":"Juillet, le Relooking et les Soldes, un trio magique pour les pros de l\u2019image et du look - Conseils Relooking - blog Relooking","isPartOf":{"@id":"https:\/\/www.materiel-relooking.com\/blog\/#website"},"primaryImageOfPage":{"@id":"https:\/\/www.materiel-relooking.com\/blog\/juillet-relooking-soldes-trio-magique-pros-de-limage-look\/#primaryimage"},"datePublished":"2018-07-18T11:36:45+00:00","dateModified":"2018-07-18T11:38:13+00:00","author":{"@id":"https:\/\/www.materiel-relooking.com\/blog\/#\/schema\/person\/649eb71a49ea802d5d397139a2ddf665"},"description":"Profitez des Soldes de Mat\u00e9riel Relooking pour compl\u00e9ter votre gamme d\u2019accessoires pour vos prestations image et relooking de la rentr\u00e9e. Et profitez de cette saison pour vous imposer dans l\u2019esprit de vos prochains clients.","breadcrumb":{"@id":"https:\/\/www.materiel-relooking.com\/blog\/juillet-relooking-soldes-trio-magique-pros-de-limage-look\/#breadcrumb"},"inLanguage":"fr-FR","potentialAction":[{"@type":"ReadAction","target":["https:\/\/www.materiel-relooking.com\/blog\/juillet-relooking-soldes-trio-magique-pros-de-limage-look\/"]}]},{"@type":"BreadcrumbList","@id":"https:\/\/www.materiel-relooking.com\/blog\/juillet-relooking-soldes-trio-magique-pros-de-limage-look\/#breadcrumb","itemListElement":[{"@type":"ListItem","position":1,"name":"Accueil","item":"https:\/\/www.materiel-relooking.com\/blog\/"},{"@type":"ListItem","position":2,"name":"L'actualit\u00e9 du Relooking","item":"https:\/\/www.materiel-relooking.com\/blog\/category\/lactualite-du-relooking\/"},{"@type":"ListItem","position":3,"name":"Juillet, le Relooking et les Soldes, un trio magique pour les pros de l\u2019image et du look"}]},{"@type":"Person","@id":"https:\/\/www.materiel-relooking.com\/blog\/#\/schema\/person\/649eb71a49ea802d5d397139a2ddf665","name":"Cristina Pedretti","image":{"@type":"ImageObject","@id":"https:\/\/www.materiel-relooking.com\/blog\/#personlogo","inLanguage":"fr-FR","url":"https:\/\/i0.wp.com\/www.materiel-relooking.com\/blog\/wp-content\/uploads\/2015\/01\/cris.jpg?fit=72%2C96&ssl=1","contentUrl":"https:\/\/i0.wp.com\/www.materiel-relooking.com\/blog\/wp-content\/uploads\/2015\/01\/cris.jpg?fit=72%2C96&ssl=1","caption":"Cristina Pedretti"},"description":"Dipl\u00f4m\u00e9e de l\u2019\u00e9cole des Beaux-arts et de la C.S de la Haute Couture de Paris, Conseill\u00e8re en Image pour la personne depuis 1999."}]}},"jetpack_featured_media_url":"https:\/\/i0.wp.com\/www.materiel-relooking.com\/blog\/wp-content\/uploads\/2018\/07\/soldes.jpg?fit=1170%2C792&ssl=1","jetpack_publicize_connections":[],"jetpack_sharing_enabled":true,"jetpack_shortlink":"https:\/\/wp.me\/p6KybK-1KIb","jetpack-related-posts":[{"id":417895,"url":"https:\/\/www.materiel-relooking.com\/blog\/draping-technique-relooking-feux-de-rampe\/","url_meta":{"origin":417891,"position":0},"title":"Le Draping, une technique relooking sous les feux de la rampe","date":"24 juillet 2018","format":"aside","excerpt":"Le Draping, une technique relooking sous les feux de la rampe M\u00eame si le Relooking reste une discipline relativement r\u00e9cente, il s\u2019appuie sur des techniques qui ont d\u00e9j\u00e0 fait leurs preuves comme le draping. Et l\u2019utilisation de ces foulards pour le Relooking trouve son origine dans l\u2019univers du \u2026Cin\u00e9ma. Quand\u2026","rel":"","context":"Dans &quot;Les Astuces du Relooking&quot;","img":{"alt_text":"Le Draping, une technique relooking sous les feux de la rampe","src":"https:\/\/i0.wp.com\/www.materiel-relooking.com\/blog\/wp-content\/uploads\/2018\/07\/drapping.jpg?fit=1170%2C760&ssl=1&resize=350%2C200","width":350,"height":200},"classes":[]},{"id":417953,"url":"https:\/\/www.materiel-relooking.com\/blog\/coaching-et-relooking-deux-savoir-faire-a-concilier-pour-une-expertise-beaute\/","url_meta":{"origin":417891,"position":1},"title":"Coaching et Relooking, deux savoir-faire \u00e0 concilier pour une expertise beaut\u00e9","date":"15 janvier 2019","format":"aside","excerpt":"Pour exceller dans le relooking, il ne suffit pas de maitriser l\u2019art du diagnostic colorim\u00e9trique ni m\u00eame de tout savoir sur le draping. Il faut aussi apprendre \u00e0 conseiller et rassurer ses clientes et ainsi s\u2019ouvrir \u00e0 l\u2019univers du coaching. Une nouveaut\u00e9, qui ne doit pas faire perdre de vue\u2026","rel":"","context":"Dans &quot;Les M\u00e9thodes du Relooking&quot;","img":{"alt_text":"Coaching et Relooking","src":"https:\/\/i0.wp.com\/www.materiel-relooking.com\/blog\/wp-content\/uploads\/2019\/01\/Coaching-et-Relooking.jpg?fit=1170%2C792&ssl=1&resize=350%2C200","width":350,"height":200},"classes":[]},{"id":417899,"url":"https:\/\/www.materiel-relooking.com\/blog\/de-fin-soldes-a-rentree-preparatifs-nouvelle-annee\/","url_meta":{"origin":417891,"position":2},"title":"De la fin des Soldes \u00e0 la Rentr\u00e9e, des pr\u00e9paratifs pour une nouvelle ann\u00e9e","date":"21 ao\u00fbt 2018","format":"aside","excerpt":"De la fin des Soldes \u00e0 la Rentr\u00e9e, des pr\u00e9paratifs pour une nouvelle ann\u00e9e Le calendrier semble s\u2019acc\u00e9l\u00e9rer en ce d\u00e9but aout. La fin des soldes, la rentr\u00e9e de septembre qui s\u2019annonce d\u00e9j\u00e0. Pour le Relooking comme pour toutes les autres activit\u00e9s, cette rentr\u00e9e se pr\u00e9pare d\u00e8s \u00e0 pr\u00e9sent pour\u2026","rel":"","context":"Dans &quot;L'actualit\u00e9 du Relooking&quot;","img":{"alt_text":"activit\u00e9 de relooking, relookeuse","src":"https:\/\/i0.wp.com\/www.materiel-relooking.com\/blog\/wp-content\/uploads\/2018\/08\/activit\u00e9-de-relooking-relookeuse.jpg?fit=1170%2C760&ssl=1&resize=350%2C200","width":350,"height":200},"classes":[]},{"id":417681,"url":"https:\/\/www.materiel-relooking.com\/blog\/fevrier-relooking-se-refait-beaute\/","url_meta":{"origin":417891,"position":3},"title":"En f\u00e9vrier, le relooking se refait une beaut\u00e9 !","date":"6 f\u00e9vrier 2018","format":false,"excerpt":"En f\u00e9vrier, le relooking se refait une beaut\u00e9\u00a0! F\u00e9vrier n\u2019est pas seulement le mois le plus froid de l\u2019ann\u00e9e, il est aussi la promesse d\u2019un printemps qui revient \u00e0 grand pas. C\u2019est l\u2019occasion pour les coaches en images et les expertes du Relooking de doper leur activit\u00e9 \u2026. Des produits\u2026","rel":"","context":"Dans &quot;Les M\u00e9thodes du Relooking&quot;","img":{"alt_text":"saint-valentin relooking","src":"https:\/\/i0.wp.com\/www.materiel-relooking.com\/blog\/wp-content\/uploads\/2018\/02\/saint-valentin-relooking.jpg?fit=908%2C709&ssl=1&resize=350%2C200","width":350,"height":200},"classes":[]},{"id":417911,"url":"https:\/\/www.materiel-relooking.com\/blog\/developper-activite-tant-relookeuse-quexperte-beaute\/","url_meta":{"origin":417891,"position":4},"title":"Comment d\u00e9velopper son activit\u00e9 en tant que Relookeuse ou qu\u2019experte beaut\u00e9 ?","date":"19 septembre 2018","format":"aside","excerpt":"Vous \u00eates ind\u00e9pendante et proposez vos services de coach en image au domicile de vos clientes, ou vous \u00eates Relookeuse en Institut de beaut\u00e9. Dans tous les cas, vous cherchez les solutions pour recruter de nouvelles clientes, alors d\u00e9couvrez les solutions simples, rapides et gratuites de Mat\u00e9riel Relooking. Soignez la\u2026","rel":"","context":"Dans &quot;Annuaire Relooking&quot;","img":{"alt_text":"Annuaire relooking","src":"https:\/\/i0.wp.com\/www.materiel-relooking.com\/blog\/wp-content\/uploads\/2018\/09\/annuaire-relooking.jpg?fit=1170%2C760&ssl=1&resize=350%2C200","width":350,"height":200},"classes":[]},{"id":417945,"url":"https:\/\/www.materiel-relooking.com\/blog\/le-relooking-et-la-beaute-se-preparent-a-feter-2019-une-annee-prometteuse\/","url_meta":{"origin":417891,"position":5},"title":"Le Relooking et la beaut\u00e9 se pr\u00e9parent \u00e0 f\u00eater 2019, une ann\u00e9e prometteuse ?","date":"28 d\u00e9cembre 2018","format":"aside","excerpt":"Ces derniers jours de l\u2019ann\u00e9e 2018 sont \u00e9lectriques pour chacun et chacune d\u2019entre-nous. Les Relookeuses cherchent aussi \u00e0 se remettre d\u2019une p\u00e9riode agit\u00e9e pour pouvoir mieux se projeter dans la nouvelle ann\u00e9e qui va commencer. L\u2019actualit\u00e9 mouvement\u00e9e des derni\u00e8res semaines a impact\u00e9 tous\u00a0 les salons de beaut\u00e9, tous les Instituts\u2026","rel":"","context":"Dans &quot;L'actualit\u00e9 du Relooking&quot;","img":{"alt_text":"Le Relooking et la beaut\u00e9 se pr\u00e9parent \u00e0 f\u00eater 2019","src":"https:\/\/i0.wp.com\/www.materiel-relooking.com\/blog\/wp-content\/uploads\/2018\/12\/bonne-annee-2019.jpg?fit=1170%2C792&ssl=1&resize=350%2C200","width":350,"height":200},"classes":[]}],"amp_enabled":true,"_links":{"self":[{"href":"https:\/\/www.materiel-relooking.com\/blog\/wp-json\/wp\/v2\/posts\/417891"}],"collection":[{"href":"https:\/\/www.materiel-relooking.com\/blog\/wp-json\/wp\/v2\/posts"}],"about":[{"href":"https:\/\/www.materiel-relooking.com\/blog\/wp-json\/wp\/v2\/types\/post"}],"author":[{"embeddable":true,"href":"https:\/\/www.materiel-relooking.com\/blog\/wp-json\/wp\/v2\/users\/2"}],"replies":[{"embeddable":true,"href":"https:\/\/www.materiel-relooking.com\/blog\/wp-json\/wp\/v2\/comments?post=417891"}],"version-history":[{"count":1,"href":"https:\/\/www.materiel-relooking.com\/blog\/wp-json\/wp\/v2\/posts\/417891\/revisions"}],"predecessor-version":[{"id":417893,"href":"https:\/\/www.materiel-relooking.com\/blog\/wp-json\/wp\/v2\/posts\/417891\/revisions\/417893"}],"wp:featuredmedia":[{"embeddable":true,"href":"https:\/\/www.materiel-relooking.com\/blog\/wp-json\/wp\/v2\/media\/417894"}],"wp:attachment":[{"href":"https:\/\/www.materiel-relooking.com\/blog\/wp-json\/wp\/v2\/media?parent=417891"}],"wp:term":[{"taxonomy":"category","embeddable":true,"href":"https:\/\/www.materiel-relooking.com\/blog\/wp-json\/wp\/v2\/categories?post=417891"},{"taxonomy":"post_tag","embeddable":true,"href":"https:\/\/www.materiel-relooking.com\/blog\/wp-json\/wp\/v2\/tags?post=417891"}],"curies":[{"name":"wp","href":"https:\/\/api.w.org\/{rel}","templated":true}]}}