{"id":417945,"date":"2018-12-28T12:25:57","date_gmt":"2018-12-28T12:25:57","guid":{"rendered":"https:\/\/www.materiel-relooking.com\/blog\/?p=417945"},"modified":"2018-12-28T12:25:57","modified_gmt":"2018-12-28T12:25:57","slug":"le-relooking-et-la-beaute-se-preparent-a-feter-2019-une-annee-prometteuse","status":"publish","type":"post","link":"https:\/\/www.materiel-relooking.com\/blog\/le-relooking-et-la-beaute-se-preparent-a-feter-2019-une-annee-prometteuse\/","title":{"rendered":"Le Relooking et la beaut\u00e9 se pr\u00e9parent \u00e0 f\u00eater 2019, une ann\u00e9e prometteuse ?"},"content":{"rendered":"<p><strong><em>Ces derniers jours de l\u2019ann\u00e9e 2018 sont \u00e9lectriques pour chacun et chacune d\u2019entre-nous. Les Relookeuses cherchent aussi \u00e0 se remettre d\u2019une p\u00e9riode agit\u00e9e pour pouvoir mieux se projeter dans la nouvelle ann\u00e9e qui va commencer. <\/em><\/strong><\/p>\n<p>L\u2019actualit\u00e9 mouvement\u00e9e des derni\u00e8res semaines a impact\u00e9 tous\u00a0 les salons de beaut\u00e9, tous les Instituts de Relooking, tous les coachs en image et en look. Et pourtant, comme chaque ann\u00e9e, cette p\u00e9riode avant les f\u00eates de fin d\u2019ann\u00e9e repr\u00e9sente un temps fort du calendrier commercial du Relooking et de la Beaut\u00e9 en g\u00e9n\u00e9ral. Il va donc falloir rebondir, et plus que jamais, la pr\u00e9paration de la nouvelle ann\u00e9e sera cruciale pour r\u00e9ussir \u00e0 booster votre activit\u00e9 et votre CA. Si les Relookeuses esp\u00e8rent un d\u00e9but d\u2019ann\u00e9e 2019 plus apais\u00e9 que les derni\u00e8res semaines de 2018, elles cherchent surtout \u00e0 p\u00e9renniser leur salon ou leur activit\u00e9 de coaching au domicile. Tr\u00eave de No\u00ebl ou tr\u00eave des confiseurs, toujours est-il que ces derniers jours de l\u2019ann\u00e9e s\u2019imposent comme la phase de lancement de cette nouvelle ann\u00e9e.<\/p>\n<h2><strong>2019, ann\u00e9e de l\u2019apaisement, du bien-\u00eatre et de la beaut\u00e9\u00a0? <\/strong><\/h2>\n<p>L\u2019\u00e9laboration d\u2019un calendrier commercial pour les Relookeuses r\u00e9pond aux m\u00eames attentes et poursuit les m\u00eames objectifs que celui \u00e9labor\u00e9 par bien d\u2019autres professionnels. Il faut\u00a0:<\/p>\n<ul>\n<li><strong>Reprendre l\u2019historique\u00a0<\/strong>de votre salon de beaut\u00e9 et de votre Institut de Relooking pour identifier les temps forts des ann\u00e9es pr\u00e9c\u00e9dentes<\/li>\n<li><strong>Rep\u00e9rer les grandes tendances au fil des saisons,\u00a0<\/strong>avec la recherche des femmes et des hommes de solutions pour affiner leur silhouette \u00e0 mesure que l\u2019\u00e9t\u00e9 se rapproche par exemple<\/li>\n<li><strong>S\u00e9lectionner les dates cl\u00e9s de l\u2019ann\u00e9e civile<\/strong>, justifiant une op\u00e9ration sp\u00e9ciale ou une communication particuli\u00e8re, comme la F\u00eate des m\u00e8res, la Saint Valentin, \u2026.<\/li>\n<li>\u2026.<\/li>\n<\/ul>\n<p>Le <strong>calendrier commercial du Relooking\u00a0<\/strong>se construit pas \u00e0 pas, alors partagez et faites-nous, vous aussi, connaitre vos petits trucs et votre fa\u00e7on de proc\u00e9der.<\/p>\n<h2><strong>Mat\u00e9riel Relooking vous souhaite une belle et heureuse ann\u00e9e 2019<\/strong><\/h2>\n<p>Mais comme nous vous l\u2019avons dit, cette p\u00e9riode doit aussi \u00eatre une p\u00e9riode d\u2019apaisement, pendant laquelle vous profiterez de vos proches et de cette ambiance si particuli\u00e8re. Recharger les batteries et prendre soin de soi, voil\u00e0 la mission premi\u00e8re de tout un chacun, et les Relookeuses ne font pas exception \u00e0 la r\u00e8gle.<\/p>\n<p>Alors, toute l\u2019\u00e9quipe de Mat\u00e9riel Relooking vous souhaite d\u2019agr\u00e9ables f\u00eates de fin d\u2019ann\u00e9e. Et <strong>nous vous souhaitons le meilleur pour cette nouvelle ann\u00e9e qui commence<\/strong>, que ce soit pour votre r\u00e9ussite de votre activit\u00e9 de Relookeuse ou de <strong>coaching en apparence\u00a0<\/strong>ou pour tous vos autres projets, professionnels et priv\u00e9s.<\/p>\n","protected":false},"excerpt":{"rendered":"<p>Ces derniers jours de l\u2019ann\u00e9e 2018 sont \u00e9lectriques pour chacun et chacune d\u2019entre-nous. Les Relookeuses cherchent aussi \u00e0 se remettre d\u2019une p\u00e9riode agit\u00e9e pour pouvoir mieux se projeter dans la nouvelle ann\u00e9e qui va commencer. L\u2019actualit\u00e9 mouvement\u00e9e des derni\u00e8res semaines a impact\u00e9 tous\u00a0 les salons de beaut\u00e9, tous les Instituts de Relooking, tous les coachs en image et en look. Et pourtant, comme chaque ann\u00e9e, cette p\u00e9riode avant les f\u00eates de fin d\u2019ann\u00e9e repr\u00e9sente un temps fort du calendrier commercial du Relooking et de la Beaut\u00e9 en g\u00e9n\u00e9ral. Il va donc falloir rebondir, et plus que jamais, la pr\u00e9paration de la nouvelle ann\u00e9e sera cruciale pour r\u00e9ussir \u00e0 booster votre activit\u00e9 et votre CA. Si les Relookeuses esp\u00e8rent un d\u00e9but d\u2019ann\u00e9e 2019 plus apais\u00e9 que les derni\u00e8res semaines de 2018, elles cherchent surtout \u00e0 p\u00e9renniser leur salon ou leur activit\u00e9 de coaching au domicile. Tr\u00eave de No\u00ebl ou tr\u00eave des confiseurs, toujours est-il que ces derniers jours de l\u2019ann\u00e9e s\u2019imposent comme la phase de lancement de cette nouvelle ann\u00e9e. 2019, ann\u00e9e de l\u2019apaisement, du bien-\u00eatre et de la beaut\u00e9\u00a0? L\u2019\u00e9laboration d\u2019un calendrier commercial pour les Relookeuses r\u00e9pond aux m\u00eames attentes et poursuit les m\u00eames objectifs que celui \u00e9labor\u00e9 par bien d\u2019autres professionnels. Il faut\u00a0: Reprendre l\u2019historique\u00a0de votre salon de beaut\u00e9 et de votre Institut de Relooking pour identifier les temps forts des ann\u00e9es pr\u00e9c\u00e9dentes Rep\u00e9rer les grandes tendances au fil des saisons,\u00a0avec la recherche des femmes et des hommes de solutions pour affiner leur silhouette \u00e0 mesure que l\u2019\u00e9t\u00e9 se rapproche par exemple S\u00e9lectionner les dates cl\u00e9s de l\u2019ann\u00e9e civile, justifiant une op\u00e9ration sp\u00e9ciale ou une communication particuli\u00e8re, comme la F\u00eate des m\u00e8res, la Saint Valentin, \u2026. \u2026. Le calendrier commercial du Relooking\u00a0se construit pas \u00e0 pas, alors partagez et faites-nous, vous aussi, connaitre vos petits trucs et votre fa\u00e7on de proc\u00e9der. Mat\u00e9riel Relooking vous souhaite une belle et heureuse ann\u00e9e 2019 Mais comme nous vous l\u2019avons dit, cette p\u00e9riode doit aussi \u00eatre une p\u00e9riode d\u2019apaisement, pendant laquelle vous profiterez de vos proches et de cette ambiance si particuli\u00e8re. Recharger les batteries et prendre soin de soi, voil\u00e0 la mission premi\u00e8re de tout un chacun, et les Relookeuses ne font pas exception \u00e0 la r\u00e8gle. Alors, toute l\u2019\u00e9quipe de Mat\u00e9riel Relooking vous souhaite d\u2019agr\u00e9ables f\u00eates de fin d\u2019ann\u00e9e. Et nous vous souhaitons le meilleur pour cette nouvelle ann\u00e9e qui commence, que ce soit pour votre r\u00e9ussite de votre activit\u00e9 de Relookeuse ou de coaching en apparence\u00a0ou pour tous vos autres projets, professionnels et priv\u00e9s.<\/p>\n","protected":false},"author":2,"featured_media":417947,"comment_status":"closed","ping_status":"closed","sticky":false,"template":"","format":"aside","meta":{"spay_email":"","jetpack_publicize_message":"","jetpack_is_tweetstorm":false,"jetpack_publicize_feature_enabled":true},"categories":[113],"tags":[],"yoast_head":"<!-- This site is optimized with the Yoast SEO plugin v18.1 - https:\/\/yoast.com\/wordpress\/plugins\/seo\/ -->\n<title>Le Relooking et la beaut\u00e9 se pr\u00e9parent \u00e0 f\u00eater 2019, une ann\u00e9e prometteuse ? - Conseils Relooking - blog Relooking<\/title>\n<meta name=\"description\" content=\"Comme chaque ann\u00e9e, la p\u00e9riode est \u00e0 la pr\u00e9paration de la nouvelle ann\u00e9e qui se pr\u00e9parer et les Relookeuses et autres Coachs en look sont dans les starting-blocks.\" \/>\n<meta name=\"robots\" content=\"index, follow, max-snippet:-1, max-image-preview:large, max-video-preview:-1\" \/>\n<link rel=\"canonical\" href=\"https:\/\/www.materiel-relooking.com\/blog\/le-relooking-et-la-beaute-se-preparent-a-feter-2019-une-annee-prometteuse\/\" \/>\n<meta property=\"og:locale\" content=\"fr_FR\" \/>\n<meta property=\"og:type\" content=\"article\" \/>\n<meta property=\"og:title\" content=\"Le Relooking et la beaut\u00e9 se pr\u00e9parent \u00e0 f\u00eater 2019, une ann\u00e9e prometteuse ? - Conseils Relooking - blog Relooking\" \/>\n<meta property=\"og:description\" content=\"Comme chaque ann\u00e9e, la p\u00e9riode est \u00e0 la pr\u00e9paration de la nouvelle ann\u00e9e qui se pr\u00e9parer et les Relookeuses et autres Coachs en look sont dans les starting-blocks.\" \/>\n<meta property=\"og:url\" content=\"https:\/\/www.materiel-relooking.com\/blog\/le-relooking-et-la-beaute-se-preparent-a-feter-2019-une-annee-prometteuse\/\" \/>\n<meta property=\"og:site_name\" content=\"Conseils Relooking - blog Relooking\" \/>\n<meta property=\"article:publisher\" content=\"https:\/\/www.facebook.com\/pages\/Materiel-Relooking\/\" \/>\n<meta property=\"article:published_time\" content=\"2018-12-28T12:25:57+00:00\" \/>\n<meta property=\"og:image\" content=\"https:\/\/www.materiel-relooking.com\/blog\/wp-content\/uploads\/2018\/12\/bonne-annee-2019.jpg\" \/>\n\t<meta property=\"og:image:width\" content=\"1170\" \/>\n\t<meta property=\"og:image:height\" content=\"792\" \/>\n\t<meta property=\"og:image:type\" content=\"image\/jpeg\" \/>\n<meta name=\"twitter:card\" content=\"summary\" \/>\n<meta name=\"twitter:creator\" content=\"@materielrelook\" \/>\n<meta name=\"twitter:site\" content=\"@materielrelook\" \/>\n<meta name=\"twitter:label1\" content=\"\u00c9crit par\" \/>\n\t<meta name=\"twitter:data1\" content=\"Cristina Pedretti\" \/>\n\t<meta name=\"twitter:label2\" content=\"Dur\u00e9e de lecture estim\u00e9e\" \/>\n\t<meta name=\"twitter:data2\" content=\"2 minutes\" \/>\n<script type=\"application\/ld+json\" class=\"yoast-schema-graph\">{\"@context\":\"https:\/\/schema.org\",\"@graph\":[{\"@type\":\"WebSite\",\"@id\":\"https:\/\/www.materiel-relooking.com\/blog\/#website\",\"url\":\"https:\/\/www.materiel-relooking.com\/blog\/\",\"name\":\"Conseils Relooking - blog Relooking\",\"description\":\"Blog des conseils de relooking pour les Conseillers en image, des Coiffeurs, des Esth\u00e9ticiennes,\",\"potentialAction\":[{\"@type\":\"SearchAction\",\"target\":{\"@type\":\"EntryPoint\",\"urlTemplate\":\"https:\/\/www.materiel-relooking.com\/blog\/?s={search_term_string}\"},\"query-input\":\"required name=search_term_string\"}],\"inLanguage\":\"fr-FR\"},{\"@type\":\"ImageObject\",\"@id\":\"https:\/\/www.materiel-relooking.com\/blog\/le-relooking-et-la-beaute-se-preparent-a-feter-2019-une-annee-prometteuse\/#primaryimage\",\"inLanguage\":\"fr-FR\",\"url\":\"https:\/\/i0.wp.com\/www.materiel-relooking.com\/blog\/wp-content\/uploads\/2018\/12\/bonne-annee-2019.jpg?fit=1170%2C792&ssl=1\",\"contentUrl\":\"https:\/\/i0.wp.com\/www.materiel-relooking.com\/blog\/wp-content\/uploads\/2018\/12\/bonne-annee-2019.jpg?fit=1170%2C792&ssl=1\",\"width\":1170,\"height\":792,\"caption\":\"Le Relooking et la beaut\u00e9 se pr\u00e9parent \u00e0 f\u00eater 2019\"},{\"@type\":\"WebPage\",\"@id\":\"https:\/\/www.materiel-relooking.com\/blog\/le-relooking-et-la-beaute-se-preparent-a-feter-2019-une-annee-prometteuse\/#webpage\",\"url\":\"https:\/\/www.materiel-relooking.com\/blog\/le-relooking-et-la-beaute-se-preparent-a-feter-2019-une-annee-prometteuse\/\",\"name\":\"Le Relooking et la beaut\u00e9 se pr\u00e9parent \u00e0 f\u00eater 2019, une ann\u00e9e prometteuse ? - Conseils Relooking - blog Relooking\",\"isPartOf\":{\"@id\":\"https:\/\/www.materiel-relooking.com\/blog\/#website\"},\"primaryImageOfPage\":{\"@id\":\"https:\/\/www.materiel-relooking.com\/blog\/le-relooking-et-la-beaute-se-preparent-a-feter-2019-une-annee-prometteuse\/#primaryimage\"},\"datePublished\":\"2018-12-28T12:25:57+00:00\",\"dateModified\":\"2018-12-28T12:25:57+00:00\",\"author\":{\"@id\":\"https:\/\/www.materiel-relooking.com\/blog\/#\/schema\/person\/649eb71a49ea802d5d397139a2ddf665\"},\"description\":\"Comme chaque ann\u00e9e, la p\u00e9riode est \u00e0 la pr\u00e9paration de la nouvelle ann\u00e9e qui se pr\u00e9parer et les Relookeuses et autres Coachs en look sont dans les starting-blocks.\",\"breadcrumb\":{\"@id\":\"https:\/\/www.materiel-relooking.com\/blog\/le-relooking-et-la-beaute-se-preparent-a-feter-2019-une-annee-prometteuse\/#breadcrumb\"},\"inLanguage\":\"fr-FR\",\"potentialAction\":[{\"@type\":\"ReadAction\",\"target\":[\"https:\/\/www.materiel-relooking.com\/blog\/le-relooking-et-la-beaute-se-preparent-a-feter-2019-une-annee-prometteuse\/\"]}]},{\"@type\":\"BreadcrumbList\",\"@id\":\"https:\/\/www.materiel-relooking.com\/blog\/le-relooking-et-la-beaute-se-preparent-a-feter-2019-une-annee-prometteuse\/#breadcrumb\",\"itemListElement\":[{\"@type\":\"ListItem\",\"position\":1,\"name\":\"Accueil\",\"item\":\"https:\/\/www.materiel-relooking.com\/blog\/\"},{\"@type\":\"ListItem\",\"position\":2,\"name\":\"L'actualit\u00e9 du Relooking\",\"item\":\"https:\/\/www.materiel-relooking.com\/blog\/category\/lactualite-du-relooking\/\"},{\"@type\":\"ListItem\",\"position\":3,\"name\":\"Le Relooking et la beaut\u00e9 se pr\u00e9parent \u00e0 f\u00eater 2019, une ann\u00e9e prometteuse ?\"}]},{\"@type\":\"Person\",\"@id\":\"https:\/\/www.materiel-relooking.com\/blog\/#\/schema\/person\/649eb71a49ea802d5d397139a2ddf665\",\"name\":\"Cristina Pedretti\",\"image\":{\"@type\":\"ImageObject\",\"@id\":\"https:\/\/www.materiel-relooking.com\/blog\/#personlogo\",\"inLanguage\":\"fr-FR\",\"url\":\"https:\/\/i0.wp.com\/www.materiel-relooking.com\/blog\/wp-content\/uploads\/2015\/01\/cris.jpg?fit=72%2C96&ssl=1\",\"contentUrl\":\"https:\/\/i0.wp.com\/www.materiel-relooking.com\/blog\/wp-content\/uploads\/2015\/01\/cris.jpg?fit=72%2C96&ssl=1\",\"caption\":\"Cristina Pedretti\"},\"description\":\"Dipl\u00f4m\u00e9e de l\u2019\u00e9cole des Beaux-arts et de la C.S de la Haute Couture de Paris, Conseill\u00e8re en Image pour la personne depuis 1999.\"}]}<\/script>\n<!-- \/ Yoast SEO plugin. -->","yoast_head_json":{"title":"Le Relooking et la beaut\u00e9 se pr\u00e9parent \u00e0 f\u00eater 2019, une ann\u00e9e prometteuse ? - Conseils Relooking - blog Relooking","description":"Comme chaque ann\u00e9e, la p\u00e9riode est \u00e0 la pr\u00e9paration de la nouvelle ann\u00e9e qui se pr\u00e9parer et les Relookeuses et autres Coachs en look sont dans les starting-blocks.","robots":{"index":"index","follow":"follow","max-snippet":"max-snippet:-1","max-image-preview":"max-image-preview:large","max-video-preview":"max-video-preview:-1"},"canonical":"https:\/\/www.materiel-relooking.com\/blog\/le-relooking-et-la-beaute-se-preparent-a-feter-2019-une-annee-prometteuse\/","og_locale":"fr_FR","og_type":"article","og_title":"Le Relooking et la beaut\u00e9 se pr\u00e9parent \u00e0 f\u00eater 2019, une ann\u00e9e prometteuse ? - Conseils Relooking - blog Relooking","og_description":"Comme chaque ann\u00e9e, la p\u00e9riode est \u00e0 la pr\u00e9paration de la nouvelle ann\u00e9e qui se pr\u00e9parer et les Relookeuses et autres Coachs en look sont dans les starting-blocks.","og_url":"https:\/\/www.materiel-relooking.com\/blog\/le-relooking-et-la-beaute-se-preparent-a-feter-2019-une-annee-prometteuse\/","og_site_name":"Conseils Relooking - blog Relooking","article_publisher":"https:\/\/www.facebook.com\/pages\/Materiel-Relooking\/","article_published_time":"2018-12-28T12:25:57+00:00","og_image":[{"width":1170,"height":792,"url":"https:\/\/www.materiel-relooking.com\/blog\/wp-content\/uploads\/2018\/12\/bonne-annee-2019.jpg","type":"image\/jpeg"}],"twitter_card":"summary","twitter_creator":"@materielrelook","twitter_site":"@materielrelook","twitter_misc":{"\u00c9crit par":"Cristina Pedretti","Dur\u00e9e de lecture estim\u00e9e":"2 minutes"},"schema":{"@context":"https:\/\/schema.org","@graph":[{"@type":"WebSite","@id":"https:\/\/www.materiel-relooking.com\/blog\/#website","url":"https:\/\/www.materiel-relooking.com\/blog\/","name":"Conseils Relooking - blog Relooking","description":"Blog des conseils de relooking pour les Conseillers en image, des Coiffeurs, des Esth\u00e9ticiennes,","potentialAction":[{"@type":"SearchAction","target":{"@type":"EntryPoint","urlTemplate":"https:\/\/www.materiel-relooking.com\/blog\/?s={search_term_string}"},"query-input":"required name=search_term_string"}],"inLanguage":"fr-FR"},{"@type":"ImageObject","@id":"https:\/\/www.materiel-relooking.com\/blog\/le-relooking-et-la-beaute-se-preparent-a-feter-2019-une-annee-prometteuse\/#primaryimage","inLanguage":"fr-FR","url":"https:\/\/i0.wp.com\/www.materiel-relooking.com\/blog\/wp-content\/uploads\/2018\/12\/bonne-annee-2019.jpg?fit=1170%2C792&ssl=1","contentUrl":"https:\/\/i0.wp.com\/www.materiel-relooking.com\/blog\/wp-content\/uploads\/2018\/12\/bonne-annee-2019.jpg?fit=1170%2C792&ssl=1","width":1170,"height":792,"caption":"Le Relooking et la beaut\u00e9 se pr\u00e9parent \u00e0 f\u00eater 2019"},{"@type":"WebPage","@id":"https:\/\/www.materiel-relooking.com\/blog\/le-relooking-et-la-beaute-se-preparent-a-feter-2019-une-annee-prometteuse\/#webpage","url":"https:\/\/www.materiel-relooking.com\/blog\/le-relooking-et-la-beaute-se-preparent-a-feter-2019-une-annee-prometteuse\/","name":"Le Relooking et la beaut\u00e9 se pr\u00e9parent \u00e0 f\u00eater 2019, une ann\u00e9e prometteuse ? - Conseils Relooking - blog Relooking","isPartOf":{"@id":"https:\/\/www.materiel-relooking.com\/blog\/#website"},"primaryImageOfPage":{"@id":"https:\/\/www.materiel-relooking.com\/blog\/le-relooking-et-la-beaute-se-preparent-a-feter-2019-une-annee-prometteuse\/#primaryimage"},"datePublished":"2018-12-28T12:25:57+00:00","dateModified":"2018-12-28T12:25:57+00:00","author":{"@id":"https:\/\/www.materiel-relooking.com\/blog\/#\/schema\/person\/649eb71a49ea802d5d397139a2ddf665"},"description":"Comme chaque ann\u00e9e, la p\u00e9riode est \u00e0 la pr\u00e9paration de la nouvelle ann\u00e9e qui se pr\u00e9parer et les Relookeuses et autres Coachs en look sont dans les starting-blocks.","breadcrumb":{"@id":"https:\/\/www.materiel-relooking.com\/blog\/le-relooking-et-la-beaute-se-preparent-a-feter-2019-une-annee-prometteuse\/#breadcrumb"},"inLanguage":"fr-FR","potentialAction":[{"@type":"ReadAction","target":["https:\/\/www.materiel-relooking.com\/blog\/le-relooking-et-la-beaute-se-preparent-a-feter-2019-une-annee-prometteuse\/"]}]},{"@type":"BreadcrumbList","@id":"https:\/\/www.materiel-relooking.com\/blog\/le-relooking-et-la-beaute-se-preparent-a-feter-2019-une-annee-prometteuse\/#breadcrumb","itemListElement":[{"@type":"ListItem","position":1,"name":"Accueil","item":"https:\/\/www.materiel-relooking.com\/blog\/"},{"@type":"ListItem","position":2,"name":"L'actualit\u00e9 du Relooking","item":"https:\/\/www.materiel-relooking.com\/blog\/category\/lactualite-du-relooking\/"},{"@type":"ListItem","position":3,"name":"Le Relooking et la beaut\u00e9 se pr\u00e9parent \u00e0 f\u00eater 2019, une ann\u00e9e prometteuse ?"}]},{"@type":"Person","@id":"https:\/\/www.materiel-relooking.com\/blog\/#\/schema\/person\/649eb71a49ea802d5d397139a2ddf665","name":"Cristina Pedretti","image":{"@type":"ImageObject","@id":"https:\/\/www.materiel-relooking.com\/blog\/#personlogo","inLanguage":"fr-FR","url":"https:\/\/i0.wp.com\/www.materiel-relooking.com\/blog\/wp-content\/uploads\/2015\/01\/cris.jpg?fit=72%2C96&ssl=1","contentUrl":"https:\/\/i0.wp.com\/www.materiel-relooking.com\/blog\/wp-content\/uploads\/2015\/01\/cris.jpg?fit=72%2C96&ssl=1","caption":"Cristina Pedretti"},"description":"Dipl\u00f4m\u00e9e de l\u2019\u00e9cole des Beaux-arts et de la C.S de la Haute Couture de Paris, Conseill\u00e8re en Image pour la personne depuis 1999."}]}},"jetpack_featured_media_url":"https:\/\/i0.wp.com\/www.materiel-relooking.com\/blog\/wp-content\/uploads\/2018\/12\/bonne-annee-2019.jpg?fit=1170%2C792&ssl=1","jetpack_publicize_connections":[],"jetpack_sharing_enabled":true,"jetpack_shortlink":"https:\/\/wp.me\/p6KybK-1KJ3","jetpack-related-posts":[{"id":417949,"url":"https:\/\/www.materiel-relooking.com\/blog\/bonne-annee-2019-avec-le-specialiste-de-la-vente-en-ligne-du-relooking\/","url_meta":{"origin":417945,"position":0},"title":"Bonne ann\u00e9e 2019 avec le sp\u00e9cialiste de la vente en ligne du Relooking","date":"8 janvier 2019","format":"aside","excerpt":"Pour bien commencer l\u2019ann\u00e9e 2019, les Relookeuses, aussi, ont pris de bonnes r\u00e9solutions, notamment en ce qui concerne le d\u00e9veloppement de leur activit\u00e9 professionnelle. Mat\u00e9riel Relooking vous aide \u00e0 les tenir et \u00e0 bien commencer cette nouvelle ann\u00e9e. L\u2019ann\u00e9e 2019, une ann\u00e9e sous le signe de l\u2019image et de l\u2019apparence\u00a0?\u2026","rel":"","context":"Dans &quot;L'actualit\u00e9 du Relooking&quot;","img":{"alt_text":"Bonne ann\u00e9e 2019 avec le sp\u00e9cialiste de la vente en ligne du Relooking","src":"https:\/\/i0.wp.com\/www.materiel-relooking.com\/blog\/wp-content\/uploads\/2019\/01\/Bonne-ann\u00e9e-2019-avec-le-sp\u00e9cialiste-de-la-vente-en-ligne-du-Relooking.jpg?fit=1170%2C792&ssl=1&resize=350%2C200","width":350,"height":200},"classes":[]},{"id":417899,"url":"https:\/\/www.materiel-relooking.com\/blog\/de-fin-soldes-a-rentree-preparatifs-nouvelle-annee\/","url_meta":{"origin":417945,"position":1},"title":"De la fin des Soldes \u00e0 la Rentr\u00e9e, des pr\u00e9paratifs pour une nouvelle ann\u00e9e","date":"21 ao\u00fbt 2018","format":"aside","excerpt":"De la fin des Soldes \u00e0 la Rentr\u00e9e, des pr\u00e9paratifs pour une nouvelle ann\u00e9e Le calendrier semble s\u2019acc\u00e9l\u00e9rer en ce d\u00e9but aout. La fin des soldes, la rentr\u00e9e de septembre qui s\u2019annonce d\u00e9j\u00e0. Pour le Relooking comme pour toutes les autres activit\u00e9s, cette rentr\u00e9e se pr\u00e9pare d\u00e8s \u00e0 pr\u00e9sent pour\u2026","rel":"","context":"Dans &quot;L'actualit\u00e9 du Relooking&quot;","img":{"alt_text":"activit\u00e9 de relooking, relookeuse","src":"https:\/\/i0.wp.com\/www.materiel-relooking.com\/blog\/wp-content\/uploads\/2018\/08\/activit\u00e9-de-relooking-relookeuse.jpg?fit=1170%2C760&ssl=1&resize=350%2C200","width":350,"height":200},"classes":[]},{"id":417930,"url":"https:\/\/www.materiel-relooking.com\/blog\/pour-noel-offrez-vous-un-coup-de-boost-de-votre-ca-en-recrutant-de-nouvelles-clientes\/","url_meta":{"origin":417945,"position":2},"title":"Pour No\u00ebl, offrez-vous un coup de boost de votre CA en recrutant de nouvelles clientes !","date":"29 novembre 2018","format":"aside","excerpt":"La fin d\u2019ann\u00e9e, la p\u00e9riode pour sublimer votre expertise et valoriser votre savoir-faire Black Friday,Cyber Monday, No\u00ebl, Nouvel an, \u2026. Le temps s\u2019acc\u00e9l\u00e8re en cette fin d\u2019ann\u00e9e, et tous les e-commer\u00e7ants mais aussi les commer\u00e7ants sont sur le pont pour booster leurs ventes. Mais il n\u2019en va pas diff\u00e9remment pour\u2026","rel":"","context":"Dans &quot;Les Astuces du Relooking&quot;","img":{"alt_text":"offrez-vous un coup de boost de votre CA en recrutant de nouvelles clientes !","src":"https:\/\/i0.wp.com\/www.materiel-relooking.com\/blog\/wp-content\/uploads\/2018\/11\/offrez-vous-un-coup-de-boost-de-votre-CA-en-recrutant-de-nouvelles-clientes.jpg?fit=1170%2C760&ssl=1&resize=350%2C200","width":350,"height":200},"classes":[]},{"id":375584,"url":"https:\/\/www.materiel-relooking.com\/blog\/materiel-relooking-vous-adresse-ses-voeux-de-pleine-reussite\/","url_meta":{"origin":417945,"position":3},"title":"Mat\u00e9riel Relooking vous adresse ses v\u0153ux de pleine r\u00e9ussite","date":"27 d\u00e9cembre 2017","format":false,"excerpt":"Mat\u00e9riel Relooking vous adresse ses v\u0153ux de pleine r\u00e9ussite La p\u00e9riode est traditionnellement marqu\u00e9e par les v\u0153ux de bonne ann\u00e9e, et Mat\u00e9riel Relooking n\u2019\u00e9chappe pas \u00e0 la tradition. Profitons aussi de cette p\u00e9riode si particuli\u00e8re pour bien pr\u00e9parer la nouvelle ann\u00e9e qui s\u2019annonce. Le relooking, une belle promesse pour l\u2019ann\u00e9e\u2026","rel":"","context":"Dans &quot;Mat\u00e9riel conseil en image&quot;","img":{"alt_text":"Le relooking, une belle promesse pour l\u2019ann\u00e9e 2018","src":"https:\/\/i0.wp.com\/www.materiel-relooking.com\/blog\/wp-content\/uploads\/2017\/12\/Le-relooking-une-belle-promesse-pour-l\u2019anne\u0301e-2018-.jpeg?fit=612%2C596&ssl=1&resize=350%2C200","width":350,"height":200},"classes":[]},{"id":417953,"url":"https:\/\/www.materiel-relooking.com\/blog\/coaching-et-relooking-deux-savoir-faire-a-concilier-pour-une-expertise-beaute\/","url_meta":{"origin":417945,"position":4},"title":"Coaching et Relooking, deux savoir-faire \u00e0 concilier pour une expertise beaut\u00e9","date":"15 janvier 2019","format":"aside","excerpt":"Pour exceller dans le relooking, il ne suffit pas de maitriser l\u2019art du diagnostic colorim\u00e9trique ni m\u00eame de tout savoir sur le draping. Il faut aussi apprendre \u00e0 conseiller et rassurer ses clientes et ainsi s\u2019ouvrir \u00e0 l\u2019univers du coaching. Une nouveaut\u00e9, qui ne doit pas faire perdre de vue\u2026","rel":"","context":"Dans &quot;Les M\u00e9thodes du Relooking&quot;","img":{"alt_text":"Coaching et Relooking","src":"https:\/\/i0.wp.com\/www.materiel-relooking.com\/blog\/wp-content\/uploads\/2019\/01\/Coaching-et-Relooking.jpg?fit=1170%2C792&ssl=1&resize=350%2C200","width":350,"height":200},"classes":[]},{"id":357630,"url":"https:\/\/www.materiel-relooking.com\/blog\/cest-noel-avant-lheure-sur-materiel-relooking\/","url_meta":{"origin":417945,"position":5},"title":"C\u2019est No\u00ebl avant l\u2019heure sur Mat\u00e9riel relooking !","date":"11 d\u00e9cembre 2017","format":false,"excerpt":"C\u2019est No\u00ebl avant l\u2019heure sur Mat\u00e9riel relooking\u00a0! En ce mois de d\u00e9cembre 2017, les coiffeuses d\u00e9couvrent avec plaisir les calendriers de l\u2019avent de certaines des grandes marques de produits de coiffure. Les Esth\u00e9ticiennes et les Instituts de beaut\u00e9 profitent de cette atmosph\u00e8re si particuli\u00e8re pour r\u00e9pondre \u00e0 leurs clientes qui\u2026","rel":"","context":"Dans &quot;Astuces beaut\u00e9&quot;","img":{"alt_text":"Le blog de Mat\u00e9riel Relooking","src":"https:\/\/i0.wp.com\/www.materiel-relooking.com\/blog\/wp-content\/uploads\/2017\/12\/le-blog-materiel-relooking.jpeg?fit=612%2C385&ssl=1&resize=350%2C200","width":350,"height":200},"classes":[]}],"amp_enabled":true,"_links":{"self":[{"href":"https:\/\/www.materiel-relooking.com\/blog\/wp-json\/wp\/v2\/posts\/417945"}],"collection":[{"href":"https:\/\/www.materiel-relooking.com\/blog\/wp-json\/wp\/v2\/posts"}],"about":[{"href":"https:\/\/www.materiel-relooking.com\/blog\/wp-json\/wp\/v2\/types\/post"}],"author":[{"embeddable":true,"href":"https:\/\/www.materiel-relooking.com\/blog\/wp-json\/wp\/v2\/users\/2"}],"replies":[{"embeddable":true,"href":"https:\/\/www.materiel-relooking.com\/blog\/wp-json\/wp\/v2\/comments?post=417945"}],"version-history":[{"count":1,"href":"https:\/\/www.materiel-relooking.com\/blog\/wp-json\/wp\/v2\/posts\/417945\/revisions"}],"predecessor-version":[{"id":417946,"href":"https:\/\/www.materiel-relooking.com\/blog\/wp-json\/wp\/v2\/posts\/417945\/revisions\/417946"}],"wp:featuredmedia":[{"embeddable":true,"href":"https:\/\/www.materiel-relooking.com\/blog\/wp-json\/wp\/v2\/media\/417947"}],"wp:attachment":[{"href":"https:\/\/www.materiel-relooking.com\/blog\/wp-json\/wp\/v2\/media?parent=417945"}],"wp:term":[{"taxonomy":"category","embeddable":true,"href":"https:\/\/www.materiel-relooking.com\/blog\/wp-json\/wp\/v2\/categories?post=417945"},{"taxonomy":"post_tag","embeddable":true,"href":"https:\/\/www.materiel-relooking.com\/blog\/wp-json\/wp\/v2\/tags?post=417945"}],"curies":[{"name":"wp","href":"https:\/\/api.w.org\/{rel}","templated":true}]}}