{"id":417953,"date":"2019-01-15T15:20:48","date_gmt":"2019-01-15T15:20:48","guid":{"rendered":"https:\/\/www.materiel-relooking.com\/blog\/?p=417953"},"modified":"2019-01-15T15:20:48","modified_gmt":"2019-01-15T15:20:48","slug":"coaching-et-relooking-deux-savoir-faire-a-concilier-pour-une-expertise-beaute","status":"publish","type":"post","link":"https:\/\/www.materiel-relooking.com\/blog\/coaching-et-relooking-deux-savoir-faire-a-concilier-pour-une-expertise-beaute\/","title":{"rendered":"Coaching et Relooking, deux savoir-faire \u00e0 concilier pour une expertise beaut\u00e9"},"content":{"rendered":"<p><strong><em>Pour exceller dans le relooking, il ne suffit pas de maitriser l\u2019art du diagnostic colorim\u00e9trique ni m\u00eame de tout savoir sur le draping. Il faut aussi apprendre \u00e0 conseiller et rassurer ses clientes et ainsi s\u2019ouvrir \u00e0 l\u2019univers du coaching. Une nouveaut\u00e9, qui ne doit pas faire perdre de vue les traditions qui restent une des cl\u00e9s de votre r\u00e9ussite. <\/em><\/strong><\/p>\n<h2><strong>Les Soldes Mat\u00e9riel Relooking, quand la tradition r\u00e9pond aux derni\u00e8res tendances <\/strong><\/h2>\n<p>Que serait un d\u00e9but d\u2019ann\u00e9e sans le retour des soldes d\u2019hiver\u00a0? En 2019 aussi, <strong>Mat\u00e9riel Relooking<\/strong>vous propose de bien commencer l\u2019ann\u00e9e, en retrouvant des prix exceptionnels sur tout le mat\u00e9riel n\u00e9cessaire au Relooking ou \u00e0 votre nouvelle activit\u00e9 de conseil en image et en apparence. Laissez-vous s\u00e9duire par ces prix bas sur les cosm\u00e9tiques de qualit\u00e9 professionnelle ou sur les kits de foulard, dont vous avez besoin pour r\u00e9aliser vos diagnostics colorim\u00e9triques. <strong><a href=\"https:\/\/www.materiel-relooking.com\/fr\/accessoires-de-maquillage\/977-elite-models-trousse-de-maquillage-elite-models-chocolat.html\">Des trousses de maquillage \u00e0 \u2013 50 %,<\/a><\/strong>des petits prix pour vous \u00e9quiper avec un mat\u00e9riel toujours rigoureusement s\u00e9lectionn\u00e9 par l\u2019\u00e9quipe de Mat\u00e9riel Relooking. Premier site de vente en ligne consacr\u00e9e au Relooking, nous continuons \u00e0 vous accompagner dans toutes vos d\u00e9marches, alors les <strong>Soldes Mat\u00e9riel Relooking,\u00a0<\/strong>c\u2019est tout de suite qu\u2019il faut en profiter.<\/p>\n<h2><strong>Et le coaching en image, une tendance forte pour 2019\u00a0? <\/strong><\/h2>\n<p>Si personne ne peut pr\u00e9dire les grandes tendances qui marqueront cette nouvelle ann\u00e9e, on peut, sans prendre trop de risques, souligner que la mode du coaching continuera de s\u00e9duire un nombre toujours plus important de consommateurs et consommatrices. En effet, \u00e0 une \u00e9poque o\u00f9 le Digital permet \u00e0 tout un chacun de trouver toutes les informations l\u2019int\u00e9ressant, nous avons tous besoin d\u2019\u00eatre conseill\u00e9, guid\u00e9,, accompagn\u00e9 pour tirer pleinement profit de ces informations trop nombreuses pour pouvoir \u00eatre pleinement assimil\u00e9es. Cette tendance se v\u00e9rifie bien \u00e9videmment dans le domaine de la beaut\u00e9, du bien-\u00eatre et du Relooking.<\/p>\n<p>Il ne suffit pas de lire un article expliquant <strong>comment r\u00e9ussir son Relooking\u00a0<\/strong>pour se transformer en un coup de baguette magique en une Relookeuse parfaite. Le coaching sera alors recherch\u00e9 pour accompagner ces femmes, qui ont d\u00e9cid\u00e9 de prendre soin de leur apparence et de soigner leur look. Il ne s\u2019agit pas d\u2019imposer, de r\u00e9aliser, mais bien de guider et d\u2019accompagner vos clientes.<\/p>\n<h2><strong>Le Relooking, une question d\u2019image, de beaut\u00e9 et d\u2019apparence, mais aussi une question de coaching avant tout <\/strong><\/h2>\n<p>En mati\u00e8re de Relooking, le coaching s\u2019impose comme une voie naturelle pour atteindre ses objectifs. Qu\u2019il s\u2019agisse de se sentir mieux dans sa peau, ou que la d\u00e9marche de faire appel \u00e0 une coach en image soit plus centr\u00e9e sur son activit\u00e9 professionnelle, l\u2019objectif reste toujours le m\u00eame\u00a0: adopter un look plus en phase avec sa personnalit\u00e9, <strong>soigner son apparence en apprenant \u00e0 mieux se connaitre.<\/strong><\/p>\n<p>Certes, le <strong>choix des couleurs de v\u00eatements\u00a0<\/strong>et la s\u00e9lection <strong><a href=\"https:\/\/www.materiel-relooking.com\/fr\/39-maquillage-professionnel\">des produits de maquillage\u00a0<\/a><\/strong>ont leur importance, qu\u2019il ne faudra pas n\u00e9gliger, mais vos clientes attendent bien plus de votre intervention. Elles attendent des conseils pratiques au quotidien pour les mener vers l\u2019autonomie. Autonomie pour choisir les <strong>v\u00eatements qui valoriseront leur image, autonomie\u00a0<\/strong>pour comprendre les coiffures et les couleurs de cheveux \u00e0 privil\u00e9gier, autonomie pour apprendre \u00e0 choisir les bons accessoires de mode, \u2026<\/p>\n<p>Comme quoi, la beaut\u00e9 en g\u00e9n\u00e9ral et le Relooking en particulier restent des domaines, o\u00f9 le coaching r\u00e9pond aux attentes des clientes et des clients, tout en renfor\u00e7ant l\u2019image de sp\u00e9cialiste endoss\u00e9e par les Relookeuses et autres conseill\u00e8res en image, alors profitez-en en 2019 et boostez votre r\u00e9ussite, en misant sur le coaching en plus de votre expertise.<\/p>\n<p><strong><em>Et vous, avez-vous d\u00e9j\u00e0 mis en avant cet aspect du m\u00e9tier de Relookeuse\u00a0? Comment\u00a0? Quels sont vos ambitions en la mati\u00e8re pour 2019\u00a0? <\/em><\/strong><\/p>\n","protected":false},"excerpt":{"rendered":"<p>Pour exceller dans le relooking, il ne suffit pas de maitriser l\u2019art du diagnostic colorim\u00e9trique ni m\u00eame de tout savoir sur le draping. Il faut aussi apprendre \u00e0 conseiller et rassurer ses clientes et ainsi s\u2019ouvrir \u00e0 l\u2019univers du coaching. Une nouveaut\u00e9, qui ne doit pas faire perdre de vue les traditions qui restent une des cl\u00e9s de votre r\u00e9ussite. Les Soldes Mat\u00e9riel Relooking, quand la tradition r\u00e9pond aux derni\u00e8res tendances Que serait un d\u00e9but d\u2019ann\u00e9e sans le retour des soldes d\u2019hiver\u00a0? En 2019 aussi, Mat\u00e9riel Relookingvous propose de bien commencer l\u2019ann\u00e9e, en retrouvant des prix exceptionnels sur tout le mat\u00e9riel n\u00e9cessaire au Relooking ou \u00e0 votre nouvelle activit\u00e9 de conseil en image et en apparence. Laissez-vous s\u00e9duire par ces prix bas sur les cosm\u00e9tiques de qualit\u00e9 professionnelle ou sur les kits de foulard, dont vous avez besoin pour r\u00e9aliser vos diagnostics colorim\u00e9triques. Des trousses de maquillage \u00e0 \u2013 50 %,des petits prix pour vous \u00e9quiper avec un mat\u00e9riel toujours rigoureusement s\u00e9lectionn\u00e9 par l\u2019\u00e9quipe de Mat\u00e9riel Relooking. Premier site de vente en ligne consacr\u00e9e au Relooking, nous continuons \u00e0 vous accompagner dans toutes vos d\u00e9marches, alors les Soldes Mat\u00e9riel Relooking,\u00a0c\u2019est tout de suite qu\u2019il faut en profiter. Et le coaching en image, une tendance forte pour 2019\u00a0? Si personne ne peut pr\u00e9dire les grandes tendances qui marqueront cette nouvelle ann\u00e9e, on peut, sans prendre trop de risques, souligner que la mode du coaching continuera de s\u00e9duire un nombre toujours plus important de consommateurs et consommatrices. En effet, \u00e0 une \u00e9poque o\u00f9 le Digital permet \u00e0 tout un chacun de trouver toutes les informations l\u2019int\u00e9ressant, nous avons tous besoin d\u2019\u00eatre conseill\u00e9, guid\u00e9,, accompagn\u00e9 pour tirer pleinement profit de ces informations trop nombreuses pour pouvoir \u00eatre pleinement assimil\u00e9es. Cette tendance se v\u00e9rifie bien \u00e9videmment dans le domaine de la beaut\u00e9, du bien-\u00eatre et du Relooking. Il ne suffit pas de lire un article expliquant comment r\u00e9ussir son Relooking\u00a0pour se transformer en un coup de baguette magique en une Relookeuse parfaite. Le coaching sera alors recherch\u00e9 pour accompagner ces femmes, qui ont d\u00e9cid\u00e9 de prendre soin de leur apparence et de soigner leur look. Il ne s\u2019agit pas d\u2019imposer, de r\u00e9aliser, mais bien de guider et d\u2019accompagner vos clientes. Le Relooking, une question d\u2019image, de beaut\u00e9 et d\u2019apparence, mais aussi une question de coaching avant tout En mati\u00e8re de Relooking, le coaching s\u2019impose comme une voie naturelle pour atteindre ses objectifs. Qu\u2019il s\u2019agisse de se sentir mieux dans sa peau, ou que la d\u00e9marche de faire appel \u00e0 une coach en image soit plus centr\u00e9e sur son activit\u00e9 professionnelle, l\u2019objectif reste toujours le m\u00eame\u00a0: adopter un look plus en phase avec sa personnalit\u00e9, soigner son apparence en apprenant \u00e0 mieux se connaitre. Certes, le choix des couleurs de v\u00eatements\u00a0et la s\u00e9lection des produits de maquillage\u00a0ont leur importance, qu\u2019il ne faudra pas n\u00e9gliger, mais vos clientes attendent bien plus de votre intervention. Elles attendent des conseils pratiques au quotidien pour les mener vers l\u2019autonomie. Autonomie pour choisir les v\u00eatements qui valoriseront leur image, autonomie\u00a0pour comprendre les coiffures et les couleurs de cheveux \u00e0 privil\u00e9gier, autonomie pour apprendre \u00e0 choisir les bons accessoires de mode, \u2026 Comme quoi, la beaut\u00e9 en g\u00e9n\u00e9ral et le Relooking en particulier restent des domaines, o\u00f9 le coaching r\u00e9pond aux attentes des clientes et des clients, tout en renfor\u00e7ant l\u2019image de sp\u00e9cialiste endoss\u00e9e par les Relookeuses et autres conseill\u00e8res en image, alors profitez-en en 2019 et boostez votre r\u00e9ussite, en misant sur le coaching en plus de votre expertise. Et vous, avez-vous d\u00e9j\u00e0 mis en avant cet aspect du m\u00e9tier de Relookeuse\u00a0? Comment\u00a0? Quels sont vos ambitions en la mati\u00e8re pour 2019\u00a0?<\/p>\n","protected":false},"author":2,"featured_media":417954,"comment_status":"closed","ping_status":"closed","sticky":false,"template":"","format":"aside","meta":{"spay_email":"","jetpack_publicize_message":"","jetpack_is_tweetstorm":false,"jetpack_publicize_feature_enabled":true},"categories":[3],"tags":[],"yoast_head":"<!-- This site is optimized with the Yoast SEO plugin v18.1 - https:\/\/yoast.com\/wordpress\/plugins\/seo\/ -->\n<title>Coaching et Relooking, deux savoir-faire \u00e0 concilier pour une expertise beaut\u00e9 - Conseils Relooking - blog Relooking<\/title>\n<meta name=\"description\" content=\"Pour r\u00e9ussir en tant que Relookeuse, d\u00e9passez votre expertise du draping et du diagnostic colorim\u00e9trique et devenez une sp\u00e9cialiste du coaching beaut\u00e9.\" \/>\n<meta name=\"robots\" content=\"index, follow, max-snippet:-1, max-image-preview:large, max-video-preview:-1\" \/>\n<link rel=\"canonical\" href=\"https:\/\/www.materiel-relooking.com\/blog\/coaching-et-relooking-deux-savoir-faire-a-concilier-pour-une-expertise-beaute\/\" \/>\n<meta property=\"og:locale\" content=\"fr_FR\" \/>\n<meta property=\"og:type\" content=\"article\" \/>\n<meta property=\"og:title\" content=\"Coaching et Relooking, deux savoir-faire \u00e0 concilier pour une expertise beaut\u00e9 - Conseils Relooking - blog Relooking\" \/>\n<meta property=\"og:description\" content=\"Pour r\u00e9ussir en tant que Relookeuse, d\u00e9passez votre expertise du draping et du diagnostic colorim\u00e9trique et devenez une sp\u00e9cialiste du coaching beaut\u00e9.\" \/>\n<meta property=\"og:url\" content=\"https:\/\/www.materiel-relooking.com\/blog\/coaching-et-relooking-deux-savoir-faire-a-concilier-pour-une-expertise-beaute\/\" \/>\n<meta property=\"og:site_name\" content=\"Conseils Relooking - blog Relooking\" \/>\n<meta property=\"article:publisher\" content=\"https:\/\/www.facebook.com\/pages\/Materiel-Relooking\/\" \/>\n<meta property=\"article:published_time\" content=\"2019-01-15T15:20:48+00:00\" \/>\n<meta property=\"og:image\" content=\"https:\/\/www.materiel-relooking.com\/blog\/wp-content\/uploads\/2019\/01\/Coaching-et-Relooking.jpg\" \/>\n\t<meta property=\"og:image:width\" content=\"1170\" \/>\n\t<meta property=\"og:image:height\" content=\"792\" \/>\n\t<meta property=\"og:image:type\" content=\"image\/jpeg\" \/>\n<meta name=\"twitter:card\" content=\"summary\" \/>\n<meta name=\"twitter:creator\" content=\"@materielrelook\" \/>\n<meta name=\"twitter:site\" content=\"@materielrelook\" \/>\n<meta name=\"twitter:label1\" content=\"\u00c9crit par\" \/>\n\t<meta name=\"twitter:data1\" content=\"Cristina Pedretti\" \/>\n\t<meta name=\"twitter:label2\" content=\"Dur\u00e9e de lecture estim\u00e9e\" \/>\n\t<meta name=\"twitter:data2\" content=\"3 minutes\" \/>\n<script type=\"application\/ld+json\" class=\"yoast-schema-graph\">{\"@context\":\"https:\/\/schema.org\",\"@graph\":[{\"@type\":\"WebSite\",\"@id\":\"https:\/\/www.materiel-relooking.com\/blog\/#website\",\"url\":\"https:\/\/www.materiel-relooking.com\/blog\/\",\"name\":\"Conseils Relooking - blog Relooking\",\"description\":\"Blog des conseils de relooking pour les Conseillers en image, des Coiffeurs, des Esth\u00e9ticiennes,\",\"potentialAction\":[{\"@type\":\"SearchAction\",\"target\":{\"@type\":\"EntryPoint\",\"urlTemplate\":\"https:\/\/www.materiel-relooking.com\/blog\/?s={search_term_string}\"},\"query-input\":\"required name=search_term_string\"}],\"inLanguage\":\"fr-FR\"},{\"@type\":\"ImageObject\",\"@id\":\"https:\/\/www.materiel-relooking.com\/blog\/coaching-et-relooking-deux-savoir-faire-a-concilier-pour-une-expertise-beaute\/#primaryimage\",\"inLanguage\":\"fr-FR\",\"url\":\"https:\/\/i0.wp.com\/www.materiel-relooking.com\/blog\/wp-content\/uploads\/2019\/01\/Coaching-et-Relooking.jpg?fit=1170%2C792&ssl=1\",\"contentUrl\":\"https:\/\/i0.wp.com\/www.materiel-relooking.com\/blog\/wp-content\/uploads\/2019\/01\/Coaching-et-Relooking.jpg?fit=1170%2C792&ssl=1\",\"width\":1170,\"height\":792,\"caption\":\"Coaching et Relooking\"},{\"@type\":\"WebPage\",\"@id\":\"https:\/\/www.materiel-relooking.com\/blog\/coaching-et-relooking-deux-savoir-faire-a-concilier-pour-une-expertise-beaute\/#webpage\",\"url\":\"https:\/\/www.materiel-relooking.com\/blog\/coaching-et-relooking-deux-savoir-faire-a-concilier-pour-une-expertise-beaute\/\",\"name\":\"Coaching et Relooking, deux savoir-faire \u00e0 concilier pour une expertise beaut\u00e9 - Conseils Relooking - blog Relooking\",\"isPartOf\":{\"@id\":\"https:\/\/www.materiel-relooking.com\/blog\/#website\"},\"primaryImageOfPage\":{\"@id\":\"https:\/\/www.materiel-relooking.com\/blog\/coaching-et-relooking-deux-savoir-faire-a-concilier-pour-une-expertise-beaute\/#primaryimage\"},\"datePublished\":\"2019-01-15T15:20:48+00:00\",\"dateModified\":\"2019-01-15T15:20:48+00:00\",\"author\":{\"@id\":\"https:\/\/www.materiel-relooking.com\/blog\/#\/schema\/person\/649eb71a49ea802d5d397139a2ddf665\"},\"description\":\"Pour r\u00e9ussir en tant que Relookeuse, d\u00e9passez votre expertise du draping et du diagnostic colorim\u00e9trique et devenez une sp\u00e9cialiste du coaching beaut\u00e9.\",\"breadcrumb\":{\"@id\":\"https:\/\/www.materiel-relooking.com\/blog\/coaching-et-relooking-deux-savoir-faire-a-concilier-pour-une-expertise-beaute\/#breadcrumb\"},\"inLanguage\":\"fr-FR\",\"potentialAction\":[{\"@type\":\"ReadAction\",\"target\":[\"https:\/\/www.materiel-relooking.com\/blog\/coaching-et-relooking-deux-savoir-faire-a-concilier-pour-une-expertise-beaute\/\"]}]},{\"@type\":\"BreadcrumbList\",\"@id\":\"https:\/\/www.materiel-relooking.com\/blog\/coaching-et-relooking-deux-savoir-faire-a-concilier-pour-une-expertise-beaute\/#breadcrumb\",\"itemListElement\":[{\"@type\":\"ListItem\",\"position\":1,\"name\":\"Accueil\",\"item\":\"https:\/\/www.materiel-relooking.com\/blog\/\"},{\"@type\":\"ListItem\",\"position\":2,\"name\":\"Les M\u00e9thodes du Relooking\",\"item\":\"https:\/\/www.materiel-relooking.com\/blog\/category\/les-methodes-du-relooking\/\"},{\"@type\":\"ListItem\",\"position\":3,\"name\":\"Coaching et Relooking, deux savoir-faire \u00e0 concilier pour une expertise beaut\u00e9\"}]},{\"@type\":\"Person\",\"@id\":\"https:\/\/www.materiel-relooking.com\/blog\/#\/schema\/person\/649eb71a49ea802d5d397139a2ddf665\",\"name\":\"Cristina Pedretti\",\"image\":{\"@type\":\"ImageObject\",\"@id\":\"https:\/\/www.materiel-relooking.com\/blog\/#personlogo\",\"inLanguage\":\"fr-FR\",\"url\":\"https:\/\/i0.wp.com\/www.materiel-relooking.com\/blog\/wp-content\/uploads\/2015\/01\/cris.jpg?fit=72%2C96&ssl=1\",\"contentUrl\":\"https:\/\/i0.wp.com\/www.materiel-relooking.com\/blog\/wp-content\/uploads\/2015\/01\/cris.jpg?fit=72%2C96&ssl=1\",\"caption\":\"Cristina Pedretti\"},\"description\":\"Dipl\u00f4m\u00e9e de l\u2019\u00e9cole des Beaux-arts et de la C.S de la Haute Couture de Paris, Conseill\u00e8re en Image pour la personne depuis 1999.\"}]}<\/script>\n<!-- \/ Yoast SEO plugin. -->","yoast_head_json":{"title":"Coaching et Relooking, deux savoir-faire \u00e0 concilier pour une expertise beaut\u00e9 - Conseils Relooking - blog Relooking","description":"Pour r\u00e9ussir en tant que Relookeuse, d\u00e9passez votre expertise du draping et du diagnostic colorim\u00e9trique et devenez une sp\u00e9cialiste du coaching beaut\u00e9.","robots":{"index":"index","follow":"follow","max-snippet":"max-snippet:-1","max-image-preview":"max-image-preview:large","max-video-preview":"max-video-preview:-1"},"canonical":"https:\/\/www.materiel-relooking.com\/blog\/coaching-et-relooking-deux-savoir-faire-a-concilier-pour-une-expertise-beaute\/","og_locale":"fr_FR","og_type":"article","og_title":"Coaching et Relooking, deux savoir-faire \u00e0 concilier pour une expertise beaut\u00e9 - Conseils Relooking - blog Relooking","og_description":"Pour r\u00e9ussir en tant que Relookeuse, d\u00e9passez votre expertise du draping et du diagnostic colorim\u00e9trique et devenez une sp\u00e9cialiste du coaching beaut\u00e9.","og_url":"https:\/\/www.materiel-relooking.com\/blog\/coaching-et-relooking-deux-savoir-faire-a-concilier-pour-une-expertise-beaute\/","og_site_name":"Conseils Relooking - blog Relooking","article_publisher":"https:\/\/www.facebook.com\/pages\/Materiel-Relooking\/","article_published_time":"2019-01-15T15:20:48+00:00","og_image":[{"width":1170,"height":792,"url":"https:\/\/www.materiel-relooking.com\/blog\/wp-content\/uploads\/2019\/01\/Coaching-et-Relooking.jpg","type":"image\/jpeg"}],"twitter_card":"summary","twitter_creator":"@materielrelook","twitter_site":"@materielrelook","twitter_misc":{"\u00c9crit par":"Cristina Pedretti","Dur\u00e9e de lecture estim\u00e9e":"3 minutes"},"schema":{"@context":"https:\/\/schema.org","@graph":[{"@type":"WebSite","@id":"https:\/\/www.materiel-relooking.com\/blog\/#website","url":"https:\/\/www.materiel-relooking.com\/blog\/","name":"Conseils Relooking - blog Relooking","description":"Blog des conseils de relooking pour les Conseillers en image, des Coiffeurs, des Esth\u00e9ticiennes,","potentialAction":[{"@type":"SearchAction","target":{"@type":"EntryPoint","urlTemplate":"https:\/\/www.materiel-relooking.com\/blog\/?s={search_term_string}"},"query-input":"required name=search_term_string"}],"inLanguage":"fr-FR"},{"@type":"ImageObject","@id":"https:\/\/www.materiel-relooking.com\/blog\/coaching-et-relooking-deux-savoir-faire-a-concilier-pour-une-expertise-beaute\/#primaryimage","inLanguage":"fr-FR","url":"https:\/\/i0.wp.com\/www.materiel-relooking.com\/blog\/wp-content\/uploads\/2019\/01\/Coaching-et-Relooking.jpg?fit=1170%2C792&ssl=1","contentUrl":"https:\/\/i0.wp.com\/www.materiel-relooking.com\/blog\/wp-content\/uploads\/2019\/01\/Coaching-et-Relooking.jpg?fit=1170%2C792&ssl=1","width":1170,"height":792,"caption":"Coaching et Relooking"},{"@type":"WebPage","@id":"https:\/\/www.materiel-relooking.com\/blog\/coaching-et-relooking-deux-savoir-faire-a-concilier-pour-une-expertise-beaute\/#webpage","url":"https:\/\/www.materiel-relooking.com\/blog\/coaching-et-relooking-deux-savoir-faire-a-concilier-pour-une-expertise-beaute\/","name":"Coaching et Relooking, deux savoir-faire \u00e0 concilier pour une expertise beaut\u00e9 - Conseils Relooking - blog Relooking","isPartOf":{"@id":"https:\/\/www.materiel-relooking.com\/blog\/#website"},"primaryImageOfPage":{"@id":"https:\/\/www.materiel-relooking.com\/blog\/coaching-et-relooking-deux-savoir-faire-a-concilier-pour-une-expertise-beaute\/#primaryimage"},"datePublished":"2019-01-15T15:20:48+00:00","dateModified":"2019-01-15T15:20:48+00:00","author":{"@id":"https:\/\/www.materiel-relooking.com\/blog\/#\/schema\/person\/649eb71a49ea802d5d397139a2ddf665"},"description":"Pour r\u00e9ussir en tant que Relookeuse, d\u00e9passez votre expertise du draping et du diagnostic colorim\u00e9trique et devenez une sp\u00e9cialiste du coaching beaut\u00e9.","breadcrumb":{"@id":"https:\/\/www.materiel-relooking.com\/blog\/coaching-et-relooking-deux-savoir-faire-a-concilier-pour-une-expertise-beaute\/#breadcrumb"},"inLanguage":"fr-FR","potentialAction":[{"@type":"ReadAction","target":["https:\/\/www.materiel-relooking.com\/blog\/coaching-et-relooking-deux-savoir-faire-a-concilier-pour-une-expertise-beaute\/"]}]},{"@type":"BreadcrumbList","@id":"https:\/\/www.materiel-relooking.com\/blog\/coaching-et-relooking-deux-savoir-faire-a-concilier-pour-une-expertise-beaute\/#breadcrumb","itemListElement":[{"@type":"ListItem","position":1,"name":"Accueil","item":"https:\/\/www.materiel-relooking.com\/blog\/"},{"@type":"ListItem","position":2,"name":"Les M\u00e9thodes du Relooking","item":"https:\/\/www.materiel-relooking.com\/blog\/category\/les-methodes-du-relooking\/"},{"@type":"ListItem","position":3,"name":"Coaching et Relooking, deux savoir-faire \u00e0 concilier pour une expertise beaut\u00e9"}]},{"@type":"Person","@id":"https:\/\/www.materiel-relooking.com\/blog\/#\/schema\/person\/649eb71a49ea802d5d397139a2ddf665","name":"Cristina Pedretti","image":{"@type":"ImageObject","@id":"https:\/\/www.materiel-relooking.com\/blog\/#personlogo","inLanguage":"fr-FR","url":"https:\/\/i0.wp.com\/www.materiel-relooking.com\/blog\/wp-content\/uploads\/2015\/01\/cris.jpg?fit=72%2C96&ssl=1","contentUrl":"https:\/\/i0.wp.com\/www.materiel-relooking.com\/blog\/wp-content\/uploads\/2015\/01\/cris.jpg?fit=72%2C96&ssl=1","caption":"Cristina Pedretti"},"description":"Dipl\u00f4m\u00e9e de l\u2019\u00e9cole des Beaux-arts et de la C.S de la Haute Couture de Paris, Conseill\u00e8re en Image pour la personne depuis 1999."}]}},"jetpack_featured_media_url":"https:\/\/i0.wp.com\/www.materiel-relooking.com\/blog\/wp-content\/uploads\/2019\/01\/Coaching-et-Relooking.jpg?fit=1170%2C792&ssl=1","jetpack_publicize_connections":[],"jetpack_sharing_enabled":true,"jetpack_shortlink":"https:\/\/wp.me\/p6KybK-1KJb","jetpack-related-posts":[{"id":375614,"url":"https:\/\/www.materiel-relooking.com\/blog\/relooking-2018-promesse-dune-annee-riche-intense\/","url_meta":{"origin":417953,"position":0},"title":"Le Relooking en 2018, la promesse d\u2019une ann\u00e9e riche et intense !","date":"9 janvier 2018","format":false,"excerpt":"Le Relooking en 2018, la promesse d\u2019une ann\u00e9e riche et intense\u00a0! Toute l\u2019\u00e9quipe de Mat\u00e9riel Relooking vous souhaite une belle et heureuse ann\u00e9e 2018. La sant\u00e9, le bonheur, le plaisir et la r\u00e9ussite dans votre activit\u00e9 bien s\u00fbr. Et 2018 s\u2019annonce prometteuse pour les professionnelles de l\u2019image et du relooking,\u2026","rel":"","context":"Dans &quot;Les Astuces du Relooking&quot;","img":{"alt_text":"Le Relooking en 2018, la promesse d\u2019une ann\u00e9e riche et intense !","src":"https:\/\/i0.wp.com\/www.materiel-relooking.com\/blog\/wp-content\/uploads\/2017\/12\/Le-Relooking-en-2018-la-promesse-d\u2019une-anne\u0301e-riche-et-intense-.jpeg?fit=612%2C408&ssl=1&resize=350%2C200","width":350,"height":200},"classes":[]},{"id":357630,"url":"https:\/\/www.materiel-relooking.com\/blog\/cest-noel-avant-lheure-sur-materiel-relooking\/","url_meta":{"origin":417953,"position":1},"title":"C\u2019est No\u00ebl avant l\u2019heure sur Mat\u00e9riel relooking !","date":"11 d\u00e9cembre 2017","format":false,"excerpt":"C\u2019est No\u00ebl avant l\u2019heure sur Mat\u00e9riel relooking\u00a0! En ce mois de d\u00e9cembre 2017, les coiffeuses d\u00e9couvrent avec plaisir les calendriers de l\u2019avent de certaines des grandes marques de produits de coiffure. Les Esth\u00e9ticiennes et les Instituts de beaut\u00e9 profitent de cette atmosph\u00e8re si particuli\u00e8re pour r\u00e9pondre \u00e0 leurs clientes qui\u2026","rel":"","context":"Dans &quot;Astuces beaut\u00e9&quot;","img":{"alt_text":"Le blog de Mat\u00e9riel Relooking","src":"https:\/\/i0.wp.com\/www.materiel-relooking.com\/blog\/wp-content\/uploads\/2017\/12\/le-blog-materiel-relooking.jpeg?fit=612%2C385&ssl=1&resize=350%2C200","width":350,"height":200},"classes":[]},{"id":375584,"url":"https:\/\/www.materiel-relooking.com\/blog\/materiel-relooking-vous-adresse-ses-voeux-de-pleine-reussite\/","url_meta":{"origin":417953,"position":2},"title":"Mat\u00e9riel Relooking vous adresse ses v\u0153ux de pleine r\u00e9ussite","date":"27 d\u00e9cembre 2017","format":false,"excerpt":"Mat\u00e9riel Relooking vous adresse ses v\u0153ux de pleine r\u00e9ussite La p\u00e9riode est traditionnellement marqu\u00e9e par les v\u0153ux de bonne ann\u00e9e, et Mat\u00e9riel Relooking n\u2019\u00e9chappe pas \u00e0 la tradition. Profitons aussi de cette p\u00e9riode si particuli\u00e8re pour bien pr\u00e9parer la nouvelle ann\u00e9e qui s\u2019annonce. Le relooking, une belle promesse pour l\u2019ann\u00e9e\u2026","rel":"","context":"Dans &quot;Mat\u00e9riel conseil en image&quot;","img":{"alt_text":"Le relooking, une belle promesse pour l\u2019ann\u00e9e 2018","src":"https:\/\/i0.wp.com\/www.materiel-relooking.com\/blog\/wp-content\/uploads\/2017\/12\/Le-relooking-une-belle-promesse-pour-l\u2019anne\u0301e-2018-.jpeg?fit=612%2C596&ssl=1&resize=350%2C200","width":350,"height":200},"classes":[]},{"id":417881,"url":"https:\/\/www.materiel-relooking.com\/blog\/soin-esthetique-ou-coaching-bien-etre-quelle-nature-veritable-pour-le-relooking\/","url_meta":{"origin":417953,"position":3},"title":"Soin esth\u00e9tique ou coaching bien-\u00eatre, quelle nature v\u00e9ritable pour le Relooking ?","date":"5 juin 2018","format":"aside","excerpt":"Soin esth\u00e9tique ou coaching bien-\u00eatre, quelle nature v\u00e9ritable pour le Relooking\u00a0? Le Relooking est-il un soin esth\u00e9tique que l\u2019on s\u2019offre\u00a0? Ou repr\u00e9sente-t-il un v\u00e9ritable coaching pour se sentir mieux et prendre confiance en soi\u00a0? Ce sont des questions r\u00e9currentes de la part de vos clientes, alors autant savoir ce que\u2026","rel":"","context":"Dans &quot;Les M\u00e9thodes du Relooking&quot;","img":{"alt_text":"Soin esth\u00e9tique ou coaching bien-\u00eatre, quelle nature v\u00e9ritable pour le Relooking ?","src":"https:\/\/i0.wp.com\/www.materiel-relooking.com\/blog\/wp-content\/uploads\/2018\/06\/soin-esthetique-relooking.jpg?fit=1170%2C792&ssl=1&resize=350%2C200","width":350,"height":200},"classes":[]},{"id":417899,"url":"https:\/\/www.materiel-relooking.com\/blog\/de-fin-soldes-a-rentree-preparatifs-nouvelle-annee\/","url_meta":{"origin":417953,"position":4},"title":"De la fin des Soldes \u00e0 la Rentr\u00e9e, des pr\u00e9paratifs pour une nouvelle ann\u00e9e","date":"21 ao\u00fbt 2018","format":"aside","excerpt":"De la fin des Soldes \u00e0 la Rentr\u00e9e, des pr\u00e9paratifs pour une nouvelle ann\u00e9e Le calendrier semble s\u2019acc\u00e9l\u00e9rer en ce d\u00e9but aout. La fin des soldes, la rentr\u00e9e de septembre qui s\u2019annonce d\u00e9j\u00e0. Pour le Relooking comme pour toutes les autres activit\u00e9s, cette rentr\u00e9e se pr\u00e9pare d\u00e8s \u00e0 pr\u00e9sent pour\u2026","rel":"","context":"Dans &quot;L'actualit\u00e9 du Relooking&quot;","img":{"alt_text":"activit\u00e9 de relooking, relookeuse","src":"https:\/\/i0.wp.com\/www.materiel-relooking.com\/blog\/wp-content\/uploads\/2018\/08\/activit\u00e9-de-relooking-relookeuse.jpg?fit=1170%2C760&ssl=1&resize=350%2C200","width":350,"height":200},"classes":[]},{"id":417891,"url":"https:\/\/www.materiel-relooking.com\/blog\/juillet-relooking-soldes-trio-magique-pros-de-limage-look\/","url_meta":{"origin":417953,"position":5},"title":"Juillet, le Relooking et les Soldes, un trio magique pour les pros de l\u2019image et du look","date":"18 juillet 2018","format":"aside","excerpt":"Juillet, le Relooking et les Soldes, un trio magique pour les pros de l\u2019image et du look Avouons qu\u2019en cette p\u00e9riode estivale, un grand nombre de vos clientes et de vos clients ont d\u00e9sert\u00e9 votre Institut de Relooking. Pourtant, la p\u00e9riode n\u2019est pas creuse bien au contraire. Entre les soldes\u2026","rel":"","context":"Dans &quot;L'actualit\u00e9 du Relooking&quot;","img":{"alt_text":"soldes relooking","src":"https:\/\/i0.wp.com\/www.materiel-relooking.com\/blog\/wp-content\/uploads\/2018\/07\/soldes.jpg?fit=1170%2C792&ssl=1&resize=350%2C200","width":350,"height":200},"classes":[]}],"amp_enabled":true,"_links":{"self":[{"href":"https:\/\/www.materiel-relooking.com\/blog\/wp-json\/wp\/v2\/posts\/417953"}],"collection":[{"href":"https:\/\/www.materiel-relooking.com\/blog\/wp-json\/wp\/v2\/posts"}],"about":[{"href":"https:\/\/www.materiel-relooking.com\/blog\/wp-json\/wp\/v2\/types\/post"}],"author":[{"embeddable":true,"href":"https:\/\/www.materiel-relooking.com\/blog\/wp-json\/wp\/v2\/users\/2"}],"replies":[{"embeddable":true,"href":"https:\/\/www.materiel-relooking.com\/blog\/wp-json\/wp\/v2\/comments?post=417953"}],"version-history":[{"count":1,"href":"https:\/\/www.materiel-relooking.com\/blog\/wp-json\/wp\/v2\/posts\/417953\/revisions"}],"predecessor-version":[{"id":417955,"href":"https:\/\/www.materiel-relooking.com\/blog\/wp-json\/wp\/v2\/posts\/417953\/revisions\/417955"}],"wp:featuredmedia":[{"embeddable":true,"href":"https:\/\/www.materiel-relooking.com\/blog\/wp-json\/wp\/v2\/media\/417954"}],"wp:attachment":[{"href":"https:\/\/www.materiel-relooking.com\/blog\/wp-json\/wp\/v2\/media?parent=417953"}],"wp:term":[{"taxonomy":"category","embeddable":true,"href":"https:\/\/www.materiel-relooking.com\/blog\/wp-json\/wp\/v2\/categories?post=417953"},{"taxonomy":"post_tag","embeddable":true,"href":"https:\/\/www.materiel-relooking.com\/blog\/wp-json\/wp\/v2\/tags?post=417953"}],"curies":[{"name":"wp","href":"https:\/\/api.w.org\/{rel}","templated":true}]}}