{"id":417969,"date":"2019-05-09T09:22:28","date_gmt":"2019-05-09T09:22:28","guid":{"rendered":"https:\/\/www.materiel-relooking.com\/blog\/?p=417969"},"modified":"2019-05-09T09:24:04","modified_gmt":"2019-05-09T09:24:04","slug":"le-prix-dun-relooking-le-releve-des-tarifs-de-plusieurs-professionnelles-reconnues","status":"publish","type":"post","link":"https:\/\/www.materiel-relooking.com\/blog\/le-prix-dun-relooking-le-releve-des-tarifs-de-plusieurs-professionnelles-reconnues\/","title":{"rendered":"Le prix d\u2019un relooking, le relev\u00e9 des tarifs de plusieurs professionnelles reconnues"},"content":{"rendered":"<p>Parce qu\u2019il est difficile d\u2019\u00e9tablir le prix moyen d\u2019un relooking, Mat\u00e9riel Relooking a d\u00e9cid\u00e9 de relever le tarif de plusieurs professionnelles confirm\u00e9es pour \u00e9tablir le prix d\u2019un relooking. Cette \u00e9tude indicative n\u2019a aucune valeur officielle mais veut servir les professionnelles de la beaut\u00e9 et de l\u2019image pour se positionner. N\u2019h\u00e9sitez pas \u00e0 r\u00e9agir et \u00e0 nous faire connaitre vos propres tarifs \u2026<\/p>\n<p><strong><em>Il est impossible de d\u00e9finir un prix moyen pour un relooking, d\u2019autant plus que ce dernier peut \u00eatre partiel ou complet. Pourtant, pour permettre \u00e0 chacune de se faire une id\u00e9e, Mat\u00e9riel Relooking a fait un relev\u00e9 de prix pour \u00e9tablir un prix moyen. Une \u00e9tude comparative et indicative, r\u00e9alis\u00e9e pour mieux vous servir. <\/em><\/strong><\/p>\n<h2><strong>Le prix d\u2019un relooking, quel co\u00fbt pour changer de style et d\u2019image\u00a0? <\/strong><\/h2>\n<p>Que vous exerciez en tant que coach en image au domicile de vos clientes ou que vous accueillez votre client\u00e8le dans un Institut de Relooking, vous devez r\u00e9pondre chaque jour \u00e0 la question fatidique\u00a0: <strong>Combien co\u00fbte une s\u00e9ance de Relooking\u00a0?<\/strong>50, 100, 150 \u20ac \u2026. Vous avez \u00e9tabli des prix pr\u00e9cis, d\u00e9taill\u00e9s et justifi\u00e9s pour chacune de vos prestations, mais vous ne pouvez pas r\u00e9pondre \u00e0 ces demandes de vos clientes par un simple chiffre. \u00cates-vous s\u00fbr que vos clientes savent parfaitement ce que vous entendez par Relooking\u00a0? Et avant de d\u00e9finir un <strong>prix de ces conseils en image,<\/strong>vous devez vous assurer que vos prestations r\u00e9pondent aux attentes de vos clientes et que ces derni\u00e8res connaissent en d\u00e9tail chacune des \u00e9tapes, par lesquelles vous allez les emmener.<\/p>\n<h2><strong>Le juste prix d\u2019un relooking, des grilles pour aider vos clientes \u00e0 choisir <\/strong><\/h2>\n<p>Si nous ne pouvons pas lister l\u2019ensemble des <strong>prestations, offertes par une Relookeuse ou une coach en image<\/strong>, nous avons \u00e9tudi\u00e9 les tarifs de plusieurs professionnelles reconnue afin d\u2019\u00e9tablir un prix moyen. Dans son souci de de fiabilit\u00e9, Mat\u00e9riel Relooking souligne que cette \u00e9tude n\u2019est qu\u2019indicative. Si vous \u00eates en phase de pr\u00e9paration de votre business plan pour l\u2019ouverture d\u2019un Institut de Relooking, ne n\u00e9gligez pas l\u2019\u00e9tude de la concurrence en d\u00e9taillant plus pr\u00e9cis\u00e9ment les tarifs des autres professionnelles, qui exercent sur le m\u00eame secteur g\u00e9ographique que vous.<\/p>\n<p>Selon notre relev\u00e9, le <strong>prix moyen d\u2019un relooking coiffure <\/strong>s\u2019\u00e9tablit \u00e0 <strong>192 \u20ac<\/strong>et dure environ 3 heures. Le <strong>relooking vestimentaire<\/strong>quant \u00e0 lui affiche en moyenne un <strong>prix de 263 \u20ac <\/strong>pour une demi-journ\u00e9e de travail. C\u2019est le m\u00eame temps qu\u2019il faudra compter pour le relooking visage qui coute en moyenne <strong>371 \u20ac.<\/strong>En revanche les professionnelles accordent une remise non n\u00e9gligeable aux clientes qui se d\u00e9cident pour un relooking complet \u2026. Puisqu\u2019il faudra alors <strong>d\u00e9bourser 533 \u20ac<\/strong>. Si cette <strong>moyenne de prix<\/strong>n\u2019est que purement informative, elle permet en outre de souligner que les m\u00eames <strong>prestations propos\u00e9es pour les hommes sont environ 15 % moins ch\u00e8res. <\/strong><\/p>\n<table>\n<tbody>\n<tr>\n<td width=\"302\"><\/td>\n<td width=\"302\">\n<p style=\"text-align: center;\">Prix moyen selon un relev\u00e9 \u00e9tabli par Mat\u00e9riel Relooking<\/p>\n<\/td>\n<\/tr>\n<tr>\n<td width=\"302\">\n<p style=\"text-align: center;\">Relooking coiffure<\/p>\n<\/td>\n<td style=\"text-align: center;\" width=\"302\">192 \u20ac<\/td>\n<\/tr>\n<tr>\n<td width=\"302\">\n<p style=\"text-align: center;\">Relooking Vestimentaire<\/p>\n<\/td>\n<td width=\"302\">\n<p style=\"text-align: center;\">263 \u20ac<\/p>\n<\/td>\n<\/tr>\n<tr>\n<td width=\"302\">\n<p style=\"text-align: center;\">Relooking visage<\/p>\n<\/td>\n<td width=\"302\">\n<p style=\"text-align: center;\">371 \u20ac<\/p>\n<\/td>\n<\/tr>\n<tr>\n<td style=\"text-align: center;\" width=\"302\">Relooking complet<\/td>\n<td width=\"302\">\n<p style=\"text-align: center;\">533 \u20ac<\/p>\n<\/td>\n<\/tr>\n<\/tbody>\n<\/table>\n<p><strong><em>Et vous, \u00eates-vous en phase avec ces prix moyens relev\u00e9s par Mat\u00e9riel Relooking\u00a0? Quels sont les v\u00f4tres et comment expliquez-vous une \u00e9ventuelle diff\u00e9rence <\/em><\/strong><\/p>\n","protected":false},"excerpt":{"rendered":"<p>Parce qu\u2019il est difficile d\u2019\u00e9tablir le prix moyen d\u2019un relooking, Mat\u00e9riel Relooking a d\u00e9cid\u00e9 de relever le tarif de plusieurs professionnelles confirm\u00e9es pour \u00e9tablir le prix d\u2019un relooking. Cette \u00e9tude indicative n\u2019a aucune valeur officielle mais veut servir les professionnelles de la beaut\u00e9 et de l\u2019image pour se positionner. N\u2019h\u00e9sitez pas \u00e0 r\u00e9agir et \u00e0 nous faire connaitre vos propres tarifs \u2026 Il est impossible de d\u00e9finir un prix moyen pour un relooking, d\u2019autant plus que ce dernier peut \u00eatre partiel ou complet. Pourtant, pour permettre \u00e0 chacune de se faire une id\u00e9e, Mat\u00e9riel Relooking a fait un relev\u00e9 de prix pour \u00e9tablir un prix moyen. Une \u00e9tude comparative et indicative, r\u00e9alis\u00e9e pour mieux vous servir. Le prix d\u2019un relooking, quel co\u00fbt pour changer de style et d\u2019image\u00a0? Que vous exerciez en tant que coach en image au domicile de vos clientes ou que vous accueillez votre client\u00e8le dans un Institut de Relooking, vous devez r\u00e9pondre chaque jour \u00e0 la question fatidique\u00a0: Combien co\u00fbte une s\u00e9ance de Relooking\u00a0?50, 100, 150 \u20ac \u2026. Vous avez \u00e9tabli des prix pr\u00e9cis, d\u00e9taill\u00e9s et justifi\u00e9s pour chacune de vos prestations, mais vous ne pouvez pas r\u00e9pondre \u00e0 ces demandes de vos clientes par un simple chiffre. \u00cates-vous s\u00fbr que vos clientes savent parfaitement ce que vous entendez par Relooking\u00a0? Et avant de d\u00e9finir un prix de ces conseils en image,vous devez vous assurer que vos prestations r\u00e9pondent aux attentes de vos clientes et que ces derni\u00e8res connaissent en d\u00e9tail chacune des \u00e9tapes, par lesquelles vous allez les emmener. Le juste prix d\u2019un relooking, des grilles pour aider vos clientes \u00e0 choisir Si nous ne pouvons pas lister l\u2019ensemble des prestations, offertes par une Relookeuse ou une coach en image, nous avons \u00e9tudi\u00e9 les tarifs de plusieurs professionnelles reconnue afin d\u2019\u00e9tablir un prix moyen. Dans son souci de de fiabilit\u00e9, Mat\u00e9riel Relooking souligne que cette \u00e9tude n\u2019est qu\u2019indicative. Si vous \u00eates en phase de pr\u00e9paration de votre business plan pour l\u2019ouverture d\u2019un Institut de Relooking, ne n\u00e9gligez pas l\u2019\u00e9tude de la concurrence en d\u00e9taillant plus pr\u00e9cis\u00e9ment les tarifs des autres professionnelles, qui exercent sur le m\u00eame secteur g\u00e9ographique que vous. Selon notre relev\u00e9, le prix moyen d\u2019un relooking coiffure s\u2019\u00e9tablit \u00e0 192 \u20acet dure environ 3 heures. Le relooking vestimentairequant \u00e0 lui affiche en moyenne un prix de 263 \u20ac pour une demi-journ\u00e9e de travail. C\u2019est le m\u00eame temps qu\u2019il faudra compter pour le relooking visage qui coute en moyenne 371 \u20ac.En revanche les professionnelles accordent une remise non n\u00e9gligeable aux clientes qui se d\u00e9cident pour un relooking complet \u2026. Puisqu\u2019il faudra alors d\u00e9bourser 533 \u20ac. Si cette moyenne de prixn\u2019est que purement informative, elle permet en outre de souligner que les m\u00eames prestations propos\u00e9es pour les hommes sont environ 15 % moins ch\u00e8res. Prix moyen selon un relev\u00e9 \u00e9tabli par Mat\u00e9riel Relooking Relooking coiffure 192 \u20ac Relooking Vestimentaire 263 \u20ac Relooking visage 371 \u20ac Relooking complet 533 \u20ac Et vous, \u00eates-vous en phase avec ces prix moyens relev\u00e9s par Mat\u00e9riel Relooking\u00a0? Quels sont les v\u00f4tres et comment expliquez-vous une \u00e9ventuelle diff\u00e9rence<\/p>\n","protected":false},"author":2,"featured_media":417970,"comment_status":"closed","ping_status":"closed","sticky":false,"template":"","format":"aside","meta":{"spay_email":"","jetpack_publicize_message":"","jetpack_is_tweetstorm":false,"jetpack_publicize_feature_enabled":true},"categories":[113],"tags":[],"yoast_head":"<!-- This site is optimized with the Yoast SEO plugin v18.1 - https:\/\/yoast.com\/wordpress\/plugins\/seo\/ -->\n<title>Le prix d\u2019un relooking, le relev\u00e9 des tarifs de plusieurs professionnelles reconnues - Conseils Relooking - blog Relooking<\/title>\n<meta name=\"description\" content=\"Mat\u00e9riel Relooking a \u00e9tabli un prix moyen des prix du relooking qu\u2019il s\u2019agisse d\u2019un relooking complet ou d\u2019un relooking partiel en \u00e9tudiant les tarifs de professionnelles.\" \/>\n<meta name=\"robots\" content=\"index, follow, max-snippet:-1, max-image-preview:large, max-video-preview:-1\" \/>\n<link rel=\"canonical\" href=\"https:\/\/www.materiel-relooking.com\/blog\/le-prix-dun-relooking-le-releve-des-tarifs-de-plusieurs-professionnelles-reconnues\/\" \/>\n<meta property=\"og:locale\" content=\"fr_FR\" \/>\n<meta property=\"og:type\" content=\"article\" \/>\n<meta property=\"og:title\" content=\"Le prix d\u2019un relooking, le relev\u00e9 des tarifs de plusieurs professionnelles reconnues - Conseils Relooking - blog Relooking\" \/>\n<meta property=\"og:description\" content=\"Mat\u00e9riel Relooking a \u00e9tabli un prix moyen des prix du relooking qu\u2019il s\u2019agisse d\u2019un relooking complet ou d\u2019un relooking partiel en \u00e9tudiant les tarifs de professionnelles.\" \/>\n<meta property=\"og:url\" content=\"https:\/\/www.materiel-relooking.com\/blog\/le-prix-dun-relooking-le-releve-des-tarifs-de-plusieurs-professionnelles-reconnues\/\" \/>\n<meta property=\"og:site_name\" content=\"Conseils Relooking - blog Relooking\" \/>\n<meta property=\"article:publisher\" content=\"https:\/\/www.facebook.com\/pages\/Materiel-Relooking\/\" \/>\n<meta property=\"article:published_time\" content=\"2019-05-09T09:22:28+00:00\" \/>\n<meta property=\"article:modified_time\" content=\"2019-05-09T09:24:04+00:00\" \/>\n<meta property=\"og:image\" content=\"https:\/\/www.materiel-relooking.com\/blog\/wp-content\/uploads\/2019\/05\/Le-prix-d\u2019un-relooking-le-relev\u00e9-des-tarifs-de-plusieurs-professionnelles-reconnues.jpg\" \/>\n\t<meta property=\"og:image:width\" content=\"1170\" \/>\n\t<meta property=\"og:image:height\" content=\"792\" \/>\n\t<meta property=\"og:image:type\" content=\"image\/jpeg\" \/>\n<meta name=\"twitter:card\" content=\"summary\" \/>\n<meta name=\"twitter:creator\" content=\"@materielrelook\" \/>\n<meta name=\"twitter:site\" content=\"@materielrelook\" \/>\n<meta name=\"twitter:label1\" content=\"\u00c9crit par\" \/>\n\t<meta name=\"twitter:data1\" content=\"Cristina Pedretti\" \/>\n\t<meta name=\"twitter:label2\" content=\"Dur\u00e9e de lecture estim\u00e9e\" \/>\n\t<meta name=\"twitter:data2\" content=\"3 minutes\" \/>\n<script type=\"application\/ld+json\" class=\"yoast-schema-graph\">{\"@context\":\"https:\/\/schema.org\",\"@graph\":[{\"@type\":\"WebSite\",\"@id\":\"https:\/\/www.materiel-relooking.com\/blog\/#website\",\"url\":\"https:\/\/www.materiel-relooking.com\/blog\/\",\"name\":\"Conseils Relooking - blog Relooking\",\"description\":\"Blog des conseils de relooking pour les Conseillers en image, des Coiffeurs, des Esth\u00e9ticiennes,\",\"potentialAction\":[{\"@type\":\"SearchAction\",\"target\":{\"@type\":\"EntryPoint\",\"urlTemplate\":\"https:\/\/www.materiel-relooking.com\/blog\/?s={search_term_string}\"},\"query-input\":\"required name=search_term_string\"}],\"inLanguage\":\"fr-FR\"},{\"@type\":\"ImageObject\",\"@id\":\"https:\/\/www.materiel-relooking.com\/blog\/le-prix-dun-relooking-le-releve-des-tarifs-de-plusieurs-professionnelles-reconnues\/#primaryimage\",\"inLanguage\":\"fr-FR\",\"url\":\"https:\/\/i0.wp.com\/www.materiel-relooking.com\/blog\/wp-content\/uploads\/2019\/05\/Le-prix-d\u2019un-relooking-le-relev\u00e9-des-tarifs-de-plusieurs-professionnelles-reconnues.jpg?fit=1170%2C792&ssl=1\",\"contentUrl\":\"https:\/\/i0.wp.com\/www.materiel-relooking.com\/blog\/wp-content\/uploads\/2019\/05\/Le-prix-d\u2019un-relooking-le-relev\u00e9-des-tarifs-de-plusieurs-professionnelles-reconnues.jpg?fit=1170%2C792&ssl=1\",\"width\":1170,\"height\":792,\"caption\":\"Le prix d\u2019un relooking, le relev\u00e9 des tarifs de plusieurs professionnelles reconnues\"},{\"@type\":\"WebPage\",\"@id\":\"https:\/\/www.materiel-relooking.com\/blog\/le-prix-dun-relooking-le-releve-des-tarifs-de-plusieurs-professionnelles-reconnues\/#webpage\",\"url\":\"https:\/\/www.materiel-relooking.com\/blog\/le-prix-dun-relooking-le-releve-des-tarifs-de-plusieurs-professionnelles-reconnues\/\",\"name\":\"Le prix d\u2019un relooking, le relev\u00e9 des tarifs de plusieurs professionnelles reconnues - Conseils Relooking - blog Relooking\",\"isPartOf\":{\"@id\":\"https:\/\/www.materiel-relooking.com\/blog\/#website\"},\"primaryImageOfPage\":{\"@id\":\"https:\/\/www.materiel-relooking.com\/blog\/le-prix-dun-relooking-le-releve-des-tarifs-de-plusieurs-professionnelles-reconnues\/#primaryimage\"},\"datePublished\":\"2019-05-09T09:22:28+00:00\",\"dateModified\":\"2019-05-09T09:24:04+00:00\",\"author\":{\"@id\":\"https:\/\/www.materiel-relooking.com\/blog\/#\/schema\/person\/649eb71a49ea802d5d397139a2ddf665\"},\"description\":\"Mat\u00e9riel Relooking a \u00e9tabli un prix moyen des prix du relooking qu\u2019il s\u2019agisse d\u2019un relooking complet ou d\u2019un relooking partiel en \u00e9tudiant les tarifs de professionnelles.\",\"breadcrumb\":{\"@id\":\"https:\/\/www.materiel-relooking.com\/blog\/le-prix-dun-relooking-le-releve-des-tarifs-de-plusieurs-professionnelles-reconnues\/#breadcrumb\"},\"inLanguage\":\"fr-FR\",\"potentialAction\":[{\"@type\":\"ReadAction\",\"target\":[\"https:\/\/www.materiel-relooking.com\/blog\/le-prix-dun-relooking-le-releve-des-tarifs-de-plusieurs-professionnelles-reconnues\/\"]}]},{\"@type\":\"BreadcrumbList\",\"@id\":\"https:\/\/www.materiel-relooking.com\/blog\/le-prix-dun-relooking-le-releve-des-tarifs-de-plusieurs-professionnelles-reconnues\/#breadcrumb\",\"itemListElement\":[{\"@type\":\"ListItem\",\"position\":1,\"name\":\"Accueil\",\"item\":\"https:\/\/www.materiel-relooking.com\/blog\/\"},{\"@type\":\"ListItem\",\"position\":2,\"name\":\"L'actualit\u00e9 du Relooking\",\"item\":\"https:\/\/www.materiel-relooking.com\/blog\/category\/lactualite-du-relooking\/\"},{\"@type\":\"ListItem\",\"position\":3,\"name\":\"Le prix d\u2019un relooking, le relev\u00e9 des tarifs de plusieurs professionnelles reconnues\"}]},{\"@type\":\"Person\",\"@id\":\"https:\/\/www.materiel-relooking.com\/blog\/#\/schema\/person\/649eb71a49ea802d5d397139a2ddf665\",\"name\":\"Cristina Pedretti\",\"image\":{\"@type\":\"ImageObject\",\"@id\":\"https:\/\/www.materiel-relooking.com\/blog\/#personlogo\",\"inLanguage\":\"fr-FR\",\"url\":\"https:\/\/i0.wp.com\/www.materiel-relooking.com\/blog\/wp-content\/uploads\/2015\/01\/cris.jpg?fit=72%2C96&ssl=1\",\"contentUrl\":\"https:\/\/i0.wp.com\/www.materiel-relooking.com\/blog\/wp-content\/uploads\/2015\/01\/cris.jpg?fit=72%2C96&ssl=1\",\"caption\":\"Cristina Pedretti\"},\"description\":\"Dipl\u00f4m\u00e9e de l\u2019\u00e9cole des Beaux-arts et de la C.S de la Haute Couture de Paris, Conseill\u00e8re en Image pour la personne depuis 1999.\"}]}<\/script>\n<!-- \/ Yoast SEO plugin. -->","yoast_head_json":{"title":"Le prix d\u2019un relooking, le relev\u00e9 des tarifs de plusieurs professionnelles reconnues - Conseils Relooking - blog Relooking","description":"Mat\u00e9riel Relooking a \u00e9tabli un prix moyen des prix du relooking qu\u2019il s\u2019agisse d\u2019un relooking complet ou d\u2019un relooking partiel en \u00e9tudiant les tarifs de professionnelles.","robots":{"index":"index","follow":"follow","max-snippet":"max-snippet:-1","max-image-preview":"max-image-preview:large","max-video-preview":"max-video-preview:-1"},"canonical":"https:\/\/www.materiel-relooking.com\/blog\/le-prix-dun-relooking-le-releve-des-tarifs-de-plusieurs-professionnelles-reconnues\/","og_locale":"fr_FR","og_type":"article","og_title":"Le prix d\u2019un relooking, le relev\u00e9 des tarifs de plusieurs professionnelles reconnues - Conseils Relooking - blog Relooking","og_description":"Mat\u00e9riel Relooking a \u00e9tabli un prix moyen des prix du relooking qu\u2019il s\u2019agisse d\u2019un relooking complet ou d\u2019un relooking partiel en \u00e9tudiant les tarifs de professionnelles.","og_url":"https:\/\/www.materiel-relooking.com\/blog\/le-prix-dun-relooking-le-releve-des-tarifs-de-plusieurs-professionnelles-reconnues\/","og_site_name":"Conseils Relooking - blog Relooking","article_publisher":"https:\/\/www.facebook.com\/pages\/Materiel-Relooking\/","article_published_time":"2019-05-09T09:22:28+00:00","article_modified_time":"2019-05-09T09:24:04+00:00","og_image":[{"width":1170,"height":792,"url":"https:\/\/www.materiel-relooking.com\/blog\/wp-content\/uploads\/2019\/05\/Le-prix-d\u2019un-relooking-le-relev\u00e9-des-tarifs-de-plusieurs-professionnelles-reconnues.jpg","type":"image\/jpeg"}],"twitter_card":"summary","twitter_creator":"@materielrelook","twitter_site":"@materielrelook","twitter_misc":{"\u00c9crit par":"Cristina Pedretti","Dur\u00e9e de lecture estim\u00e9e":"3 minutes"},"schema":{"@context":"https:\/\/schema.org","@graph":[{"@type":"WebSite","@id":"https:\/\/www.materiel-relooking.com\/blog\/#website","url":"https:\/\/www.materiel-relooking.com\/blog\/","name":"Conseils Relooking - blog Relooking","description":"Blog des conseils de relooking pour les Conseillers en image, des Coiffeurs, des Esth\u00e9ticiennes,","potentialAction":[{"@type":"SearchAction","target":{"@type":"EntryPoint","urlTemplate":"https:\/\/www.materiel-relooking.com\/blog\/?s={search_term_string}"},"query-input":"required name=search_term_string"}],"inLanguage":"fr-FR"},{"@type":"ImageObject","@id":"https:\/\/www.materiel-relooking.com\/blog\/le-prix-dun-relooking-le-releve-des-tarifs-de-plusieurs-professionnelles-reconnues\/#primaryimage","inLanguage":"fr-FR","url":"https:\/\/i0.wp.com\/www.materiel-relooking.com\/blog\/wp-content\/uploads\/2019\/05\/Le-prix-d\u2019un-relooking-le-relev\u00e9-des-tarifs-de-plusieurs-professionnelles-reconnues.jpg?fit=1170%2C792&ssl=1","contentUrl":"https:\/\/i0.wp.com\/www.materiel-relooking.com\/blog\/wp-content\/uploads\/2019\/05\/Le-prix-d\u2019un-relooking-le-relev\u00e9-des-tarifs-de-plusieurs-professionnelles-reconnues.jpg?fit=1170%2C792&ssl=1","width":1170,"height":792,"caption":"Le prix d\u2019un relooking, le relev\u00e9 des tarifs de plusieurs professionnelles reconnues"},{"@type":"WebPage","@id":"https:\/\/www.materiel-relooking.com\/blog\/le-prix-dun-relooking-le-releve-des-tarifs-de-plusieurs-professionnelles-reconnues\/#webpage","url":"https:\/\/www.materiel-relooking.com\/blog\/le-prix-dun-relooking-le-releve-des-tarifs-de-plusieurs-professionnelles-reconnues\/","name":"Le prix d\u2019un relooking, le relev\u00e9 des tarifs de plusieurs professionnelles reconnues - Conseils Relooking - blog Relooking","isPartOf":{"@id":"https:\/\/www.materiel-relooking.com\/blog\/#website"},"primaryImageOfPage":{"@id":"https:\/\/www.materiel-relooking.com\/blog\/le-prix-dun-relooking-le-releve-des-tarifs-de-plusieurs-professionnelles-reconnues\/#primaryimage"},"datePublished":"2019-05-09T09:22:28+00:00","dateModified":"2019-05-09T09:24:04+00:00","author":{"@id":"https:\/\/www.materiel-relooking.com\/blog\/#\/schema\/person\/649eb71a49ea802d5d397139a2ddf665"},"description":"Mat\u00e9riel Relooking a \u00e9tabli un prix moyen des prix du relooking qu\u2019il s\u2019agisse d\u2019un relooking complet ou d\u2019un relooking partiel en \u00e9tudiant les tarifs de professionnelles.","breadcrumb":{"@id":"https:\/\/www.materiel-relooking.com\/blog\/le-prix-dun-relooking-le-releve-des-tarifs-de-plusieurs-professionnelles-reconnues\/#breadcrumb"},"inLanguage":"fr-FR","potentialAction":[{"@type":"ReadAction","target":["https:\/\/www.materiel-relooking.com\/blog\/le-prix-dun-relooking-le-releve-des-tarifs-de-plusieurs-professionnelles-reconnues\/"]}]},{"@type":"BreadcrumbList","@id":"https:\/\/www.materiel-relooking.com\/blog\/le-prix-dun-relooking-le-releve-des-tarifs-de-plusieurs-professionnelles-reconnues\/#breadcrumb","itemListElement":[{"@type":"ListItem","position":1,"name":"Accueil","item":"https:\/\/www.materiel-relooking.com\/blog\/"},{"@type":"ListItem","position":2,"name":"L'actualit\u00e9 du Relooking","item":"https:\/\/www.materiel-relooking.com\/blog\/category\/lactualite-du-relooking\/"},{"@type":"ListItem","position":3,"name":"Le prix d\u2019un relooking, le relev\u00e9 des tarifs de plusieurs professionnelles reconnues"}]},{"@type":"Person","@id":"https:\/\/www.materiel-relooking.com\/blog\/#\/schema\/person\/649eb71a49ea802d5d397139a2ddf665","name":"Cristina Pedretti","image":{"@type":"ImageObject","@id":"https:\/\/www.materiel-relooking.com\/blog\/#personlogo","inLanguage":"fr-FR","url":"https:\/\/i0.wp.com\/www.materiel-relooking.com\/blog\/wp-content\/uploads\/2015\/01\/cris.jpg?fit=72%2C96&ssl=1","contentUrl":"https:\/\/i0.wp.com\/www.materiel-relooking.com\/blog\/wp-content\/uploads\/2015\/01\/cris.jpg?fit=72%2C96&ssl=1","caption":"Cristina Pedretti"},"description":"Dipl\u00f4m\u00e9e de l\u2019\u00e9cole des Beaux-arts et de la C.S de la Haute Couture de Paris, Conseill\u00e8re en Image pour la personne depuis 1999."}]}},"jetpack_featured_media_url":"https:\/\/i0.wp.com\/www.materiel-relooking.com\/blog\/wp-content\/uploads\/2019\/05\/Le-prix-d\u2019un-relooking-le-relev\u00e9-des-tarifs-de-plusieurs-professionnelles-reconnues.jpg?fit=1170%2C792&ssl=1","jetpack_publicize_connections":[],"jetpack_sharing_enabled":true,"jetpack_shortlink":"https:\/\/wp.me\/p6KybK-1KJr","jetpack-related-posts":[{"id":417934,"url":"https:\/\/www.materiel-relooking.com\/blog\/prix-dun-relooking-femme-un-obstacle-au-developpement-de-votre-activite\/","url_meta":{"origin":417969,"position":0},"title":"Prix d\u2019un relooking femme, un obstacle au d\u00e9veloppement de votre activit\u00e9 ?","date":"5 d\u00e9cembre 2018","format":"aside","excerpt":"Le prix d\u2019un relooking femme est souvent une des objections de vos prospects, qui en ignorent cependant le montant. Il faut pouvoir rassurer les clientes, qui ne connaissent pas votre domaine d\u2019activit\u00e9, et l\u2019organisation d\u2019ateliers peut \u00eatre une excellente id\u00e9e pour y parvenir. Personal Shopping ou Relooking, et si vous\u2026","rel":"","context":"Dans &quot;L'actualit\u00e9 du Relooking&quot;","img":{"alt_text":"Prix d\u2019un relooking femme, un obstacle au d\u00e9veloppement de votre activit\u00e9 ?","src":"https:\/\/i0.wp.com\/www.materiel-relooking.com\/blog\/wp-content\/uploads\/2018\/12\/Prix-d\u2019un-relooking-femme-un-obstacle-au-d\u00e9veloppement-de-votre-activit\u00e9.jpg?fit=1170%2C792&ssl=1&resize=350%2C200","width":350,"height":200},"classes":[]},{"id":375614,"url":"https:\/\/www.materiel-relooking.com\/blog\/relooking-2018-promesse-dune-annee-riche-intense\/","url_meta":{"origin":417969,"position":1},"title":"Le Relooking en 2018, la promesse d\u2019une ann\u00e9e riche et intense !","date":"9 janvier 2018","format":false,"excerpt":"Le Relooking en 2018, la promesse d\u2019une ann\u00e9e riche et intense\u00a0! Toute l\u2019\u00e9quipe de Mat\u00e9riel Relooking vous souhaite une belle et heureuse ann\u00e9e 2018. La sant\u00e9, le bonheur, le plaisir et la r\u00e9ussite dans votre activit\u00e9 bien s\u00fbr. Et 2018 s\u2019annonce prometteuse pour les professionnelles de l\u2019image et du relooking,\u2026","rel":"","context":"Dans &quot;Les Astuces du Relooking&quot;","img":{"alt_text":"Le Relooking en 2018, la promesse d\u2019une ann\u00e9e riche et intense !","src":"https:\/\/i0.wp.com\/www.materiel-relooking.com\/blog\/wp-content\/uploads\/2017\/12\/Le-Relooking-en-2018-la-promesse-d\u2019une-anne\u0301e-riche-et-intense-.jpeg?fit=612%2C408&ssl=1&resize=350%2C200","width":350,"height":200},"classes":[]},{"id":417881,"url":"https:\/\/www.materiel-relooking.com\/blog\/soin-esthetique-ou-coaching-bien-etre-quelle-nature-veritable-pour-le-relooking\/","url_meta":{"origin":417969,"position":2},"title":"Soin esth\u00e9tique ou coaching bien-\u00eatre, quelle nature v\u00e9ritable pour le Relooking ?","date":"5 juin 2018","format":"aside","excerpt":"Soin esth\u00e9tique ou coaching bien-\u00eatre, quelle nature v\u00e9ritable pour le Relooking\u00a0? Le Relooking est-il un soin esth\u00e9tique que l\u2019on s\u2019offre\u00a0? Ou repr\u00e9sente-t-il un v\u00e9ritable coaching pour se sentir mieux et prendre confiance en soi\u00a0? Ce sont des questions r\u00e9currentes de la part de vos clientes, alors autant savoir ce que\u2026","rel":"","context":"Dans &quot;Les M\u00e9thodes du Relooking&quot;","img":{"alt_text":"Soin esth\u00e9tique ou coaching bien-\u00eatre, quelle nature v\u00e9ritable pour le Relooking ?","src":"https:\/\/i0.wp.com\/www.materiel-relooking.com\/blog\/wp-content\/uploads\/2018\/06\/soin-esthetique-relooking.jpg?fit=1170%2C792&ssl=1&resize=350%2C200","width":350,"height":200},"classes":[]},{"id":357630,"url":"https:\/\/www.materiel-relooking.com\/blog\/cest-noel-avant-lheure-sur-materiel-relooking\/","url_meta":{"origin":417969,"position":3},"title":"C\u2019est No\u00ebl avant l\u2019heure sur Mat\u00e9riel relooking !","date":"11 d\u00e9cembre 2017","format":false,"excerpt":"C\u2019est No\u00ebl avant l\u2019heure sur Mat\u00e9riel relooking\u00a0! En ce mois de d\u00e9cembre 2017, les coiffeuses d\u00e9couvrent avec plaisir les calendriers de l\u2019avent de certaines des grandes marques de produits de coiffure. Les Esth\u00e9ticiennes et les Instituts de beaut\u00e9 profitent de cette atmosph\u00e8re si particuli\u00e8re pour r\u00e9pondre \u00e0 leurs clientes qui\u2026","rel":"","context":"Dans &quot;Astuces beaut\u00e9&quot;","img":{"alt_text":"Le blog de Mat\u00e9riel Relooking","src":"https:\/\/i0.wp.com\/www.materiel-relooking.com\/blog\/wp-content\/uploads\/2017\/12\/le-blog-materiel-relooking.jpeg?fit=612%2C385&ssl=1&resize=350%2C200","width":350,"height":200},"classes":[]},{"id":417957,"url":"https:\/\/www.materiel-relooking.com\/blog\/comment-creer-son-entreprise-dans-le-relooking-trois-grandes-etapes-a-connaitre\/","url_meta":{"origin":417969,"position":4},"title":"Comment cr\u00e9er son entreprise dans le Relooking ? Trois grandes \u00e9tapes \u00e0 connaitre","date":"24 janvier 2019","format":"aside","excerpt":"Mat\u00e9riel relooking n\u2019entend pas, en un article, vous livrer un dossier complet sur la cr\u00e9ation d\u2019une entreprise consacr\u00e9e au Relooking. Nous avons juste voulu souligner les 3 \u00e9tapes essentiels, \u00e0 savoir le lieu ou la forme de l\u2019exercice, les produits et les \u00e9quipements \u00e0 acheter et l\u2019indispensable communication pour se\u2026","rel":"","context":"Dans &quot;L'actualit\u00e9 du Relooking&quot;","img":{"alt_text":"Comment cr\u00e9er son entreprise dans le Relooking","src":"https:\/\/i0.wp.com\/www.materiel-relooking.com\/blog\/wp-content\/uploads\/2019\/01\/Comment-cr\u00e9er-son-entreprise-dans-le-Relooking.jpg?fit=1170%2C792&ssl=1&resize=350%2C200","width":350,"height":200},"classes":[]},{"id":417694,"url":"https:\/\/www.materiel-relooking.com\/blog\/relooking-show-conseilleres-image-jubilent\/","url_meta":{"origin":417969,"position":5},"title":"Quand le relooking fait son show, les conseill\u00e8res en image jubilent !","date":"26 mars 2018","format":false,"excerpt":"Quand le relooking fait son show, les conseill\u00e8res en image jubilent\u00a0! En quelques ann\u00e9es, la t\u00e9l\u00e9vision a offert un nouvel espace pour qui veut comprendre l\u2019expertise et le savoir-faire des relookeuses et autres conseill\u00e8res en images. C\u2019est toute une profession, qui est port\u00e9e par cette nouvelle tendance. Le relooking, un\u2026","rel":"","context":"Dans &quot;Les M\u00e9thodes du Relooking&quot;","img":{"alt_text":"Quand le relooking fait son show, les conseill\u00e8res en image jubilent !","src":"https:\/\/i0.wp.com\/www.materiel-relooking.com\/blog\/wp-content\/uploads\/2018\/03\/relooking-television.jpeg?fit=612%2C408&ssl=1&resize=350%2C200","width":350,"height":200},"classes":[]}],"amp_enabled":true,"_links":{"self":[{"href":"https:\/\/www.materiel-relooking.com\/blog\/wp-json\/wp\/v2\/posts\/417969"}],"collection":[{"href":"https:\/\/www.materiel-relooking.com\/blog\/wp-json\/wp\/v2\/posts"}],"about":[{"href":"https:\/\/www.materiel-relooking.com\/blog\/wp-json\/wp\/v2\/types\/post"}],"author":[{"embeddable":true,"href":"https:\/\/www.materiel-relooking.com\/blog\/wp-json\/wp\/v2\/users\/2"}],"replies":[{"embeddable":true,"href":"https:\/\/www.materiel-relooking.com\/blog\/wp-json\/wp\/v2\/comments?post=417969"}],"version-history":[{"count":2,"href":"https:\/\/www.materiel-relooking.com\/blog\/wp-json\/wp\/v2\/posts\/417969\/revisions"}],"predecessor-version":[{"id":417972,"href":"https:\/\/www.materiel-relooking.com\/blog\/wp-json\/wp\/v2\/posts\/417969\/revisions\/417972"}],"wp:featuredmedia":[{"embeddable":true,"href":"https:\/\/www.materiel-relooking.com\/blog\/wp-json\/wp\/v2\/media\/417970"}],"wp:attachment":[{"href":"https:\/\/www.materiel-relooking.com\/blog\/wp-json\/wp\/v2\/media?parent=417969"}],"wp:term":[{"taxonomy":"category","embeddable":true,"href":"https:\/\/www.materiel-relooking.com\/blog\/wp-json\/wp\/v2\/categories?post=417969"},{"taxonomy":"post_tag","embeddable":true,"href":"https:\/\/www.materiel-relooking.com\/blog\/wp-json\/wp\/v2\/tags?post=417969"}],"curies":[{"name":"wp","href":"https:\/\/api.w.org\/{rel}","templated":true}]}}