{"id":53,"date":"2012-07-16T08:57:11","date_gmt":"2012-07-16T08:57:11","guid":{"rendered":"http:\/\/www.materiel-relooking.com\/blog\/?p=53"},"modified":"2018-06-07T09:35:41","modified_gmt":"2018-06-07T09:35:41","slug":"formation-relooking-ou-conseil-en-image","status":"publish","type":"post","link":"https:\/\/www.materiel-relooking.com\/blog\/formation-relooking-ou-conseil-en-image\/","title":{"rendered":"Formation relooking ou conseil en Image"},"content":{"rendered":"<h6 style=\"text-align: justify;\"><strong>Formation :<\/strong><br \/>\n<strong>\u00ab <span style=\"color: #800080;\">Conseil en Image ou Relooking<\/span> \u00bb<br \/>\n<a href=\"https:\/\/i0.wp.com\/www.materiel-relooking.com\/blog\/wp-content\/uploads\/2012\/07\/formation_relooking_coiffeur.jpg\"><img data-attachment-id=\"54\" data-permalink=\"https:\/\/www.materiel-relooking.com\/blog\/formation-relooking-ou-conseil-en-image\/formation_relooking_coiffeur\/\" data-orig-file=\"https:\/\/i0.wp.com\/www.materiel-relooking.com\/blog\/wp-content\/uploads\/2012\/07\/formation_relooking_coiffeur.jpg?fit=179%2C188&amp;ssl=1\" data-orig-size=\"179,188\" data-comments-opened=\"0\" data-image-meta=\"{&quot;aperture&quot;:&quot;0&quot;,&quot;credit&quot;:&quot;&quot;,&quot;camera&quot;:&quot;&quot;,&quot;caption&quot;:&quot;&quot;,&quot;created_timestamp&quot;:&quot;0&quot;,&quot;copyright&quot;:&quot;&quot;,&quot;focal_length&quot;:&quot;0&quot;,&quot;iso&quot;:&quot;0&quot;,&quot;shutter_speed&quot;:&quot;0&quot;,&quot;title&quot;:&quot;&quot;}\" data-image-title=\"formation_relooking_coiffeur\" data-image-description=\"&lt;p&gt;formation_relooking_coiffeur&lt;\/p&gt;\n\" data-image-caption=\"\" data-medium-file=\"https:\/\/i0.wp.com\/www.materiel-relooking.com\/blog\/wp-content\/uploads\/2012\/07\/formation_relooking_coiffeur.jpg?fit=179%2C188&amp;ssl=1\" data-large-file=\"https:\/\/i0.wp.com\/www.materiel-relooking.com\/blog\/wp-content\/uploads\/2012\/07\/formation_relooking_coiffeur.jpg?fit=179%2C188&amp;ssl=1\" loading=\"lazy\" class=\"alignleft size-full wp-image-54\" title=\"formation_relooking_coiffeur\" src=\"https:\/\/i0.wp.com\/www.materiel-relooking.com\/blog\/wp-content\/uploads\/2012\/07\/formation_relooking_coiffeur.jpg?resize=179%2C188\" alt=\"formation_relooking_coiffeur\" width=\"179\" height=\"188\" data-recalc-dims=\"1\" \/><\/a><br \/>\n<\/strong>Vous int\u00e9grerez les bases fondamentales de la colorim\u00e9trie par la m\u00e9thode des quatre saisons.<br \/>\nEtre capable de d\u00e9terminer les couleurs qui mettent en valeur votre cliente et savoir les adapter \u00e0 la coloration des cheveux.<!--more--><br \/>\nSavoir conseiller la palette de couleurs pour <span style=\"color: #800080;\"><strong>la coloration des cheveux, le maquillage, les lunettes, les bijoux, les accessoires et les v\u00eatements du haut<\/strong><\/span>. Mieux g\u00e9rer la morpho-coiffure et r\u00e9pondre \u00e0 la demande de votre cliente. Vous donner toutes les cl\u00e9s pour r\u00e9ussir la mise en place de ces nouvelles prestations pour optimiser votre chiffre d\u2019affaire.<\/h6>\n<p>&nbsp;<\/p>\n","protected":false},"excerpt":{"rendered":"<p>Formation : \u00ab Conseil en Image ou Relooking \u00bb Vous int\u00e9grerez les bases fondamentales de la colorim\u00e9trie par la m\u00e9thode des quatre saisons. Etre capable de d\u00e9terminer les couleurs qui mettent en valeur votre cliente et savoir les adapter \u00e0 la coloration des cheveux.<\/p>\n","protected":false},"author":1,"featured_media":0,"comment_status":"closed","ping_status":"closed","sticky":false,"template":"","format":"standard","meta":{"spay_email":"","jetpack_publicize_message":"","jetpack_is_tweetstorm":false,"jetpack_publicize_feature_enabled":true},"categories":[113],"tags":[15,18,20,16,19,17],"yoast_head":"<!-- This site is optimized with the Yoast SEO plugin v18.1 - https:\/\/yoast.com\/wordpress\/plugins\/seo\/ -->\n<title>Formation relooking ou conseil en Image<\/title>\n<meta name=\"robots\" content=\"index, follow, max-snippet:-1, max-image-preview:large, max-video-preview:-1\" \/>\n<link rel=\"canonical\" href=\"https:\/\/www.materiel-relooking.com\/blog\/formation-relooking-ou-conseil-en-image\/\" \/>\n<meta property=\"og:locale\" content=\"fr_FR\" \/>\n<meta property=\"og:type\" content=\"article\" \/>\n<meta property=\"og:title\" content=\"Formation relooking ou conseil en Image\" \/>\n<meta property=\"og:description\" content=\"Formation : \u00ab Conseil en Image ou Relooking \u00bb Vous int\u00e9grerez les bases fondamentales de la colorim\u00e9trie par la m\u00e9thode des quatre saisons. Etre capable de d\u00e9terminer les couleurs qui mettent en valeur votre cliente et savoir les adapter \u00e0 la coloration des cheveux.\" \/>\n<meta property=\"og:url\" content=\"https:\/\/www.materiel-relooking.com\/blog\/formation-relooking-ou-conseil-en-image\/\" \/>\n<meta property=\"og:site_name\" content=\"Conseils Relooking - blog Relooking\" \/>\n<meta property=\"article:publisher\" content=\"https:\/\/www.facebook.com\/pages\/Materiel-Relooking\/\" \/>\n<meta property=\"article:published_time\" content=\"2012-07-16T08:57:11+00:00\" \/>\n<meta property=\"article:modified_time\" content=\"2018-06-07T09:35:41+00:00\" \/>\n<meta property=\"og:image\" content=\"http:\/\/www.materiel-relooking.com\/blog\/wp-content\/uploads\/2012\/07\/formation_relooking_coiffeur.jpg\" \/>\n<meta name=\"twitter:card\" content=\"summary\" \/>\n<meta name=\"twitter:creator\" content=\"@materielrelook\" \/>\n<meta name=\"twitter:site\" content=\"@materielrelook\" \/>\n<meta name=\"twitter:label1\" content=\"\u00c9crit par\" \/>\n\t<meta name=\"twitter:data1\" content=\"Cristina Relooking\" \/>\n\t<meta name=\"twitter:label2\" content=\"Dur\u00e9e de lecture estim\u00e9e\" \/>\n\t<meta name=\"twitter:data2\" content=\"1 minute\" \/>\n<script type=\"application\/ld+json\" class=\"yoast-schema-graph\">{\"@context\":\"https:\/\/schema.org\",\"@graph\":[{\"@type\":\"WebSite\",\"@id\":\"https:\/\/www.materiel-relooking.com\/blog\/#website\",\"url\":\"https:\/\/www.materiel-relooking.com\/blog\/\",\"name\":\"Conseils Relooking - blog Relooking\",\"description\":\"Blog des conseils de relooking pour les Conseillers en image, des Coiffeurs, des Esth\u00e9ticiennes,\",\"potentialAction\":[{\"@type\":\"SearchAction\",\"target\":{\"@type\":\"EntryPoint\",\"urlTemplate\":\"https:\/\/www.materiel-relooking.com\/blog\/?s={search_term_string}\"},\"query-input\":\"required name=search_term_string\"}],\"inLanguage\":\"fr-FR\"},{\"@type\":\"ImageObject\",\"@id\":\"https:\/\/www.materiel-relooking.com\/blog\/formation-relooking-ou-conseil-en-image\/#primaryimage\",\"inLanguage\":\"fr-FR\",\"url\":\"http:\/\/www.materiel-relooking.com\/blog\/wp-content\/uploads\/2012\/07\/formation_relooking_coiffeur.jpg\",\"contentUrl\":\"http:\/\/www.materiel-relooking.com\/blog\/wp-content\/uploads\/2012\/07\/formation_relooking_coiffeur.jpg\"},{\"@type\":\"WebPage\",\"@id\":\"https:\/\/www.materiel-relooking.com\/blog\/formation-relooking-ou-conseil-en-image\/#webpage\",\"url\":\"https:\/\/www.materiel-relooking.com\/blog\/formation-relooking-ou-conseil-en-image\/\",\"name\":\"Formation relooking ou conseil en Image\",\"isPartOf\":{\"@id\":\"https:\/\/www.materiel-relooking.com\/blog\/#website\"},\"primaryImageOfPage\":{\"@id\":\"https:\/\/www.materiel-relooking.com\/blog\/formation-relooking-ou-conseil-en-image\/#primaryimage\"},\"datePublished\":\"2012-07-16T08:57:11+00:00\",\"dateModified\":\"2018-06-07T09:35:41+00:00\",\"author\":{\"@id\":\"https:\/\/www.materiel-relooking.com\/blog\/#\/schema\/person\/7656fce98638251def18d00f15f5a8c0\"},\"breadcrumb\":{\"@id\":\"https:\/\/www.materiel-relooking.com\/blog\/formation-relooking-ou-conseil-en-image\/#breadcrumb\"},\"inLanguage\":\"fr-FR\",\"potentialAction\":[{\"@type\":\"ReadAction\",\"target\":[\"https:\/\/www.materiel-relooking.com\/blog\/formation-relooking-ou-conseil-en-image\/\"]}]},{\"@type\":\"BreadcrumbList\",\"@id\":\"https:\/\/www.materiel-relooking.com\/blog\/formation-relooking-ou-conseil-en-image\/#breadcrumb\",\"itemListElement\":[{\"@type\":\"ListItem\",\"position\":1,\"name\":\"Accueil\",\"item\":\"https:\/\/www.materiel-relooking.com\/blog\/\"},{\"@type\":\"ListItem\",\"position\":2,\"name\":\"L'actualit\u00e9 du Relooking\",\"item\":\"https:\/\/www.materiel-relooking.com\/blog\/category\/lactualite-du-relooking\/\"},{\"@type\":\"ListItem\",\"position\":3,\"name\":\"Formation relooking ou conseil en Image\"}]},{\"@type\":\"Person\",\"@id\":\"https:\/\/www.materiel-relooking.com\/blog\/#\/schema\/person\/7656fce98638251def18d00f15f5a8c0\",\"name\":\"Cristina Relooking\",\"image\":{\"@type\":\"ImageObject\",\"@id\":\"https:\/\/www.materiel-relooking.com\/blog\/#personlogo\",\"inLanguage\":\"fr-FR\",\"url\":\"https:\/\/i0.wp.com\/www.materiel-relooking.com\/blog\/wp-content\/uploads\/2015\/01\/cris.jpg?fit=72%2C96&ssl=1\",\"contentUrl\":\"https:\/\/i0.wp.com\/www.materiel-relooking.com\/blog\/wp-content\/uploads\/2015\/01\/cris.jpg?fit=72%2C96&ssl=1\",\"caption\":\"Cristina Relooking\"},\"description\":\"Dipl\u00f4m\u00e9e de l\u2019\u00e9cole des Beaux-arts et de la C.S de la Haute Couture de Paris, Conseill\u00e8re en Image pour la personne depuis 1999, directrice de formation dans divers soci\u00e9t\u00e9s de formations.\"}]}<\/script>\n<!-- \/ Yoast SEO plugin. -->","yoast_head_json":{"title":"Formation relooking ou conseil en Image","robots":{"index":"index","follow":"follow","max-snippet":"max-snippet:-1","max-image-preview":"max-image-preview:large","max-video-preview":"max-video-preview:-1"},"canonical":"https:\/\/www.materiel-relooking.com\/blog\/formation-relooking-ou-conseil-en-image\/","og_locale":"fr_FR","og_type":"article","og_title":"Formation relooking ou conseil en Image","og_description":"Formation : \u00ab Conseil en Image ou Relooking \u00bb Vous int\u00e9grerez les bases fondamentales de la colorim\u00e9trie par la m\u00e9thode des quatre saisons. Etre capable de d\u00e9terminer les couleurs qui mettent en valeur votre cliente et savoir les adapter \u00e0 la coloration des cheveux.","og_url":"https:\/\/www.materiel-relooking.com\/blog\/formation-relooking-ou-conseil-en-image\/","og_site_name":"Conseils Relooking - blog Relooking","article_publisher":"https:\/\/www.facebook.com\/pages\/Materiel-Relooking\/","article_published_time":"2012-07-16T08:57:11+00:00","article_modified_time":"2018-06-07T09:35:41+00:00","og_image":[{"url":"http:\/\/www.materiel-relooking.com\/blog\/wp-content\/uploads\/2012\/07\/formation_relooking_coiffeur.jpg"}],"twitter_card":"summary","twitter_creator":"@materielrelook","twitter_site":"@materielrelook","twitter_misc":{"\u00c9crit par":"Cristina Relooking","Dur\u00e9e de lecture estim\u00e9e":"1 minute"},"schema":{"@context":"https:\/\/schema.org","@graph":[{"@type":"WebSite","@id":"https:\/\/www.materiel-relooking.com\/blog\/#website","url":"https:\/\/www.materiel-relooking.com\/blog\/","name":"Conseils Relooking - blog Relooking","description":"Blog des conseils de relooking pour les Conseillers en image, des Coiffeurs, des Esth\u00e9ticiennes,","potentialAction":[{"@type":"SearchAction","target":{"@type":"EntryPoint","urlTemplate":"https:\/\/www.materiel-relooking.com\/blog\/?s={search_term_string}"},"query-input":"required name=search_term_string"}],"inLanguage":"fr-FR"},{"@type":"ImageObject","@id":"https:\/\/www.materiel-relooking.com\/blog\/formation-relooking-ou-conseil-en-image\/#primaryimage","inLanguage":"fr-FR","url":"http:\/\/www.materiel-relooking.com\/blog\/wp-content\/uploads\/2012\/07\/formation_relooking_coiffeur.jpg","contentUrl":"http:\/\/www.materiel-relooking.com\/blog\/wp-content\/uploads\/2012\/07\/formation_relooking_coiffeur.jpg"},{"@type":"WebPage","@id":"https:\/\/www.materiel-relooking.com\/blog\/formation-relooking-ou-conseil-en-image\/#webpage","url":"https:\/\/www.materiel-relooking.com\/blog\/formation-relooking-ou-conseil-en-image\/","name":"Formation relooking ou conseil en Image","isPartOf":{"@id":"https:\/\/www.materiel-relooking.com\/blog\/#website"},"primaryImageOfPage":{"@id":"https:\/\/www.materiel-relooking.com\/blog\/formation-relooking-ou-conseil-en-image\/#primaryimage"},"datePublished":"2012-07-16T08:57:11+00:00","dateModified":"2018-06-07T09:35:41+00:00","author":{"@id":"https:\/\/www.materiel-relooking.com\/blog\/#\/schema\/person\/7656fce98638251def18d00f15f5a8c0"},"breadcrumb":{"@id":"https:\/\/www.materiel-relooking.com\/blog\/formation-relooking-ou-conseil-en-image\/#breadcrumb"},"inLanguage":"fr-FR","potentialAction":[{"@type":"ReadAction","target":["https:\/\/www.materiel-relooking.com\/blog\/formation-relooking-ou-conseil-en-image\/"]}]},{"@type":"BreadcrumbList","@id":"https:\/\/www.materiel-relooking.com\/blog\/formation-relooking-ou-conseil-en-image\/#breadcrumb","itemListElement":[{"@type":"ListItem","position":1,"name":"Accueil","item":"https:\/\/www.materiel-relooking.com\/blog\/"},{"@type":"ListItem","position":2,"name":"L'actualit\u00e9 du Relooking","item":"https:\/\/www.materiel-relooking.com\/blog\/category\/lactualite-du-relooking\/"},{"@type":"ListItem","position":3,"name":"Formation relooking ou conseil en Image"}]},{"@type":"Person","@id":"https:\/\/www.materiel-relooking.com\/blog\/#\/schema\/person\/7656fce98638251def18d00f15f5a8c0","name":"Cristina Relooking","image":{"@type":"ImageObject","@id":"https:\/\/www.materiel-relooking.com\/blog\/#personlogo","inLanguage":"fr-FR","url":"https:\/\/i0.wp.com\/www.materiel-relooking.com\/blog\/wp-content\/uploads\/2015\/01\/cris.jpg?fit=72%2C96&ssl=1","contentUrl":"https:\/\/i0.wp.com\/www.materiel-relooking.com\/blog\/wp-content\/uploads\/2015\/01\/cris.jpg?fit=72%2C96&ssl=1","caption":"Cristina Relooking"},"description":"Dipl\u00f4m\u00e9e de l\u2019\u00e9cole des Beaux-arts et de la C.S de la Haute Couture de Paris, Conseill\u00e8re en Image pour la personne depuis 1999, directrice de formation dans divers soci\u00e9t\u00e9s de formations."}]}},"jetpack_featured_media_url":"","jetpack_publicize_connections":[],"jetpack_sharing_enabled":true,"jetpack_shortlink":"https:\/\/wp.me\/p6KybK-R","jetpack-related-posts":[{"id":103,"url":"https:\/\/www.materiel-relooking.com\/blog\/mechier-nuancier-couleur-cheveux\/","url_meta":{"origin":53,"position":0},"title":"Nos m\u00e9chiers couleurs","date":"23 juin 2014","format":false,"excerpt":"Ce m\u00e9chier a \u00e9t\u00e9 sp\u00e9cialement \u00e9tudi\u00e9 selon la m\u00e9thode des 4 saisons, tout\u00a0comme nos perruques. \u00a0 Nos m\u00e9chiers sont con\u00e7us de telle mani\u00e8re que vous ne pouvez pas m\u00e9langer les\u00a0couleurs chaudes\u00a0avec les\u00a0couleurs froides, et,\u00a0de ce fait, vous avez les moyens de travailler efficacement en toute s\u00e9r\u00e9nit\u00e9. Vous trouverez la\u00a0couleur de\u2026","rel":"","context":"Dans &quot;Mat\u00e9riel conseil en image&quot;","img":{"alt_text":"mechier pro","src":"https:\/\/i0.wp.com\/www.materiel-relooking.com\/blog\/wp-content\/uploads\/2014\/06\/mechier-pro1.jpg?fit=800%2C800&ssl=1&resize=350%2C200","width":350,"height":200},"classes":[]},{"id":59,"url":"https:\/\/www.materiel-relooking.com\/blog\/formation-perfectionnement-relooking\/","url_meta":{"origin":53,"position":1},"title":"Formation : \u00ab Perfectionnement Relooking \u00bb","date":"16 juillet 2012","format":false,"excerpt":"Formation : \u00ab Perfectionnement Relooking \u00bb Venez valider et renforcer vos acquis dans le domaine du conseil en image. Perfectionnez votre savoir faire \u00e0 travers de nouveaux ateliers (couleur, morpho, accessoires\u2026). Apprendre \u00e0 mieux conna\u00eetre sa client\u00e8le pour r\u00e9pondre \u00e0 ses attentes. Acc\u00e9der \u00e0 l\u2019obtention d\u2019un certificat justifi\u00e9e par une\u2026","rel":"","context":"Dans &quot;L'actualit\u00e9 du Relooking&quot;","img":{"alt_text":"","src":"","width":0,"height":0},"classes":[]},{"id":418000,"url":"https:\/\/www.materiel-relooking.com\/blog\/introduction\/","url_meta":{"origin":53,"position":2},"title":"Le conseil en image r\u00e9invent\u00e9 avec Materiel-Relooking.com : D\u00e9couvrez notre gamme de produits incontournables","date":"27 mars 2023","format":"aside","excerpt":"Vous \u00eates \u00e0 la recherche de mat\u00e9riel de qualit\u00e9 pour d\u00e9velopper votre activit\u00e9 de conseil en image ? Materiel-Relooking.com est la r\u00e9f\u00e9rence en mati\u00e8re de vente en ligne de produits d\u00e9di\u00e9s au relooking. Dans cet article, nous allons explorer notre gamme de produits, incluant le drapage relooking, les nuanciers relooking,\u2026","rel":"","context":"Dans &quot;Non class\u00e9&quot;","img":{"alt_text":"","src":"","width":0,"height":0},"classes":[]},{"id":417674,"url":"https:\/\/www.materiel-relooking.com\/blog\/relooking-draping-lannee-2018-signe-couleurs\/","url_meta":{"origin":53,"position":3},"title":"Relooking et draping, l\u2019ann\u00e9e 2018 sous le signe des \u2026couleurs !","date":"22 janvier 2018","format":false,"excerpt":"Relooking et draping, l\u2019ann\u00e9e 2018 sous le signe des \u2026couleurs\u00a0! Inenvisageable pour les esth\u00e9ticiennes et autres coachs en image de commencer une nouvelle ann\u00e9e sans vouloir r\u00e9pondre aux bonnes r\u00e9solutions prises par leurs clientes. Se sentir belle et en harmonie avec soi-m\u00eame, la tendance se renforce. Le relooking constitue la\u2026","rel":"","context":"Dans &quot;Les M\u00e9thodes du Relooking&quot;","img":{"alt_text":"Relooking et draping, l\u2019ann\u00e9e 2018 sous le signe des \u2026couleurs !","src":"https:\/\/i0.wp.com\/www.materiel-relooking.com\/blog\/wp-content\/uploads\/2018\/01\/le-relooking-2018.jpg?fit=500%2C333&ssl=1&resize=350%2C200","width":350,"height":200},"classes":[]},{"id":417713,"url":"https:\/\/www.materiel-relooking.com\/blog\/relooking-a-lhonneur-a-fete-meres\/","url_meta":{"origin":53,"position":4},"title":"Pourquoi et comment le relooking est \u00e0 l\u2019honneur \u00e0 la f\u00eate des M\u00e8res ?","date":"22 mai 2018","format":false,"excerpt":"Pourquoi et comment le relooking est \u00e0 l\u2019honneur \u00e0 la f\u00eate des M\u00e8res\u00a0? Temps fort du calendrier commercial, la f\u00eate des m\u00e8res reste une date, pour laquelle les pros du Relooking et les expertes de l\u2019image se mobilisent. C\u2019est l\u2019occasion de s\u2019adresser \u00e0 de nouveaux prospects, \u00e0 condition toutefois de\u2026","rel":"","context":"Dans &quot;Les M\u00e9thodes du Relooking&quot;","img":{"alt_text":"Pourquoi et comment le relooking est \u00e0 l\u2019honneur \u00e0 la f\u00eate des M\u00e8res ?","src":"https:\/\/i0.wp.com\/www.materiel-relooking.com\/blog\/wp-content\/uploads\/2018\/05\/fetes-des-meres-conseil-en-image.jpeg?fit=612%2C408&ssl=1&resize=350%2C200","width":350,"height":200},"classes":[]},{"id":114,"url":"https:\/\/www.materiel-relooking.com\/blog\/relooking-nuancier-couleurs\/","url_meta":{"origin":53,"position":5},"title":"Le Nuancier Relooking","date":"25 juin 2014","format":false,"excerpt":"Le nuancier relooking, l\u2019outil incontournable \u00e0 remettre \u00e0 vos clients ! \u00a0 Outils de colorim\u00e9trie indispensables \u00e0 remettre \u00e0 votre client\u00e8le, nos nuanciers relooking ont \u00e9t\u00e9 sp\u00e9cialement \u00e9tudi\u00e9s pour \u00eatre en conformit\u00e9 avec la\u00a0m\u00e9thode des 4 saisons. \u00a0 Vecteur de marketing important, ils sont le moyen de v\u00e9hiculer l\u2019image de\u2026","rel":"","context":"Dans &quot;Mat\u00e9riel conseil en image&quot;","img":{"alt_text":"relooking nuancier couleurs froides","src":"https:\/\/i0.wp.com\/www.materiel-relooking.com\/blog\/wp-content\/uploads\/2014\/06\/nuancier-relooking.jpg?resize=350%2C200&ssl=1","width":350,"height":200},"classes":[]}],"amp_enabled":true,"_links":{"self":[{"href":"https:\/\/www.materiel-relooking.com\/blog\/wp-json\/wp\/v2\/posts\/53"}],"collection":[{"href":"https:\/\/www.materiel-relooking.com\/blog\/wp-json\/wp\/v2\/posts"}],"about":[{"href":"https:\/\/www.materiel-relooking.com\/blog\/wp-json\/wp\/v2\/types\/post"}],"author":[{"embeddable":true,"href":"https:\/\/www.materiel-relooking.com\/blog\/wp-json\/wp\/v2\/users\/1"}],"replies":[{"embeddable":true,"href":"https:\/\/www.materiel-relooking.com\/blog\/wp-json\/wp\/v2\/comments?post=53"}],"version-history":[{"count":6,"href":"https:\/\/www.materiel-relooking.com\/blog\/wp-json\/wp\/v2\/posts\/53\/revisions"}],"predecessor-version":[{"id":959,"href":"https:\/\/www.materiel-relooking.com\/blog\/wp-json\/wp\/v2\/posts\/53\/revisions\/959"}],"wp:attachment":[{"href":"https:\/\/www.materiel-relooking.com\/blog\/wp-json\/wp\/v2\/media?parent=53"}],"wp:term":[{"taxonomy":"category","embeddable":true,"href":"https:\/\/www.materiel-relooking.com\/blog\/wp-json\/wp\/v2\/categories?post=53"},{"taxonomy":"post_tag","embeddable":true,"href":"https:\/\/www.materiel-relooking.com\/blog\/wp-json\/wp\/v2\/tags?post=53"}],"curies":[{"name":"wp","href":"https:\/\/api.w.org\/{rel}","templated":true}]}}