{"id":790,"date":"2015-03-26T11:00:12","date_gmt":"2015-03-26T11:00:12","guid":{"rendered":"http:\/\/www.materiel-relooking.com\/blog\/?p=790"},"modified":"2018-06-07T09:39:18","modified_gmt":"2018-06-07T09:39:18","slug":"interview-de-benjamin-puckey","status":"publish","type":"post","link":"https:\/\/www.materiel-relooking.com\/blog\/interview-de-benjamin-puckey\/","title":{"rendered":"Interview de Benjamin Puckey"},"content":{"rendered":"<p>Interview de Benjamin Puckey qui parle du maquillage Maqpro.<\/p>\n<p><strong>L&rsquo;article de vogue \u00a0:<\/strong><\/p>\n<p><a title=\"vogue\" href=\"http:\/\/en.vogue.fr\/fashion-videos\/fashion-story\/videos\/behind-the-scenes-with-benjamin-puckey\/6746\" target=\"_blank\">http:\/\/en.vogue.fr\/fashion-videos\/fashion-story\/videos\/behind-the-scenes-with-benjamin-puckey\/6746<\/a><\/p>\n<p><em><strong>La traduction :\u00a0<\/strong><\/em><\/p>\n<div><span style=\"text-decoration: underline;\"><strong>O\u00f9 achetez vous vos produits pour votre activit\u00e9 ?<\/strong><\/span><\/div>\n<div>A Paris, ce magasin Maqpro est culte pour les artistes maquilleurs, car c\u2019est l\u2019une des plus anciennes marques de maquillage professionnel<\/div>\n<div>Ils proposent une magnifique palette de fards cr\u00e8mes, d\u2019ombres \u00a0\u00e0 paupi\u00e8res.<\/div>\n<div>Ainsi que leur produit \u00ab\u00a0secret brillance\u00a0\u00bb \u00a0le Pure Pearl, un gel transparent pour cr\u00e9er des effets de brillance sur la peau<\/div>\n<div><\/div>\n","protected":false},"excerpt":{"rendered":"<p>Interview de Benjamin Puckey qui parle du maquillage Maqpro. L&rsquo;article de vogue \u00a0: http:\/\/en.vogue.fr\/fashion-videos\/fashion-story\/videos\/behind-the-scenes-with-benjamin-puckey\/6746 La traduction :\u00a0 O\u00f9 achetez vous vos produits pour votre activit\u00e9 ? A Paris, ce magasin Maqpro est culte pour les artistes maquilleurs, car c\u2019est l\u2019une des plus anciennes marques de maquillage professionnel Ils proposent une magnifique palette de fards cr\u00e8mes, d\u2019ombres \u00a0\u00e0 paupi\u00e8res. Ainsi que leur produit \u00ab\u00a0secret brillance\u00a0\u00bb \u00a0le Pure Pearl, un gel transparent pour cr\u00e9er des effets de brillance sur la peau<\/p>\n","protected":false},"author":2,"featured_media":792,"comment_status":"closed","ping_status":"closed","sticky":false,"template":"","format":"standard","meta":{"spay_email":"","jetpack_publicize_message":"","jetpack_is_tweetstorm":false,"jetpack_publicize_feature_enabled":true},"categories":[4],"tags":[],"yoast_head":"<!-- This site is optimized with the Yoast SEO plugin v18.1 - https:\/\/yoast.com\/wordpress\/plugins\/seo\/ -->\n<title>Interview de Benjamin Puckey - Vogue<\/title>\n<meta name=\"robots\" content=\"index, follow, max-snippet:-1, max-image-preview:large, max-video-preview:-1\" \/>\n<link rel=\"canonical\" href=\"https:\/\/www.materiel-relooking.com\/blog\/interview-de-benjamin-puckey\/\" \/>\n<meta property=\"og:locale\" content=\"fr_FR\" \/>\n<meta property=\"og:type\" content=\"article\" \/>\n<meta property=\"og:title\" content=\"Interview de Benjamin Puckey - Vogue\" \/>\n<meta property=\"og:description\" content=\"Interview de Benjamin Puckey qui parle du maquillage Maqpro. L&rsquo;article de vogue \u00a0: http:\/\/en.vogue.fr\/fashion-videos\/fashion-story\/videos\/behind-the-scenes-with-benjamin-puckey\/6746 La traduction :\u00a0 O\u00f9 achetez vous vos produits pour votre activit\u00e9 ? A Paris, ce magasin Maqpro est culte pour les artistes maquilleurs, car c\u2019est l\u2019une des plus anciennes marques de maquillage professionnel Ils proposent une magnifique palette de fards cr\u00e8mes, d\u2019ombres \u00a0\u00e0 paupi\u00e8res. Ainsi que leur produit \u00ab\u00a0secret brillance\u00a0\u00bb \u00a0le Pure Pearl, un gel transparent pour cr\u00e9er des effets de brillance sur la peau\" \/>\n<meta property=\"og:url\" content=\"https:\/\/www.materiel-relooking.com\/blog\/interview-de-benjamin-puckey\/\" \/>\n<meta property=\"og:site_name\" content=\"Conseils Relooking - blog Relooking\" \/>\n<meta property=\"article:publisher\" content=\"https:\/\/www.facebook.com\/pages\/Materiel-Relooking\/\" \/>\n<meta property=\"article:published_time\" content=\"2015-03-26T11:00:12+00:00\" \/>\n<meta property=\"article:modified_time\" content=\"2018-06-07T09:39:18+00:00\" \/>\n<meta property=\"og:image\" content=\"https:\/\/i0.wp.com\/www.materiel-relooking.com\/blog\/wp-content\/uploads\/2015\/03\/benjamin-puckey.jpg?fit=751%2C334&#038;ssl=1\" \/>\n\t<meta property=\"og:image:width\" content=\"751\" \/>\n\t<meta property=\"og:image:height\" content=\"334\" \/>\n\t<meta property=\"og:image:type\" content=\"image\/jpeg\" \/>\n<meta name=\"twitter:card\" content=\"summary\" \/>\n<meta name=\"twitter:creator\" content=\"@materielrelook\" \/>\n<meta name=\"twitter:site\" content=\"@materielrelook\" \/>\n<meta name=\"twitter:label1\" content=\"\u00c9crit par\" \/>\n\t<meta name=\"twitter:data1\" content=\"Cristina Pedretti\" \/>\n<script type=\"application\/ld+json\" class=\"yoast-schema-graph\">{\"@context\":\"https:\/\/schema.org\",\"@graph\":[{\"@type\":\"WebSite\",\"@id\":\"https:\/\/www.materiel-relooking.com\/blog\/#website\",\"url\":\"https:\/\/www.materiel-relooking.com\/blog\/\",\"name\":\"Conseils Relooking - blog Relooking\",\"description\":\"Blog des conseils de relooking pour les Conseillers en image, des Coiffeurs, des Esth\u00e9ticiennes,\",\"potentialAction\":[{\"@type\":\"SearchAction\",\"target\":{\"@type\":\"EntryPoint\",\"urlTemplate\":\"https:\/\/www.materiel-relooking.com\/blog\/?s={search_term_string}\"},\"query-input\":\"required name=search_term_string\"}],\"inLanguage\":\"fr-FR\"},{\"@type\":\"ImageObject\",\"@id\":\"https:\/\/www.materiel-relooking.com\/blog\/interview-de-benjamin-puckey\/#primaryimage\",\"inLanguage\":\"fr-FR\",\"url\":\"https:\/\/i0.wp.com\/www.materiel-relooking.com\/blog\/wp-content\/uploads\/2015\/03\/benjamin-puckey.jpg?fit=751%2C334&ssl=1\",\"contentUrl\":\"https:\/\/i0.wp.com\/www.materiel-relooking.com\/blog\/wp-content\/uploads\/2015\/03\/benjamin-puckey.jpg?fit=751%2C334&ssl=1\",\"width\":751,\"height\":334,\"caption\":\"benjamin puckey\"},{\"@type\":\"WebPage\",\"@id\":\"https:\/\/www.materiel-relooking.com\/blog\/interview-de-benjamin-puckey\/#webpage\",\"url\":\"https:\/\/www.materiel-relooking.com\/blog\/interview-de-benjamin-puckey\/\",\"name\":\"Interview de Benjamin Puckey - Vogue\",\"isPartOf\":{\"@id\":\"https:\/\/www.materiel-relooking.com\/blog\/#website\"},\"primaryImageOfPage\":{\"@id\":\"https:\/\/www.materiel-relooking.com\/blog\/interview-de-benjamin-puckey\/#primaryimage\"},\"datePublished\":\"2015-03-26T11:00:12+00:00\",\"dateModified\":\"2018-06-07T09:39:18+00:00\",\"author\":{\"@id\":\"https:\/\/www.materiel-relooking.com\/blog\/#\/schema\/person\/649eb71a49ea802d5d397139a2ddf665\"},\"breadcrumb\":{\"@id\":\"https:\/\/www.materiel-relooking.com\/blog\/interview-de-benjamin-puckey\/#breadcrumb\"},\"inLanguage\":\"fr-FR\",\"potentialAction\":[{\"@type\":\"ReadAction\",\"target\":[\"https:\/\/www.materiel-relooking.com\/blog\/interview-de-benjamin-puckey\/\"]}]},{\"@type\":\"BreadcrumbList\",\"@id\":\"https:\/\/www.materiel-relooking.com\/blog\/interview-de-benjamin-puckey\/#breadcrumb\",\"itemListElement\":[{\"@type\":\"ListItem\",\"position\":1,\"name\":\"Accueil\",\"item\":\"https:\/\/www.materiel-relooking.com\/blog\/\"},{\"@type\":\"ListItem\",\"position\":2,\"name\":\"Mat\u00e9riel conseil en image\",\"item\":\"https:\/\/www.materiel-relooking.com\/blog\/category\/materiel-conseil-en-image\/\"},{\"@type\":\"ListItem\",\"position\":3,\"name\":\"Interview de Benjamin Puckey\"}]},{\"@type\":\"Person\",\"@id\":\"https:\/\/www.materiel-relooking.com\/blog\/#\/schema\/person\/649eb71a49ea802d5d397139a2ddf665\",\"name\":\"Cristina Pedretti\",\"image\":{\"@type\":\"ImageObject\",\"@id\":\"https:\/\/www.materiel-relooking.com\/blog\/#personlogo\",\"inLanguage\":\"fr-FR\",\"url\":\"https:\/\/i0.wp.com\/www.materiel-relooking.com\/blog\/wp-content\/uploads\/2015\/01\/cris.jpg?fit=72%2C96&ssl=1\",\"contentUrl\":\"https:\/\/i0.wp.com\/www.materiel-relooking.com\/blog\/wp-content\/uploads\/2015\/01\/cris.jpg?fit=72%2C96&ssl=1\",\"caption\":\"Cristina Pedretti\"},\"description\":\"Dipl\u00f4m\u00e9e de l\u2019\u00e9cole des Beaux-arts et de la C.S de la Haute Couture de Paris, Conseill\u00e8re en Image pour la personne depuis 1999.\"}]}<\/script>\n<!-- \/ Yoast SEO plugin. -->","yoast_head_json":{"title":"Interview de Benjamin Puckey - Vogue","robots":{"index":"index","follow":"follow","max-snippet":"max-snippet:-1","max-image-preview":"max-image-preview:large","max-video-preview":"max-video-preview:-1"},"canonical":"https:\/\/www.materiel-relooking.com\/blog\/interview-de-benjamin-puckey\/","og_locale":"fr_FR","og_type":"article","og_title":"Interview de Benjamin Puckey - Vogue","og_description":"Interview de Benjamin Puckey qui parle du maquillage Maqpro. L&rsquo;article de vogue \u00a0: http:\/\/en.vogue.fr\/fashion-videos\/fashion-story\/videos\/behind-the-scenes-with-benjamin-puckey\/6746 La traduction :\u00a0 O\u00f9 achetez vous vos produits pour votre activit\u00e9 ? A Paris, ce magasin Maqpro est culte pour les artistes maquilleurs, car c\u2019est l\u2019une des plus anciennes marques de maquillage professionnel Ils proposent une magnifique palette de fards cr\u00e8mes, d\u2019ombres \u00a0\u00e0 paupi\u00e8res. Ainsi que leur produit \u00ab\u00a0secret brillance\u00a0\u00bb \u00a0le Pure Pearl, un gel transparent pour cr\u00e9er des effets de brillance sur la peau","og_url":"https:\/\/www.materiel-relooking.com\/blog\/interview-de-benjamin-puckey\/","og_site_name":"Conseils Relooking - blog Relooking","article_publisher":"https:\/\/www.facebook.com\/pages\/Materiel-Relooking\/","article_published_time":"2015-03-26T11:00:12+00:00","article_modified_time":"2018-06-07T09:39:18+00:00","og_image":[{"width":751,"height":334,"url":"https:\/\/i0.wp.com\/www.materiel-relooking.com\/blog\/wp-content\/uploads\/2015\/03\/benjamin-puckey.jpg?fit=751%2C334&ssl=1","type":"image\/jpeg"}],"twitter_card":"summary","twitter_creator":"@materielrelook","twitter_site":"@materielrelook","twitter_misc":{"\u00c9crit par":"Cristina Pedretti"},"schema":{"@context":"https:\/\/schema.org","@graph":[{"@type":"WebSite","@id":"https:\/\/www.materiel-relooking.com\/blog\/#website","url":"https:\/\/www.materiel-relooking.com\/blog\/","name":"Conseils Relooking - blog Relooking","description":"Blog des conseils de relooking pour les Conseillers en image, des Coiffeurs, des Esth\u00e9ticiennes,","potentialAction":[{"@type":"SearchAction","target":{"@type":"EntryPoint","urlTemplate":"https:\/\/www.materiel-relooking.com\/blog\/?s={search_term_string}"},"query-input":"required name=search_term_string"}],"inLanguage":"fr-FR"},{"@type":"ImageObject","@id":"https:\/\/www.materiel-relooking.com\/blog\/interview-de-benjamin-puckey\/#primaryimage","inLanguage":"fr-FR","url":"https:\/\/i0.wp.com\/www.materiel-relooking.com\/blog\/wp-content\/uploads\/2015\/03\/benjamin-puckey.jpg?fit=751%2C334&ssl=1","contentUrl":"https:\/\/i0.wp.com\/www.materiel-relooking.com\/blog\/wp-content\/uploads\/2015\/03\/benjamin-puckey.jpg?fit=751%2C334&ssl=1","width":751,"height":334,"caption":"benjamin puckey"},{"@type":"WebPage","@id":"https:\/\/www.materiel-relooking.com\/blog\/interview-de-benjamin-puckey\/#webpage","url":"https:\/\/www.materiel-relooking.com\/blog\/interview-de-benjamin-puckey\/","name":"Interview de Benjamin Puckey - Vogue","isPartOf":{"@id":"https:\/\/www.materiel-relooking.com\/blog\/#website"},"primaryImageOfPage":{"@id":"https:\/\/www.materiel-relooking.com\/blog\/interview-de-benjamin-puckey\/#primaryimage"},"datePublished":"2015-03-26T11:00:12+00:00","dateModified":"2018-06-07T09:39:18+00:00","author":{"@id":"https:\/\/www.materiel-relooking.com\/blog\/#\/schema\/person\/649eb71a49ea802d5d397139a2ddf665"},"breadcrumb":{"@id":"https:\/\/www.materiel-relooking.com\/blog\/interview-de-benjamin-puckey\/#breadcrumb"},"inLanguage":"fr-FR","potentialAction":[{"@type":"ReadAction","target":["https:\/\/www.materiel-relooking.com\/blog\/interview-de-benjamin-puckey\/"]}]},{"@type":"BreadcrumbList","@id":"https:\/\/www.materiel-relooking.com\/blog\/interview-de-benjamin-puckey\/#breadcrumb","itemListElement":[{"@type":"ListItem","position":1,"name":"Accueil","item":"https:\/\/www.materiel-relooking.com\/blog\/"},{"@type":"ListItem","position":2,"name":"Mat\u00e9riel conseil en image","item":"https:\/\/www.materiel-relooking.com\/blog\/category\/materiel-conseil-en-image\/"},{"@type":"ListItem","position":3,"name":"Interview de Benjamin Puckey"}]},{"@type":"Person","@id":"https:\/\/www.materiel-relooking.com\/blog\/#\/schema\/person\/649eb71a49ea802d5d397139a2ddf665","name":"Cristina Pedretti","image":{"@type":"ImageObject","@id":"https:\/\/www.materiel-relooking.com\/blog\/#personlogo","inLanguage":"fr-FR","url":"https:\/\/i0.wp.com\/www.materiel-relooking.com\/blog\/wp-content\/uploads\/2015\/01\/cris.jpg?fit=72%2C96&ssl=1","contentUrl":"https:\/\/i0.wp.com\/www.materiel-relooking.com\/blog\/wp-content\/uploads\/2015\/01\/cris.jpg?fit=72%2C96&ssl=1","caption":"Cristina Pedretti"},"description":"Dipl\u00f4m\u00e9e de l\u2019\u00e9cole des Beaux-arts et de la C.S de la Haute Couture de Paris, Conseill\u00e8re en Image pour la personne depuis 1999."}]}},"jetpack_featured_media_url":"https:\/\/i0.wp.com\/www.materiel-relooking.com\/blog\/wp-content\/uploads\/2015\/03\/benjamin-puckey.jpg?fit=751%2C334&ssl=1","jetpack_publicize_connections":[],"jetpack_sharing_enabled":true,"jetpack_shortlink":"https:\/\/wp.me\/p6KybK-cK","jetpack-related-posts":[{"id":128,"url":"https:\/\/www.materiel-relooking.com\/blog\/maqpro-maquillage\/","url_meta":{"origin":790,"position":0},"title":"Maquillage MAQPRO","date":"31 juillet 2014","format":false,"excerpt":"Apr\u00e8s les vacances, nous aurons toutes besoin de conserver nos couleurs ! \u00a0 Pour le faire avec des produits de qualit\u00e9, je vous propose de d\u00e9couvrir la marque de maquillage\u00a0Maqpro que nous avons choisie comme partenaire. Maqpro cr\u00e9e et fabrique en France\u00a0-\u00a0et oui \u00e7a existe vraiment -, \u00e0 l'heure o\u00f9\u2026","rel":"","context":"Dans &quot;Mat\u00e9riel conseil en image&quot;","img":{"alt_text":"maquillage maqpro","src":"https:\/\/i0.wp.com\/www.materiel-relooking.com\/blog\/wp-content\/uploads\/2014\/07\/maquillage-maqpro.jpg?fit=478%2C750&ssl=1&resize=350%2C200","width":350,"height":200},"classes":[]},{"id":92,"url":"https:\/\/www.materiel-relooking.com\/blog\/malette-de-maquillage\/","url_meta":{"origin":790,"position":1},"title":"Malette de maquillage professionnel","date":"17 juin 2014","format":false,"excerpt":"Malette de maquillage Cette\u00a0mallette de maquillage\u00a0en similicuir est incontournable pour ranger votre\u00a0materiel de maquillage professionnel. Robuste et facile \u00e0 transporter, elle demeure votre alli\u00e9e n\u00b01 lors de vos d\u00e9placements. V\u00e9ritable mallette de\u00a0maquillage professionnel, cette mallette en croco contient les rangements pour des accessoires, maquillage, lisseur et pour le rangement des\u2026","rel":"","context":"Dans &quot;Mat\u00e9riel conseil en image&quot;","img":{"alt_text":"mallette de maquillage noire","src":"https:\/\/i0.wp.com\/www.materiel-relooking.com\/blog\/wp-content\/uploads\/2014\/06\/mallette-de-maquillage-noire.jpg?fit=800%2C800&ssl=1&resize=350%2C200","width":350,"height":200},"classes":[]},{"id":417924,"url":"https:\/\/www.materiel-relooking.com\/blog\/produits-de-maquillage-relooking-histoire-a-ecrire-relookeuses\/","url_meta":{"origin":790,"position":2},"title":"Les produits de maquillage et le relooking, une histoire \u00e0 \u00e9crire par les Relookeuses","date":"21 novembre 2018","format":"aside","excerpt":"Le Relooking ou le conseil en image ne se limite pas au draping ou au diagnostic colorim\u00e9trique. Au quotidien, les coachs et autres conseill\u00e8res en look doivent pouvoir r\u00e9pondre aux attentes pratiques de leurs clientes, et le maquillage en fait partie bien \u00e9videmment. Soigner l\u2019image et l\u2019apparence des autres, une\u2026","rel":"","context":"Dans &quot;Produits de maquillage&quot;","img":{"alt_text":"Les produits de maquillage et le relooking, une histoire \u00e0 \u00e9crire par les Relookeuses","src":"https:\/\/i0.wp.com\/www.materiel-relooking.com\/blog\/wp-content\/uploads\/2018\/11\/Les-produits-de-maquillage-et-le-relooking-une-histoire-\u00e0-\u00e9crire-par-les-Relookeuses.jpg?fit=1170%2C760&ssl=1&resize=350%2C200","width":350,"height":200},"classes":[]},{"id":139,"url":"https:\/\/www.materiel-relooking.com\/blog\/huile-demaquillante-largan\/","url_meta":{"origin":790,"position":3},"title":"Huile d\u00e9maquillante \u00e0 l\u2019argan","date":"6 janvier 2015","format":"aside","excerpt":"Huile d\u00e9maquillante \u00e0 l\u2019Argan Actuellement, on parle beaucoup d\u2019huile d\u00e9maquillante en remplacement du lait d\u00e9maquillant. Il existe diff\u00e9rentes sortes d\u2019huiles pour d\u00e9maquiller la peau. Les huiles qui n\u00e9cessitent de rincer la peau apr\u00e8s application et les autres qui s\u2019utilisent avec un coton seulement pour enlever le maquillage. Si l\u2019huile d\u2019argan\u2026","rel":"","context":"Dans &quot;Mat\u00e9riel conseil en image&quot;","img":{"alt_text":"Huile d\u00e9maquillante \u00e0 l'argan","src":"https:\/\/i0.wp.com\/www.materiel-relooking.com\/blog\/wp-content\/uploads\/2015\/01\/huile-demaquillante-argan.jpg?fit=512%2C405&ssl=1&resize=350%2C200","width":350,"height":200},"classes":[]},{"id":779,"url":"https:\/\/www.materiel-relooking.com\/blog\/tendance-maquillage-nude\/","url_meta":{"origin":790,"position":4},"title":"Tendance maquillage \u00ab nude \u00bb","date":"17 f\u00e9vrier 2015","format":false,"excerpt":"Tendance maquillage\u00a0nude Cet automne sera \u00ab\u00a0nude\u00a0\u00bb o\u00f9 ne sera pas\u00a0! Savez-vous ce que veux dire \u00ab\u00a0nude\u00a0\u00bb\u00a0?\u00a0La traduction int\u00e9grale c\u2019est \u00ab\u00a0nue\u00a0\u00bb Pas question de d\u00e9ambuler nue sous un manteau pour se conformer \u00e0 la tendance Je veux parler bien entendu parler de maquillage\u00a0! Le grand gagnant sur les podiums c\u2019est la\u00a0tendance\u2026","rel":"","context":"Dans &quot;Astuces beaut\u00e9&quot;","img":{"alt_text":"maquillage nude","src":"https:\/\/i0.wp.com\/www.materiel-relooking.com\/blog\/wp-content\/uploads\/2015\/02\/maquillage-nude.jpg?fit=952%2C1200&ssl=1&resize=350%2C200","width":350,"height":200},"classes":[]},{"id":417973,"url":"https:\/\/www.materiel-relooking.com\/blog\/no-make-up-une-nouvelle-tendance-du-relooking-moderne\/","url_meta":{"origin":790,"position":5},"title":"No Make Up, une nouvelle tendance du Relooking moderne ?","date":"13 mai 2019","format":"aside","excerpt":"No Make Up, une nouvelle tendance du Relooking moderne\u00a0? Quel sens doit v\u00e9hiculer le relooking\u00a0? la question taraude les clientes des expertes en image et en beaut\u00e9, et pourtant difficile d\u2019y apporter une r\u00e9ponse pr\u00e9cise et unique. (Re)donner du sens \u00e0 son look et \u00e0 sa beaut\u00e9, n\u2019est-ce pas un\u2026","rel":"","context":"Dans &quot;L'actualit\u00e9 du Relooking&quot;","img":{"alt_text":"Quelle est la finalit\u00e9 du relooking ? En tant que coach en image ou conseill\u00e8re en apparence ou m\u00eame comme maquilleuse, vous avez une r\u00e9ponse pr\u00e9cise. En revanche, vos clientes sont plus ind\u00e9cises. Et pourtant, ne retrouve-t-on pas cette finalit\u00e9 avec les mouvements tendance du \u00ab No Make up \u00bb ?","src":"https:\/\/i0.wp.com\/www.materiel-relooking.com\/blog\/wp-content\/uploads\/2019\/05\/No-Make-Up-une-nouvelle-tendance-du-Relooking-moderne-.jpg?fit=1170%2C792&ssl=1&resize=350%2C200","width":350,"height":200},"classes":[]}],"amp_enabled":true,"_links":{"self":[{"href":"https:\/\/www.materiel-relooking.com\/blog\/wp-json\/wp\/v2\/posts\/790"}],"collection":[{"href":"https:\/\/www.materiel-relooking.com\/blog\/wp-json\/wp\/v2\/posts"}],"about":[{"href":"https:\/\/www.materiel-relooking.com\/blog\/wp-json\/wp\/v2\/types\/post"}],"author":[{"embeddable":true,"href":"https:\/\/www.materiel-relooking.com\/blog\/wp-json\/wp\/v2\/users\/2"}],"replies":[{"embeddable":true,"href":"https:\/\/www.materiel-relooking.com\/blog\/wp-json\/wp\/v2\/comments?post=790"}],"version-history":[{"count":4,"href":"https:\/\/www.materiel-relooking.com\/blog\/wp-json\/wp\/v2\/posts\/790\/revisions"}],"predecessor-version":[{"id":796,"href":"https:\/\/www.materiel-relooking.com\/blog\/wp-json\/wp\/v2\/posts\/790\/revisions\/796"}],"wp:featuredmedia":[{"embeddable":true,"href":"https:\/\/www.materiel-relooking.com\/blog\/wp-json\/wp\/v2\/media\/792"}],"wp:attachment":[{"href":"https:\/\/www.materiel-relooking.com\/blog\/wp-json\/wp\/v2\/media?parent=790"}],"wp:term":[{"taxonomy":"category","embeddable":true,"href":"https:\/\/www.materiel-relooking.com\/blog\/wp-json\/wp\/v2\/categories?post=790"},{"taxonomy":"post_tag","embeddable":true,"href":"https:\/\/www.materiel-relooking.com\/blog\/wp-json\/wp\/v2\/tags?post=790"}],"curies":[{"name":"wp","href":"https:\/\/api.w.org\/{rel}","templated":true}]}}