{"id":92,"date":"2014-06-17T09:12:09","date_gmt":"2014-06-17T09:12:09","guid":{"rendered":"http:\/\/www.materiel-relooking.com\/blog\/?p=92"},"modified":"2015-01-16T09:19:53","modified_gmt":"2015-01-16T09:19:53","slug":"malette-de-maquillage","status":"publish","type":"post","link":"https:\/\/www.materiel-relooking.com\/blog\/malette-de-maquillage\/","title":{"rendered":"Malette de maquillage professionnel"},"content":{"rendered":"<h2>Malette de maquillage<\/h2>\n<p>Cette\u00a0<a title=\"mallette de maquillage\" href=\"http:\/\/www.materiel-relooking.com\/fr\/20-mallette-de-maquillage\" target=\"_blank\"><strong>mallette de maquillage<\/strong><\/a>\u00a0en similicuir est incontournable pour ranger votre\u00a0<strong>materiel de maquillage professionnel<\/strong>. Robuste et facile \u00e0 transporter, elle demeure votre alli\u00e9e n\u00b01 lors de vos d\u00e9placements.<br \/>\nV\u00e9ritable <strong>mallette de<\/strong>\u00a0<a title=\"maquillage professionnel\" href=\"http:\/\/www.materiel-relooking.com\/fr\/39-maquillage-professionnel\" target=\"_blank\"><strong>maquillage professionnel,<\/strong> <\/a>cette mallette en croco contient les rangements pour des <strong>accessoires<\/strong>, <strong>maquillage<\/strong>, <strong>lisseur<\/strong> et pour le rangement des <strong>drapages.<br \/>\n<\/strong>Elle poss\u00e8de<strong> 2 plateaux amovibles<\/strong> qui se d\u00e9gagent sur les cot\u00e9s et triplent la surface pour disposer de vos produits. Elle a \u00e9t\u00e9 sp\u00e9cialement \u00e9tudi\u00e9e pour tous les <strong>outils du conseil en image<\/strong>.<\/p>\n<h3>Notre valise de maquillage est compos\u00e9e de :<\/h3>\n<ul>\n<ul>\n<ul>\n<li>4 plateaux de rangement.<\/li>\n<li>2 plateaux amovibles<\/li>\n<li>2 poign\u00e9es et 1 sangle bandouli\u00e8re.<\/li>\n<\/ul>\n<\/ul>\n<\/ul>\n<h5>Dimension de la mallette :<\/h5>\n<ul>\n<ul>\n<ul>\n<li>Largeur : 32cm<\/li>\n<li>Profondeur : 25cm<\/li>\n<li>Hauteur : 26cm<\/li>\n<\/ul>\n<\/ul>\n<\/ul>\n<p>La <strong>malette de maquillage<\/strong> permettra de ranger votre maquillage dont votre <strong>maquillage Maqpro<\/strong>\u00a0que vous pouvez retrouver sur notre boutique :<br \/>\n<strong><br \/>\nMAQPRO<\/strong> est devenue une r\u00e9f\u00e9rence du maquillage professionnel, et pour ne rien g\u00e2cher c&rsquo;est une fabrication 100% Fran\u00e7aise, sans Paraben, et non test\u00e9e sur les animaux, qui dit mieux ?<\/p>\n<p>En partenariat, nous avons d\u00e9cid\u00e9 de composer des packs sp\u00e9cialement pour le Relooking et le Conseil en Image.<strong><\/strong><\/p>\n<p><strong><a title=\"malette de maquillage\" href=\"http:\/\/www.materiel-relooking.com\/fr\/kits-relooking-pro\/142-mallette-maquillage-rouge.html\" target=\"_blank\"><img data-attachment-id=\"93\" data-permalink=\"https:\/\/www.materiel-relooking.com\/blog\/malette-de-maquillage\/mallette-maquillage-rouge\/\" data-orig-file=\"https:\/\/i0.wp.com\/www.materiel-relooking.com\/blog\/wp-content\/uploads\/2014\/06\/mallette-maquillage-rouge.jpg?fit=600%2C300&amp;ssl=1\" data-orig-size=\"600,300\" data-comments-opened=\"0\" data-image-meta=\"{&quot;aperture&quot;:&quot;0&quot;,&quot;credit&quot;:&quot;&quot;,&quot;camera&quot;:&quot;&quot;,&quot;caption&quot;:&quot;&quot;,&quot;created_timestamp&quot;:&quot;0&quot;,&quot;copyright&quot;:&quot;&quot;,&quot;focal_length&quot;:&quot;0&quot;,&quot;iso&quot;:&quot;0&quot;,&quot;shutter_speed&quot;:&quot;0&quot;,&quot;title&quot;:&quot;&quot;}\" data-image-title=\"mallette-maquillage-rouge\" data-image-description=\"\" data-image-caption=\"\" data-medium-file=\"https:\/\/i0.wp.com\/www.materiel-relooking.com\/blog\/wp-content\/uploads\/2014\/06\/mallette-maquillage-rouge.jpg?fit=300%2C150&amp;ssl=1\" data-large-file=\"https:\/\/i0.wp.com\/www.materiel-relooking.com\/blog\/wp-content\/uploads\/2014\/06\/mallette-maquillage-rouge.jpg?fit=600%2C300&amp;ssl=1\" loading=\"lazy\" class=\"aligncenter size-medium wp-image-93\" alt=\"malette de maquillage\" src=\"https:\/\/i0.wp.com\/www.materiel-relooking.com\/blog\/wp-content\/uploads\/2014\/06\/mallette-maquillage-rouge-300x150.jpg?resize=300%2C150\" width=\"300\" height=\"150\" srcset=\"https:\/\/i0.wp.com\/www.materiel-relooking.com\/blog\/wp-content\/uploads\/2014\/06\/mallette-maquillage-rouge.jpg?resize=300%2C150&amp;ssl=1 300w, https:\/\/i0.wp.com\/www.materiel-relooking.com\/blog\/wp-content\/uploads\/2014\/06\/mallette-maquillage-rouge.jpg?resize=500%2C250&amp;ssl=1 500w, https:\/\/i0.wp.com\/www.materiel-relooking.com\/blog\/wp-content\/uploads\/2014\/06\/mallette-maquillage-rouge.jpg?w=600&amp;ssl=1 600w\" sizes=\"(max-width: 300px) 100vw, 300px\" data-recalc-dims=\"1\" \/><\/a> <a title=\"malette de maquillage\" href=\"http:\/\/www.materiel-relooking.com\/fr\/kits-relooking-pro\/143-mallette-maquillage-pro.html\" target=\"_blank\"><img data-attachment-id=\"94\" data-permalink=\"https:\/\/www.materiel-relooking.com\/blog\/malette-de-maquillage\/mallette-maquillage-pro\/\" data-orig-file=\"https:\/\/i0.wp.com\/www.materiel-relooking.com\/blog\/wp-content\/uploads\/2014\/06\/mallette-maquillage-pro.jpg?fit=600%2C300&amp;ssl=1\" data-orig-size=\"600,300\" data-comments-opened=\"0\" data-image-meta=\"{&quot;aperture&quot;:&quot;0&quot;,&quot;credit&quot;:&quot;&quot;,&quot;camera&quot;:&quot;&quot;,&quot;caption&quot;:&quot;&quot;,&quot;created_timestamp&quot;:&quot;0&quot;,&quot;copyright&quot;:&quot;&quot;,&quot;focal_length&quot;:&quot;0&quot;,&quot;iso&quot;:&quot;0&quot;,&quot;shutter_speed&quot;:&quot;0&quot;,&quot;title&quot;:&quot;&quot;}\" data-image-title=\"mallette-maquillage-pro\" data-image-description=\"\" data-image-caption=\"\" data-medium-file=\"https:\/\/i0.wp.com\/www.materiel-relooking.com\/blog\/wp-content\/uploads\/2014\/06\/mallette-maquillage-pro.jpg?fit=300%2C150&amp;ssl=1\" data-large-file=\"https:\/\/i0.wp.com\/www.materiel-relooking.com\/blog\/wp-content\/uploads\/2014\/06\/mallette-maquillage-pro.jpg?fit=600%2C300&amp;ssl=1\" loading=\"lazy\" class=\"aligncenter size-medium wp-image-94\" alt=\"malette de maquillage\" src=\"https:\/\/i0.wp.com\/www.materiel-relooking.com\/blog\/wp-content\/uploads\/2014\/06\/mallette-maquillage-pro-300x150.jpg?resize=300%2C150\" width=\"300\" height=\"150\" srcset=\"https:\/\/i0.wp.com\/www.materiel-relooking.com\/blog\/wp-content\/uploads\/2014\/06\/mallette-maquillage-pro.jpg?resize=300%2C150&amp;ssl=1 300w, https:\/\/i0.wp.com\/www.materiel-relooking.com\/blog\/wp-content\/uploads\/2014\/06\/mallette-maquillage-pro.jpg?resize=500%2C250&amp;ssl=1 500w, https:\/\/i0.wp.com\/www.materiel-relooking.com\/blog\/wp-content\/uploads\/2014\/06\/mallette-maquillage-pro.jpg?w=600&amp;ssl=1 600w\" sizes=\"(max-width: 300px) 100vw, 300px\" data-recalc-dims=\"1\" \/><\/a> <a title=\"malette de maquillage noir\" href=\"http:\/\/www.materiel-relooking.com\/fr\/kits-relooking-pro\/23-kit-m2-mallette.html\" target=\"_blank\"><img data-attachment-id=\"95\" data-permalink=\"https:\/\/www.materiel-relooking.com\/blog\/malette-de-maquillage\/kit-m2-mallette\/\" data-orig-file=\"https:\/\/i0.wp.com\/www.materiel-relooking.com\/blog\/wp-content\/uploads\/2014\/06\/kit-m2-mallette.jpg?fit=600%2C300&amp;ssl=1\" data-orig-size=\"600,300\" data-comments-opened=\"0\" data-image-meta=\"{&quot;aperture&quot;:&quot;0&quot;,&quot;credit&quot;:&quot;&quot;,&quot;camera&quot;:&quot;&quot;,&quot;caption&quot;:&quot;&quot;,&quot;created_timestamp&quot;:&quot;0&quot;,&quot;copyright&quot;:&quot;&quot;,&quot;focal_length&quot;:&quot;0&quot;,&quot;iso&quot;:&quot;0&quot;,&quot;shutter_speed&quot;:&quot;0&quot;,&quot;title&quot;:&quot;&quot;}\" data-image-title=\"kit-m2-mallette\" data-image-description=\"\" data-image-caption=\"\" data-medium-file=\"https:\/\/i0.wp.com\/www.materiel-relooking.com\/blog\/wp-content\/uploads\/2014\/06\/kit-m2-mallette.jpg?fit=300%2C150&amp;ssl=1\" data-large-file=\"https:\/\/i0.wp.com\/www.materiel-relooking.com\/blog\/wp-content\/uploads\/2014\/06\/kit-m2-mallette.jpg?fit=600%2C300&amp;ssl=1\" loading=\"lazy\" class=\"aligncenter size-medium wp-image-95\" alt=\"malette de maquillage noir\" src=\"https:\/\/i0.wp.com\/www.materiel-relooking.com\/blog\/wp-content\/uploads\/2014\/06\/kit-m2-mallette-300x150.jpg?resize=300%2C150\" width=\"300\" height=\"150\" srcset=\"https:\/\/i0.wp.com\/www.materiel-relooking.com\/blog\/wp-content\/uploads\/2014\/06\/kit-m2-mallette.jpg?resize=300%2C150&amp;ssl=1 300w, https:\/\/i0.wp.com\/www.materiel-relooking.com\/blog\/wp-content\/uploads\/2014\/06\/kit-m2-mallette.jpg?resize=500%2C250&amp;ssl=1 500w, https:\/\/i0.wp.com\/www.materiel-relooking.com\/blog\/wp-content\/uploads\/2014\/06\/kit-m2-mallette.jpg?w=600&amp;ssl=1 600w\" sizes=\"(max-width: 300px) 100vw, 300px\" data-recalc-dims=\"1\" \/><\/a><\/strong><\/p>\n","protected":false},"excerpt":{"rendered":"<p>Malette de maquillage Cette\u00a0mallette de maquillage\u00a0en similicuir est incontournable pour ranger votre\u00a0materiel de maquillage professionnel. Robuste et facile \u00e0 transporter, elle demeure votre alli\u00e9e n\u00b01 lors de vos d\u00e9placements. V\u00e9ritable mallette de\u00a0maquillage professionnel, cette mallette en croco contient les rangements pour des accessoires, maquillage, lisseur et pour le rangement des drapages. Elle poss\u00e8de 2 plateaux amovibles qui se d\u00e9gagent sur les cot\u00e9s et triplent la surface pour disposer de vos produits. Elle a \u00e9t\u00e9 sp\u00e9cialement \u00e9tudi\u00e9e pour tous les outils du conseil en image. Notre valise de maquillage est compos\u00e9e de : 4 plateaux de rangement. 2 plateaux amovibles 2 poign\u00e9es et 1 sangle bandouli\u00e8re. Dimension de la mallette : Largeur : 32cm Profondeur : 25cm Hauteur : 26cm La malette de maquillage permettra de ranger votre maquillage dont votre maquillage Maqpro\u00a0que vous pouvez retrouver sur notre boutique : MAQPRO est devenue une r\u00e9f\u00e9rence du maquillage professionnel, et pour ne rien g\u00e2cher c&rsquo;est une fabrication 100% Fran\u00e7aise, sans Paraben, et non test\u00e9e sur les animaux, qui dit mieux ? En partenariat, nous avons d\u00e9cid\u00e9 de composer des packs sp\u00e9cialement pour le Relooking et le Conseil en Image.<\/p>\n","protected":false},"author":1,"featured_media":694,"comment_status":"closed","ping_status":"closed","sticky":false,"template":"","format":"standard","meta":{"spay_email":"","jetpack_publicize_message":"","jetpack_is_tweetstorm":false,"jetpack_publicize_feature_enabled":true},"categories":[4],"tags":[28,29,30],"yoast_head":"<!-- This site is optimized with the Yoast SEO plugin v18.1 - https:\/\/yoast.com\/wordpress\/plugins\/seo\/ -->\n<title>Malette de maquillage<\/title>\n<meta name=\"description\" content=\"Avec les malette de maquillage, emmenez votre maquillage. D\u00e9couvrez notre s\u00e9lection de produits valise de maquillage professionnel\" \/>\n<meta name=\"robots\" content=\"index, follow, max-snippet:-1, max-image-preview:large, max-video-preview:-1\" \/>\n<link rel=\"canonical\" href=\"https:\/\/www.materiel-relooking.com\/blog\/malette-de-maquillage\/\" \/>\n<meta property=\"og:locale\" content=\"fr_FR\" \/>\n<meta property=\"og:type\" content=\"article\" \/>\n<meta property=\"og:title\" content=\"Malette de maquillage\" \/>\n<meta property=\"og:description\" content=\"Avec les malette de maquillage, emmenez votre maquillage. D\u00e9couvrez notre s\u00e9lection de produits valise de maquillage professionnel\" \/>\n<meta property=\"og:url\" content=\"https:\/\/www.materiel-relooking.com\/blog\/malette-de-maquillage\/\" \/>\n<meta property=\"og:site_name\" content=\"Conseils Relooking - blog Relooking\" \/>\n<meta property=\"article:publisher\" content=\"https:\/\/www.facebook.com\/pages\/Materiel-Relooking\/\" \/>\n<meta property=\"article:published_time\" content=\"2014-06-17T09:12:09+00:00\" \/>\n<meta property=\"article:modified_time\" content=\"2015-01-16T09:19:53+00:00\" \/>\n<meta property=\"og:image\" content=\"https:\/\/i0.wp.com\/www.materiel-relooking.com\/blog\/wp-content\/uploads\/2014\/06\/mallette-de-maquillage-noire.jpg?fit=800%2C800&#038;ssl=1\" \/>\n\t<meta property=\"og:image:width\" content=\"800\" \/>\n\t<meta property=\"og:image:height\" content=\"800\" \/>\n\t<meta property=\"og:image:type\" content=\"image\/jpeg\" \/>\n<meta name=\"twitter:card\" content=\"summary\" \/>\n<meta name=\"twitter:creator\" content=\"@materielrelook\" \/>\n<meta name=\"twitter:site\" content=\"@materielrelook\" \/>\n<meta name=\"twitter:label1\" content=\"\u00c9crit par\" \/>\n\t<meta name=\"twitter:data1\" content=\"Cristina Relooking\" \/>\n\t<meta name=\"twitter:label2\" content=\"Dur\u00e9e de lecture estim\u00e9e\" \/>\n\t<meta name=\"twitter:data2\" content=\"1 minute\" \/>\n<script type=\"application\/ld+json\" class=\"yoast-schema-graph\">{\"@context\":\"https:\/\/schema.org\",\"@graph\":[{\"@type\":\"WebSite\",\"@id\":\"https:\/\/www.materiel-relooking.com\/blog\/#website\",\"url\":\"https:\/\/www.materiel-relooking.com\/blog\/\",\"name\":\"Conseils Relooking - blog Relooking\",\"description\":\"Blog des conseils de relooking pour les Conseillers en image, des Coiffeurs, des Esth\u00e9ticiennes,\",\"potentialAction\":[{\"@type\":\"SearchAction\",\"target\":{\"@type\":\"EntryPoint\",\"urlTemplate\":\"https:\/\/www.materiel-relooking.com\/blog\/?s={search_term_string}\"},\"query-input\":\"required name=search_term_string\"}],\"inLanguage\":\"fr-FR\"},{\"@type\":\"ImageObject\",\"@id\":\"https:\/\/www.materiel-relooking.com\/blog\/malette-de-maquillage\/#primaryimage\",\"inLanguage\":\"fr-FR\",\"url\":\"https:\/\/i0.wp.com\/www.materiel-relooking.com\/blog\/wp-content\/uploads\/2014\/06\/mallette-de-maquillage-noire.jpg?fit=800%2C800&ssl=1\",\"contentUrl\":\"https:\/\/i0.wp.com\/www.materiel-relooking.com\/blog\/wp-content\/uploads\/2014\/06\/mallette-de-maquillage-noire.jpg?fit=800%2C800&ssl=1\",\"width\":800,\"height\":800,\"caption\":\"mallette de maquillage noire\"},{\"@type\":\"WebPage\",\"@id\":\"https:\/\/www.materiel-relooking.com\/blog\/malette-de-maquillage\/#webpage\",\"url\":\"https:\/\/www.materiel-relooking.com\/blog\/malette-de-maquillage\/\",\"name\":\"Malette de maquillage\",\"isPartOf\":{\"@id\":\"https:\/\/www.materiel-relooking.com\/blog\/#website\"},\"primaryImageOfPage\":{\"@id\":\"https:\/\/www.materiel-relooking.com\/blog\/malette-de-maquillage\/#primaryimage\"},\"datePublished\":\"2014-06-17T09:12:09+00:00\",\"dateModified\":\"2015-01-16T09:19:53+00:00\",\"author\":{\"@id\":\"https:\/\/www.materiel-relooking.com\/blog\/#\/schema\/person\/7656fce98638251def18d00f15f5a8c0\"},\"description\":\"Avec les malette de maquillage, emmenez votre maquillage. D\u00e9couvrez notre s\u00e9lection de produits valise de maquillage professionnel\",\"breadcrumb\":{\"@id\":\"https:\/\/www.materiel-relooking.com\/blog\/malette-de-maquillage\/#breadcrumb\"},\"inLanguage\":\"fr-FR\",\"potentialAction\":[{\"@type\":\"ReadAction\",\"target\":[\"https:\/\/www.materiel-relooking.com\/blog\/malette-de-maquillage\/\"]}]},{\"@type\":\"BreadcrumbList\",\"@id\":\"https:\/\/www.materiel-relooking.com\/blog\/malette-de-maquillage\/#breadcrumb\",\"itemListElement\":[{\"@type\":\"ListItem\",\"position\":1,\"name\":\"Accueil\",\"item\":\"https:\/\/www.materiel-relooking.com\/blog\/\"},{\"@type\":\"ListItem\",\"position\":2,\"name\":\"Mat\u00e9riel conseil en image\",\"item\":\"https:\/\/www.materiel-relooking.com\/blog\/category\/materiel-conseil-en-image\/\"},{\"@type\":\"ListItem\",\"position\":3,\"name\":\"Malette de maquillage professionnel\"}]},{\"@type\":\"Person\",\"@id\":\"https:\/\/www.materiel-relooking.com\/blog\/#\/schema\/person\/7656fce98638251def18d00f15f5a8c0\",\"name\":\"Cristina Relooking\",\"image\":{\"@type\":\"ImageObject\",\"@id\":\"https:\/\/www.materiel-relooking.com\/blog\/#personlogo\",\"inLanguage\":\"fr-FR\",\"url\":\"https:\/\/i0.wp.com\/www.materiel-relooking.com\/blog\/wp-content\/uploads\/2015\/01\/cris.jpg?fit=72%2C96&ssl=1\",\"contentUrl\":\"https:\/\/i0.wp.com\/www.materiel-relooking.com\/blog\/wp-content\/uploads\/2015\/01\/cris.jpg?fit=72%2C96&ssl=1\",\"caption\":\"Cristina Relooking\"},\"description\":\"Dipl\u00f4m\u00e9e de l\u2019\u00e9cole des Beaux-arts et de la C.S de la Haute Couture de Paris, Conseill\u00e8re en Image pour la personne depuis 1999, directrice de formation dans divers soci\u00e9t\u00e9s de formations.\"}]}<\/script>\n<!-- \/ Yoast SEO plugin. -->","yoast_head_json":{"title":"Malette de maquillage","description":"Avec les malette de maquillage, emmenez votre maquillage. D\u00e9couvrez notre s\u00e9lection de produits valise de maquillage professionnel","robots":{"index":"index","follow":"follow","max-snippet":"max-snippet:-1","max-image-preview":"max-image-preview:large","max-video-preview":"max-video-preview:-1"},"canonical":"https:\/\/www.materiel-relooking.com\/blog\/malette-de-maquillage\/","og_locale":"fr_FR","og_type":"article","og_title":"Malette de maquillage","og_description":"Avec les malette de maquillage, emmenez votre maquillage. D\u00e9couvrez notre s\u00e9lection de produits valise de maquillage professionnel","og_url":"https:\/\/www.materiel-relooking.com\/blog\/malette-de-maquillage\/","og_site_name":"Conseils Relooking - blog Relooking","article_publisher":"https:\/\/www.facebook.com\/pages\/Materiel-Relooking\/","article_published_time":"2014-06-17T09:12:09+00:00","article_modified_time":"2015-01-16T09:19:53+00:00","og_image":[{"width":800,"height":800,"url":"https:\/\/i0.wp.com\/www.materiel-relooking.com\/blog\/wp-content\/uploads\/2014\/06\/mallette-de-maquillage-noire.jpg?fit=800%2C800&ssl=1","type":"image\/jpeg"}],"twitter_card":"summary","twitter_creator":"@materielrelook","twitter_site":"@materielrelook","twitter_misc":{"\u00c9crit par":"Cristina Relooking","Dur\u00e9e de lecture estim\u00e9e":"1 minute"},"schema":{"@context":"https:\/\/schema.org","@graph":[{"@type":"WebSite","@id":"https:\/\/www.materiel-relooking.com\/blog\/#website","url":"https:\/\/www.materiel-relooking.com\/blog\/","name":"Conseils Relooking - blog Relooking","description":"Blog des conseils de relooking pour les Conseillers en image, des Coiffeurs, des Esth\u00e9ticiennes,","potentialAction":[{"@type":"SearchAction","target":{"@type":"EntryPoint","urlTemplate":"https:\/\/www.materiel-relooking.com\/blog\/?s={search_term_string}"},"query-input":"required name=search_term_string"}],"inLanguage":"fr-FR"},{"@type":"ImageObject","@id":"https:\/\/www.materiel-relooking.com\/blog\/malette-de-maquillage\/#primaryimage","inLanguage":"fr-FR","url":"https:\/\/i0.wp.com\/www.materiel-relooking.com\/blog\/wp-content\/uploads\/2014\/06\/mallette-de-maquillage-noire.jpg?fit=800%2C800&ssl=1","contentUrl":"https:\/\/i0.wp.com\/www.materiel-relooking.com\/blog\/wp-content\/uploads\/2014\/06\/mallette-de-maquillage-noire.jpg?fit=800%2C800&ssl=1","width":800,"height":800,"caption":"mallette de maquillage noire"},{"@type":"WebPage","@id":"https:\/\/www.materiel-relooking.com\/blog\/malette-de-maquillage\/#webpage","url":"https:\/\/www.materiel-relooking.com\/blog\/malette-de-maquillage\/","name":"Malette de maquillage","isPartOf":{"@id":"https:\/\/www.materiel-relooking.com\/blog\/#website"},"primaryImageOfPage":{"@id":"https:\/\/www.materiel-relooking.com\/blog\/malette-de-maquillage\/#primaryimage"},"datePublished":"2014-06-17T09:12:09+00:00","dateModified":"2015-01-16T09:19:53+00:00","author":{"@id":"https:\/\/www.materiel-relooking.com\/blog\/#\/schema\/person\/7656fce98638251def18d00f15f5a8c0"},"description":"Avec les malette de maquillage, emmenez votre maquillage. D\u00e9couvrez notre s\u00e9lection de produits valise de maquillage professionnel","breadcrumb":{"@id":"https:\/\/www.materiel-relooking.com\/blog\/malette-de-maquillage\/#breadcrumb"},"inLanguage":"fr-FR","potentialAction":[{"@type":"ReadAction","target":["https:\/\/www.materiel-relooking.com\/blog\/malette-de-maquillage\/"]}]},{"@type":"BreadcrumbList","@id":"https:\/\/www.materiel-relooking.com\/blog\/malette-de-maquillage\/#breadcrumb","itemListElement":[{"@type":"ListItem","position":1,"name":"Accueil","item":"https:\/\/www.materiel-relooking.com\/blog\/"},{"@type":"ListItem","position":2,"name":"Mat\u00e9riel conseil en image","item":"https:\/\/www.materiel-relooking.com\/blog\/category\/materiel-conseil-en-image\/"},{"@type":"ListItem","position":3,"name":"Malette de maquillage professionnel"}]},{"@type":"Person","@id":"https:\/\/www.materiel-relooking.com\/blog\/#\/schema\/person\/7656fce98638251def18d00f15f5a8c0","name":"Cristina Relooking","image":{"@type":"ImageObject","@id":"https:\/\/www.materiel-relooking.com\/blog\/#personlogo","inLanguage":"fr-FR","url":"https:\/\/i0.wp.com\/www.materiel-relooking.com\/blog\/wp-content\/uploads\/2015\/01\/cris.jpg?fit=72%2C96&ssl=1","contentUrl":"https:\/\/i0.wp.com\/www.materiel-relooking.com\/blog\/wp-content\/uploads\/2015\/01\/cris.jpg?fit=72%2C96&ssl=1","caption":"Cristina Relooking"},"description":"Dipl\u00f4m\u00e9e de l\u2019\u00e9cole des Beaux-arts et de la C.S de la Haute Couture de Paris, Conseill\u00e8re en Image pour la personne depuis 1999, directrice de formation dans divers soci\u00e9t\u00e9s de formations."}]}},"jetpack_featured_media_url":"https:\/\/i0.wp.com\/www.materiel-relooking.com\/blog\/wp-content\/uploads\/2014\/06\/mallette-de-maquillage-noire.jpg?fit=800%2C800&ssl=1","jetpack_publicize_connections":[],"jetpack_sharing_enabled":true,"jetpack_shortlink":"https:\/\/wp.me\/p6KybK-1u","jetpack-related-posts":[{"id":937,"url":"https:\/\/www.materiel-relooking.com\/blog\/ganesha-events\/","url_meta":{"origin":92,"position":0},"title":"Ganesha Events : Agence et \u00e9cole de maquillage et de conseil en image \u00e0 Bruxelles","date":"15 janvier 2016","format":false,"excerpt":"Conseill\u00e8re en image \u00e0 Bruxelles En quelques mots pouvez vous nous dire en quoi votre m\u00e9tier vous passionne ? Passionn\u00e9e et fascin\u00e9e par l'humain, sa diversit\u00e9, sa complexit\u00e9, ses richesses multiples ... Accompagner les personnes dans leur d\u00e9veloppement personnel au niveau physique et artistique mais \u00e9galement psychique est devenu tr\u00e8s\u2026","rel":"","context":"Dans &quot;Annuaire Relooking&quot;","img":{"alt_text":"ganesha events","src":"https:\/\/i0.wp.com\/www.materiel-relooking.com\/blog\/wp-content\/uploads\/2016\/01\/ganesha-events.jpg?fit=800%2C408&ssl=1&resize=350%2C200","width":350,"height":200},"classes":[]},{"id":128,"url":"https:\/\/www.materiel-relooking.com\/blog\/maqpro-maquillage\/","url_meta":{"origin":92,"position":1},"title":"Maquillage MAQPRO","date":"31 juillet 2014","format":false,"excerpt":"Apr\u00e8s les vacances, nous aurons toutes besoin de conserver nos couleurs ! \u00a0 Pour le faire avec des produits de qualit\u00e9, je vous propose de d\u00e9couvrir la marque de maquillage\u00a0Maqpro que nous avons choisie comme partenaire. Maqpro cr\u00e9e et fabrique en France\u00a0-\u00a0et oui \u00e7a existe vraiment -, \u00e0 l'heure o\u00f9\u2026","rel":"","context":"Dans &quot;Mat\u00e9riel conseil en image&quot;","img":{"alt_text":"maquillage maqpro","src":"https:\/\/i0.wp.com\/www.materiel-relooking.com\/blog\/wp-content\/uploads\/2014\/07\/maquillage-maqpro.jpg?fit=478%2C750&ssl=1&resize=350%2C200","width":350,"height":200},"classes":[]},{"id":790,"url":"https:\/\/www.materiel-relooking.com\/blog\/interview-de-benjamin-puckey\/","url_meta":{"origin":92,"position":2},"title":"Interview de Benjamin Puckey","date":"26 mars 2015","format":false,"excerpt":"Interview de Benjamin Puckey qui parle du maquillage Maqpro. L'article de vogue \u00a0: http:\/\/en.vogue.fr\/fashion-videos\/fashion-story\/videos\/behind-the-scenes-with-benjamin-puckey\/6746 La traduction :\u00a0 O\u00f9 achetez vous vos produits pour votre activit\u00e9 ? A Paris, ce magasin Maqpro est culte pour les artistes maquilleurs, car c\u2019est l\u2019une des plus anciennes marques de maquillage professionnel Ils proposent une\u2026","rel":"","context":"Dans &quot;Mat\u00e9riel conseil en image&quot;","img":{"alt_text":"benjamin puckey","src":"https:\/\/i0.wp.com\/www.materiel-relooking.com\/blog\/wp-content\/uploads\/2015\/03\/benjamin-puckey.jpg?fit=751%2C334&ssl=1&resize=350%2C200","width":350,"height":200},"classes":[]},{"id":417924,"url":"https:\/\/www.materiel-relooking.com\/blog\/produits-de-maquillage-relooking-histoire-a-ecrire-relookeuses\/","url_meta":{"origin":92,"position":3},"title":"Les produits de maquillage et le relooking, une histoire \u00e0 \u00e9crire par les Relookeuses","date":"21 novembre 2018","format":"aside","excerpt":"Le Relooking ou le conseil en image ne se limite pas au draping ou au diagnostic colorim\u00e9trique. Au quotidien, les coachs et autres conseill\u00e8res en look doivent pouvoir r\u00e9pondre aux attentes pratiques de leurs clientes, et le maquillage en fait partie bien \u00e9videmment. Soigner l\u2019image et l\u2019apparence des autres, une\u2026","rel":"","context":"Dans &quot;Produits de maquillage&quot;","img":{"alt_text":"Les produits de maquillage et le relooking, une histoire \u00e0 \u00e9crire par les Relookeuses","src":"https:\/\/i0.wp.com\/www.materiel-relooking.com\/blog\/wp-content\/uploads\/2018\/11\/Les-produits-de-maquillage-et-le-relooking-une-histoire-\u00e0-\u00e9crire-par-les-Relookeuses.jpg?fit=1170%2C760&ssl=1&resize=350%2C200","width":350,"height":200},"classes":[]},{"id":769,"url":"https:\/\/www.materiel-relooking.com\/blog\/tendances-maquillage-automne-hiver-2014-2015\/","url_meta":{"origin":92,"position":4},"title":"Tendances maquillage automne-hiver 2014-2015","date":"17 f\u00e9vrier 2015","format":false,"excerpt":"Tendances maquillage automne-hiver Nous attendons avec impatience les tendances maquillage\u00a0qui sauront nous donner envie d\u2019affronter les frimas hivernaux. Issues des d\u00e9fil\u00e9s de mode des fameuses \u00ab\u00a0fashion weeks\u00a0\u00bb , nous avons d\u00e9crypt\u00e9 pour vous, les tendances qui feront vibrer votre vie au quotidien. Le trait de liner s\u2019\u00e9paissit qu\u2019il soit r\u00e9alis\u00e9\u2026","rel":"","context":"Dans &quot;Astuces beaut\u00e9&quot;","img":{"alt_text":"tendance maquillage","src":"https:\/\/i0.wp.com\/www.materiel-relooking.com\/blog\/wp-content\/uploads\/2015\/02\/tendance-maquillage.jpg?fit=800%2C795&ssl=1&resize=350%2C200","width":350,"height":200},"classes":[]},{"id":716,"url":"https:\/\/www.materiel-relooking.com\/blog\/les-differents-pinceaux-de-maquillage\/","url_meta":{"origin":92,"position":5},"title":"Les diff\u00e9rents pinceaux de maquillage","date":"9 janvier 2015","format":false,"excerpt":"Les diff\u00e9rents pinceaux de maquillage On identifie 4 types de pinceaux : Les ronds, les ovales ou plats, les rectangulaires et les biseaut\u00e9s. Les grandes maquilleuses et\u00a0 les grands maquilleurs ont beaucoup de pinceaux de maquillage\u00a0avec des diff\u00e9rences infimes dont ils ont seuls l\u2019utilit\u00e9. Comment reconnaitre un pinceau de qualit\u00e9\u2026","rel":"","context":"Dans &quot;Astuces beaut\u00e9&quot;","img":{"alt_text":"pinceau maquillage","src":"https:\/\/i0.wp.com\/www.materiel-relooking.com\/blog\/wp-content\/uploads\/2015\/01\/pinceau-maquillage.jpg?fit=1000%2C782&ssl=1&resize=350%2C200","width":350,"height":200},"classes":[]}],"amp_enabled":true,"_links":{"self":[{"href":"https:\/\/www.materiel-relooking.com\/blog\/wp-json\/wp\/v2\/posts\/92"}],"collection":[{"href":"https:\/\/www.materiel-relooking.com\/blog\/wp-json\/wp\/v2\/posts"}],"about":[{"href":"https:\/\/www.materiel-relooking.com\/blog\/wp-json\/wp\/v2\/types\/post"}],"author":[{"embeddable":true,"href":"https:\/\/www.materiel-relooking.com\/blog\/wp-json\/wp\/v2\/users\/1"}],"replies":[{"embeddable":true,"href":"https:\/\/www.materiel-relooking.com\/blog\/wp-json\/wp\/v2\/comments?post=92"}],"version-history":[{"count":15,"href":"https:\/\/www.materiel-relooking.com\/blog\/wp-json\/wp\/v2\/posts\/92\/revisions"}],"predecessor-version":[{"id":730,"href":"https:\/\/www.materiel-relooking.com\/blog\/wp-json\/wp\/v2\/posts\/92\/revisions\/730"}],"wp:featuredmedia":[{"embeddable":true,"href":"https:\/\/www.materiel-relooking.com\/blog\/wp-json\/wp\/v2\/media\/694"}],"wp:attachment":[{"href":"https:\/\/www.materiel-relooking.com\/blog\/wp-json\/wp\/v2\/media?parent=92"}],"wp:term":[{"taxonomy":"category","embeddable":true,"href":"https:\/\/www.materiel-relooking.com\/blog\/wp-json\/wp\/v2\/categories?post=92"},{"taxonomy":"post_tag","embeddable":true,"href":"https:\/\/www.materiel-relooking.com\/blog\/wp-json\/wp\/v2\/tags?post=92"}],"curies":[{"name":"wp","href":"https:\/\/api.w.org\/{rel}","templated":true}]}}