{"id":962,"date":"2016-03-31T17:01:42","date_gmt":"2016-03-31T17:01:42","guid":{"rendered":"http:\/\/www.materiel-relooking.com\/blog\/?p=962"},"modified":"2016-03-31T17:11:31","modified_gmt":"2016-03-31T17:11:31","slug":"conseillere-en-image-a-douvres-latelier-m-g-relooking","status":"publish","type":"post","link":"https:\/\/www.materiel-relooking.com\/blog\/conseillere-en-image-a-douvres-latelier-m-g-relooking\/","title":{"rendered":"Conseill\u00e8re en image \u00e0 Douvres &#8211; l&rsquo;atelier M.G.relooking"},"content":{"rendered":"<h2>Conseill\u00e8re en image \u00e0 Douvres<\/h2>\n<h3>En quelques mots pouvez vous nous dire en quoi votre m\u00e9tier vous passionne ?<\/h3>\n<p>Je suis Conseill\u00e8re en Communication et Image dipl\u00f4m\u00e9e, Coiffeuse visagisme depuis une quinzaine d&rsquo;ann\u00e9es, j&rsquo;ai choisi de mettre en avant mes qualit\u00e9s d&rsquo;\u00e9coute et d&rsquo;accompagnement pour aider toutes les personnes qui souhaitent valoriser leur apparence, leur silhouette, leur visage et surtout l&rsquo;estime de soi. A l&rsquo;id\u00e9e de rendre le sourire aux hommes et aux femmes d\u00e9sorient\u00e9s par leur image, me passionne !<\/p>\n<h3>Depuis combien de temps exercez-vous cette profession ?<\/h3>\n<p>Je viens de cr\u00e9er mon entreprise.<\/p>\n<h3>Pouvez nous dire ce que vous proposer ?<\/h3>\n<p>Je propose aux hommes et aux femmes de mettre leurs atouts en valeur,<br \/>\nvaloriser leur silhouette par des conseils personnalis\u00e9s de la coiffure au style.<img data-attachment-id=\"971\" data-permalink=\"https:\/\/www.materiel-relooking.com\/blog\/conseillere-en-image-a-douvres-latelier-m-g-relooking\/img_0302\/\" data-orig-file=\"https:\/\/i0.wp.com\/www.materiel-relooking.com\/blog\/wp-content\/uploads\/2016\/03\/IMG_0302.jpeg?fit=320%2C240&amp;ssl=1\" data-orig-size=\"320,240\" data-comments-opened=\"0\" data-image-meta=\"{&quot;aperture&quot;:&quot;0&quot;,&quot;credit&quot;:&quot;&quot;,&quot;camera&quot;:&quot;&quot;,&quot;caption&quot;:&quot;&quot;,&quot;created_timestamp&quot;:&quot;0&quot;,&quot;copyright&quot;:&quot;&quot;,&quot;focal_length&quot;:&quot;0&quot;,&quot;iso&quot;:&quot;0&quot;,&quot;shutter_speed&quot;:&quot;0&quot;,&quot;title&quot;:&quot;&quot;,&quot;orientation&quot;:&quot;0&quot;}\" data-image-title=\"Maquillage Relooking\" data-image-description=\"\" data-image-caption=\"\" data-medium-file=\"https:\/\/i0.wp.com\/www.materiel-relooking.com\/blog\/wp-content\/uploads\/2016\/03\/IMG_0302.jpeg?fit=300%2C225&amp;ssl=1\" data-large-file=\"https:\/\/i0.wp.com\/www.materiel-relooking.com\/blog\/wp-content\/uploads\/2016\/03\/IMG_0302.jpeg?fit=320%2C240&amp;ssl=1\" loading=\"lazy\" class=\"alignright wp-image-971\" src=\"https:\/\/i0.wp.com\/www.materiel-relooking.com\/blog\/wp-content\/uploads\/2016\/03\/IMG_0302-300x225.jpeg?resize=168%2C126\" alt=\"Maquillage Relooking\" width=\"168\" height=\"126\" srcset=\"https:\/\/i0.wp.com\/www.materiel-relooking.com\/blog\/wp-content\/uploads\/2016\/03\/IMG_0302.jpeg?resize=300%2C225&amp;ssl=1 300w, https:\/\/i0.wp.com\/www.materiel-relooking.com\/blog\/wp-content\/uploads\/2016\/03\/IMG_0302.jpeg?w=320&amp;ssl=1 320w\" sizes=\"(max-width: 168px) 100vw, 168px\" data-recalc-dims=\"1\" \/><\/p>\n<p><strong>Mes prestations :<br \/>\n<\/strong><br \/>\nTest de colorim\u00e9trie,<br \/>\nForfaits transformation coupe\/ couleur,<br \/>\nAnalyse visagisme,<br \/>\nAnalyse morpho-silhouette,<br \/>\nAnalyse de style,<br \/>\nConseils maquillage,<br \/>\nTrie de la garde robe,<br \/>\nAccompagne boutiques,<br \/>\nAtelier bien-\u00eatre \u00ab\u00a0brunch entre copains(e)\u00a0\u00bb<\/p>\n<p><img data-attachment-id=\"968\" data-permalink=\"https:\/\/www.materiel-relooking.com\/blog\/conseillere-en-image-a-douvres-latelier-m-g-relooking\/mg-relooking\/\" data-orig-file=\"https:\/\/i0.wp.com\/www.materiel-relooking.com\/blog\/wp-content\/uploads\/2016\/03\/MG-Relooking.jpg?fit=550%2C413&amp;ssl=1\" data-orig-size=\"550,413\" data-comments-opened=\"0\" data-image-meta=\"{&quot;aperture&quot;:&quot;0&quot;,&quot;credit&quot;:&quot;&quot;,&quot;camera&quot;:&quot;&quot;,&quot;caption&quot;:&quot;&quot;,&quot;created_timestamp&quot;:&quot;0&quot;,&quot;copyright&quot;:&quot;&quot;,&quot;focal_length&quot;:&quot;0&quot;,&quot;iso&quot;:&quot;0&quot;,&quot;shutter_speed&quot;:&quot;0&quot;,&quot;title&quot;:&quot;&quot;,&quot;orientation&quot;:&quot;0&quot;}\" data-image-title=\"MG-Relooking\" data-image-description=\"\" data-image-caption=\"\" data-medium-file=\"https:\/\/i0.wp.com\/www.materiel-relooking.com\/blog\/wp-content\/uploads\/2016\/03\/MG-Relooking.jpg?fit=300%2C225&amp;ssl=1\" data-large-file=\"https:\/\/i0.wp.com\/www.materiel-relooking.com\/blog\/wp-content\/uploads\/2016\/03\/MG-Relooking.jpg?fit=550%2C413&amp;ssl=1\" loading=\"lazy\" class=\"size-full wp-image-968 alignleft\" src=\"https:\/\/i0.wp.com\/www.materiel-relooking.com\/blog\/wp-content\/uploads\/2016\/03\/MG-Relooking.jpg?resize=550%2C413\" alt=\"MG-Relooking\" width=\"550\" height=\"413\" srcset=\"https:\/\/i0.wp.com\/www.materiel-relooking.com\/blog\/wp-content\/uploads\/2016\/03\/MG-Relooking.jpg?w=550&amp;ssl=1 550w, https:\/\/i0.wp.com\/www.materiel-relooking.com\/blog\/wp-content\/uploads\/2016\/03\/MG-Relooking.jpg?resize=300%2C225&amp;ssl=1 300w\" sizes=\"(max-width: 550px) 100vw, 550px\" data-recalc-dims=\"1\" \/><\/p>\n<p><img data-attachment-id=\"966\" data-permalink=\"https:\/\/www.materiel-relooking.com\/blog\/conseillere-en-image-a-douvres-latelier-m-g-relooking\/atelier-m-g-relooking\/\" data-orig-file=\"https:\/\/i0.wp.com\/www.materiel-relooking.com\/blog\/wp-content\/uploads\/2016\/03\/atelier-M-G-Relooking.jpg?fit=200%2C276&amp;ssl=1\" data-orig-size=\"200,276\" data-comments-opened=\"0\" data-image-meta=\"{&quot;aperture&quot;:&quot;0&quot;,&quot;credit&quot;:&quot;&quot;,&quot;camera&quot;:&quot;&quot;,&quot;caption&quot;:&quot;&quot;,&quot;created_timestamp&quot;:&quot;0&quot;,&quot;copyright&quot;:&quot;&quot;,&quot;focal_length&quot;:&quot;0&quot;,&quot;iso&quot;:&quot;0&quot;,&quot;shutter_speed&quot;:&quot;0&quot;,&quot;title&quot;:&quot;&quot;,&quot;orientation&quot;:&quot;0&quot;}\" data-image-title=\"atelier-M-G-Relooking\" data-image-description=\"\" data-image-caption=\"\" data-medium-file=\"https:\/\/i0.wp.com\/www.materiel-relooking.com\/blog\/wp-content\/uploads\/2016\/03\/atelier-M-G-Relooking.jpg?fit=200%2C276&amp;ssl=1\" data-large-file=\"https:\/\/i0.wp.com\/www.materiel-relooking.com\/blog\/wp-content\/uploads\/2016\/03\/atelier-M-G-Relooking.jpg?fit=200%2C276&amp;ssl=1\" loading=\"lazy\" class=\"alignleft size-full wp-image-966\" src=\"https:\/\/i0.wp.com\/www.materiel-relooking.com\/blog\/wp-content\/uploads\/2016\/03\/atelier-M-G-Relooking.jpg?resize=200%2C276\" alt=\"atelier-M-G-Relooking\" width=\"200\" height=\"276\" data-recalc-dims=\"1\" \/>Pour Contacter Amandine SERMET<\/p>\n<p>l&rsquo;atelier M.G.relooking<br \/>\n66 chemin du pr\u00e9-nouveau 01500 Douvres<br \/>\n<a class=\"l'atelier M.G.relooking\" href=\"https:\/\/www.facebook.com\/lateliermgrelooking.fr\/\" target=\"_blank\">D\u00e9couvrez l&rsquo;atelier M.G.relooking<\/a><br \/>\n<a href=\"http:\/\/www.materiel-relooking.com\/blog\/wp-content\/uploads\/2016\/03\/TARIFS-plaquette.pdf\" target=\"_blank\" rel=\"\">Plaquette &amp; Tarifs<\/a><\/p>\n<p>&nbsp;<\/p>\n<p>&nbsp;<\/p>\n<p>&nbsp;<\/p>\n<p>&nbsp;<\/p>\n<p>&nbsp;<\/p>\n<p>&nbsp;<\/p>\n<p>&nbsp;<\/p>\n<hr \/>\n<p><img data-attachment-id=\"974\" data-permalink=\"https:\/\/www.materiel-relooking.com\/blog\/conseillere-en-image-a-douvres-latelier-m-g-relooking\/avant-apres-relooking\/\" data-orig-file=\"https:\/\/i0.wp.com\/www.materiel-relooking.com\/blog\/wp-content\/uploads\/2016\/03\/avant-apres-relooking.jpg?fit=720%2C540&amp;ssl=1\" data-orig-size=\"720,540\" data-comments-opened=\"0\" data-image-meta=\"{&quot;aperture&quot;:&quot;0&quot;,&quot;credit&quot;:&quot;&quot;,&quot;camera&quot;:&quot;&quot;,&quot;caption&quot;:&quot;&quot;,&quot;created_timestamp&quot;:&quot;0&quot;,&quot;copyright&quot;:&quot;&quot;,&quot;focal_length&quot;:&quot;0&quot;,&quot;iso&quot;:&quot;0&quot;,&quot;shutter_speed&quot;:&quot;0&quot;,&quot;title&quot;:&quot;&quot;,&quot;orientation&quot;:&quot;0&quot;}\" data-image-title=\"avant-apres-relooking\" data-image-description=\"\" data-image-caption=\"\" data-medium-file=\"https:\/\/i0.wp.com\/www.materiel-relooking.com\/blog\/wp-content\/uploads\/2016\/03\/avant-apres-relooking.jpg?fit=300%2C225&amp;ssl=1\" data-large-file=\"https:\/\/i0.wp.com\/www.materiel-relooking.com\/blog\/wp-content\/uploads\/2016\/03\/avant-apres-relooking.jpg?fit=720%2C540&amp;ssl=1\" loading=\"lazy\" class=\"size-medium wp-image-974 alignleft\" src=\"https:\/\/i0.wp.com\/www.materiel-relooking.com\/blog\/wp-content\/uploads\/2016\/03\/avant-apres-relooking-300x225.jpg?resize=300%2C225\" alt=\"avant-apres-relooking\" width=\"300\" height=\"225\" srcset=\"https:\/\/i0.wp.com\/www.materiel-relooking.com\/blog\/wp-content\/uploads\/2016\/03\/avant-apres-relooking.jpg?resize=300%2C225&amp;ssl=1 300w, https:\/\/i0.wp.com\/www.materiel-relooking.com\/blog\/wp-content\/uploads\/2016\/03\/avant-apres-relooking.jpg?w=720&amp;ssl=1 720w\" sizes=\"(max-width: 300px) 100vw, 300px\" data-recalc-dims=\"1\" \/><\/p>\n<p><img data-attachment-id=\"975\" data-permalink=\"https:\/\/www.materiel-relooking.com\/blog\/conseillere-en-image-a-douvres-latelier-m-g-relooking\/avant-relooking-jpg\/\" data-orig-file=\"https:\/\/i0.wp.com\/www.materiel-relooking.com\/blog\/wp-content\/uploads\/2016\/03\/avant-relooking.jpg.jpg?fit=470%2C387&amp;ssl=1\" data-orig-size=\"470,387\" data-comments-opened=\"0\" data-image-meta=\"{&quot;aperture&quot;:&quot;0&quot;,&quot;credit&quot;:&quot;&quot;,&quot;camera&quot;:&quot;&quot;,&quot;caption&quot;:&quot;&quot;,&quot;created_timestamp&quot;:&quot;0&quot;,&quot;copyright&quot;:&quot;&quot;,&quot;focal_length&quot;:&quot;0&quot;,&quot;iso&quot;:&quot;0&quot;,&quot;shutter_speed&quot;:&quot;0&quot;,&quot;title&quot;:&quot;&quot;,&quot;orientation&quot;:&quot;0&quot;}\" data-image-title=\"avant-relooking.jpg\" data-image-description=\"\" data-image-caption=\"\" data-medium-file=\"https:\/\/i0.wp.com\/www.materiel-relooking.com\/blog\/wp-content\/uploads\/2016\/03\/avant-relooking.jpg.jpg?fit=300%2C247&amp;ssl=1\" data-large-file=\"https:\/\/i0.wp.com\/www.materiel-relooking.com\/blog\/wp-content\/uploads\/2016\/03\/avant-relooking.jpg.jpg?fit=470%2C387&amp;ssl=1\" loading=\"lazy\" class=\"size-medium wp-image-975 alignleft\" src=\"https:\/\/i0.wp.com\/www.materiel-relooking.com\/blog\/wp-content\/uploads\/2016\/03\/avant-relooking.jpg-300x247.jpg?resize=300%2C247\" alt=\"avant-relooking.jpg\" width=\"300\" height=\"247\" srcset=\"https:\/\/i0.wp.com\/www.materiel-relooking.com\/blog\/wp-content\/uploads\/2016\/03\/avant-relooking.jpg.jpg?resize=300%2C247&amp;ssl=1 300w, https:\/\/i0.wp.com\/www.materiel-relooking.com\/blog\/wp-content\/uploads\/2016\/03\/avant-relooking.jpg.jpg?w=470&amp;ssl=1 470w\" sizes=\"(max-width: 300px) 100vw, 300px\" data-recalc-dims=\"1\" \/><\/p>\n<p>&nbsp;<\/p>\n","protected":false},"excerpt":{"rendered":"<p>Conseill\u00e8re en image \u00e0 Douvres En quelques mots pouvez vous nous dire en quoi votre m\u00e9tier vous passionne ? Je suis Conseill\u00e8re en Communication et Image dipl\u00f4m\u00e9e, Coiffeuse visagisme depuis une quinzaine d&rsquo;ann\u00e9es, j&rsquo;ai choisi de mettre en avant mes qualit\u00e9s d&rsquo;\u00e9coute et d&rsquo;accompagnement pour aider toutes les personnes qui souhaitent valoriser leur apparence, leur silhouette, leur visage et surtout l&rsquo;estime de soi. A l&rsquo;id\u00e9e de rendre le sourire aux hommes et aux femmes d\u00e9sorient\u00e9s par leur image, me passionne ! Depuis combien de temps exercez-vous cette profession ? Je viens de cr\u00e9er mon entreprise. Pouvez nous dire ce que vous proposer ? Je propose aux hommes et aux femmes de mettre leurs atouts en valeur, valoriser leur silhouette par des conseils personnalis\u00e9s de la coiffure au style. Mes prestations : Test de colorim\u00e9trie, Forfaits transformation coupe\/ couleur, Analyse visagisme, Analyse morpho-silhouette, Analyse de style, Conseils maquillage, Trie de la garde robe, Accompagne boutiques, Atelier bien-\u00eatre \u00ab\u00a0brunch entre copains(e)\u00a0\u00bb Pour Contacter Amandine SERMET l&rsquo;atelier M.G.relooking 66 chemin du pr\u00e9-nouveau 01500 Douvres D\u00e9couvrez l&rsquo;atelier M.G.relooking Plaquette &amp; Tarifs &nbsp; &nbsp; &nbsp; &nbsp; &nbsp; &nbsp; &nbsp; &nbsp;<\/p>\n","protected":false},"author":2,"featured_media":965,"comment_status":"closed","ping_status":"closed","sticky":false,"template":"","format":"standard","meta":{"spay_email":"","jetpack_publicize_message":"","jetpack_is_tweetstorm":false,"jetpack_publicize_feature_enabled":true},"categories":[97],"tags":[],"yoast_head":"<!-- This site is optimized with the Yoast SEO plugin v18.1 - https:\/\/yoast.com\/wordpress\/plugins\/seo\/ -->\n<title>Conseill\u00e8re en image \u00e0 Douvres - l&#039;atelier M.G.relooking<\/title>\n<meta name=\"description\" content=\"Je suis Conseill\u00e8re en Communication et Image dipl\u00f4m\u00e9e, Coiffeuse visagisme depuis une quinzaine d&#039;ann\u00e9es, j&#039;ai choisi de mettre en avant mes qualit\u00e9s\" \/>\n<meta name=\"robots\" content=\"index, follow, max-snippet:-1, max-image-preview:large, max-video-preview:-1\" \/>\n<link rel=\"canonical\" href=\"https:\/\/www.materiel-relooking.com\/blog\/conseillere-en-image-a-douvres-latelier-m-g-relooking\/\" \/>\n<meta property=\"og:locale\" content=\"fr_FR\" \/>\n<meta property=\"og:type\" content=\"article\" \/>\n<meta property=\"og:title\" content=\"Conseill\u00e8re en image \u00e0 Douvres - l&#039;atelier M.G.relooking\" \/>\n<meta property=\"og:description\" content=\"Je suis Conseill\u00e8re en Communication et Image dipl\u00f4m\u00e9e, Coiffeuse visagisme depuis une quinzaine d&#039;ann\u00e9es, j&#039;ai choisi de mettre en avant mes qualit\u00e9s\" \/>\n<meta property=\"og:url\" content=\"https:\/\/www.materiel-relooking.com\/blog\/conseillere-en-image-a-douvres-latelier-m-g-relooking\/\" \/>\n<meta property=\"og:site_name\" content=\"Conseils Relooking - blog Relooking\" \/>\n<meta property=\"article:publisher\" content=\"https:\/\/www.facebook.com\/pages\/Materiel-Relooking\/\" \/>\n<meta property=\"article:published_time\" content=\"2016-03-31T17:01:42+00:00\" \/>\n<meta property=\"article:modified_time\" content=\"2016-03-31T17:11:31+00:00\" \/>\n<meta property=\"og:image\" content=\"https:\/\/i0.wp.com\/www.materiel-relooking.com\/blog\/wp-content\/uploads\/2016\/03\/atelier-MG-Relooking.jpg?fit=660%2C400&#038;ssl=1\" \/>\n\t<meta property=\"og:image:width\" content=\"660\" \/>\n\t<meta property=\"og:image:height\" content=\"400\" \/>\n\t<meta property=\"og:image:type\" content=\"image\/jpeg\" \/>\n<meta name=\"twitter:card\" content=\"summary\" \/>\n<meta name=\"twitter:creator\" content=\"@materielrelook\" \/>\n<meta name=\"twitter:site\" content=\"@materielrelook\" \/>\n<meta name=\"twitter:label1\" content=\"\u00c9crit par\" \/>\n\t<meta name=\"twitter:data1\" content=\"Cristina Pedretti\" \/>\n\t<meta name=\"twitter:label2\" content=\"Dur\u00e9e de lecture estim\u00e9e\" \/>\n\t<meta name=\"twitter:data2\" content=\"1 minute\" \/>\n<script type=\"application\/ld+json\" class=\"yoast-schema-graph\">{\"@context\":\"https:\/\/schema.org\",\"@graph\":[{\"@type\":\"WebSite\",\"@id\":\"https:\/\/www.materiel-relooking.com\/blog\/#website\",\"url\":\"https:\/\/www.materiel-relooking.com\/blog\/\",\"name\":\"Conseils Relooking - blog Relooking\",\"description\":\"Blog des conseils de relooking pour les Conseillers en image, des Coiffeurs, des Esth\u00e9ticiennes,\",\"potentialAction\":[{\"@type\":\"SearchAction\",\"target\":{\"@type\":\"EntryPoint\",\"urlTemplate\":\"https:\/\/www.materiel-relooking.com\/blog\/?s={search_term_string}\"},\"query-input\":\"required name=search_term_string\"}],\"inLanguage\":\"fr-FR\"},{\"@type\":\"ImageObject\",\"@id\":\"https:\/\/www.materiel-relooking.com\/blog\/conseillere-en-image-a-douvres-latelier-m-g-relooking\/#primaryimage\",\"inLanguage\":\"fr-FR\",\"url\":\"https:\/\/i0.wp.com\/www.materiel-relooking.com\/blog\/wp-content\/uploads\/2016\/03\/atelier-MG-Relooking.jpg?fit=660%2C400&ssl=1\",\"contentUrl\":\"https:\/\/i0.wp.com\/www.materiel-relooking.com\/blog\/wp-content\/uploads\/2016\/03\/atelier-MG-Relooking.jpg?fit=660%2C400&ssl=1\",\"width\":660,\"height\":400,\"caption\":\"Atelier MG Relooking\"},{\"@type\":\"WebPage\",\"@id\":\"https:\/\/www.materiel-relooking.com\/blog\/conseillere-en-image-a-douvres-latelier-m-g-relooking\/#webpage\",\"url\":\"https:\/\/www.materiel-relooking.com\/blog\/conseillere-en-image-a-douvres-latelier-m-g-relooking\/\",\"name\":\"Conseill\u00e8re en image \u00e0 Douvres - l'atelier M.G.relooking\",\"isPartOf\":{\"@id\":\"https:\/\/www.materiel-relooking.com\/blog\/#website\"},\"primaryImageOfPage\":{\"@id\":\"https:\/\/www.materiel-relooking.com\/blog\/conseillere-en-image-a-douvres-latelier-m-g-relooking\/#primaryimage\"},\"datePublished\":\"2016-03-31T17:01:42+00:00\",\"dateModified\":\"2016-03-31T17:11:31+00:00\",\"author\":{\"@id\":\"https:\/\/www.materiel-relooking.com\/blog\/#\/schema\/person\/649eb71a49ea802d5d397139a2ddf665\"},\"description\":\"Je suis Conseill\u00e8re en Communication et Image dipl\u00f4m\u00e9e, Coiffeuse visagisme depuis une quinzaine d'ann\u00e9es, j'ai choisi de mettre en avant mes qualit\u00e9s\",\"breadcrumb\":{\"@id\":\"https:\/\/www.materiel-relooking.com\/blog\/conseillere-en-image-a-douvres-latelier-m-g-relooking\/#breadcrumb\"},\"inLanguage\":\"fr-FR\",\"potentialAction\":[{\"@type\":\"ReadAction\",\"target\":[\"https:\/\/www.materiel-relooking.com\/blog\/conseillere-en-image-a-douvres-latelier-m-g-relooking\/\"]}]},{\"@type\":\"BreadcrumbList\",\"@id\":\"https:\/\/www.materiel-relooking.com\/blog\/conseillere-en-image-a-douvres-latelier-m-g-relooking\/#breadcrumb\",\"itemListElement\":[{\"@type\":\"ListItem\",\"position\":1,\"name\":\"Accueil\",\"item\":\"https:\/\/www.materiel-relooking.com\/blog\/\"},{\"@type\":\"ListItem\",\"position\":2,\"name\":\"Annuaire Relooking\",\"item\":\"https:\/\/www.materiel-relooking.com\/blog\/category\/annuaire-relooking\/\"},{\"@type\":\"ListItem\",\"position\":3,\"name\":\"Conseill\u00e8re en image \u00e0 Douvres &#8211; l&rsquo;atelier M.G.relooking\"}]},{\"@type\":\"Person\",\"@id\":\"https:\/\/www.materiel-relooking.com\/blog\/#\/schema\/person\/649eb71a49ea802d5d397139a2ddf665\",\"name\":\"Cristina Pedretti\",\"image\":{\"@type\":\"ImageObject\",\"@id\":\"https:\/\/www.materiel-relooking.com\/blog\/#personlogo\",\"inLanguage\":\"fr-FR\",\"url\":\"https:\/\/i0.wp.com\/www.materiel-relooking.com\/blog\/wp-content\/uploads\/2015\/01\/cris.jpg?fit=72%2C96&ssl=1\",\"contentUrl\":\"https:\/\/i0.wp.com\/www.materiel-relooking.com\/blog\/wp-content\/uploads\/2015\/01\/cris.jpg?fit=72%2C96&ssl=1\",\"caption\":\"Cristina Pedretti\"},\"description\":\"Dipl\u00f4m\u00e9e de l\u2019\u00e9cole des Beaux-arts et de la C.S de la Haute Couture de Paris, Conseill\u00e8re en Image pour la personne depuis 1999.\"}]}<\/script>\n<!-- \/ Yoast SEO plugin. -->","yoast_head_json":{"title":"Conseill\u00e8re en image \u00e0 Douvres - l'atelier M.G.relooking","description":"Je suis Conseill\u00e8re en Communication et Image dipl\u00f4m\u00e9e, Coiffeuse visagisme depuis une quinzaine d'ann\u00e9es, j'ai choisi de mettre en avant mes qualit\u00e9s","robots":{"index":"index","follow":"follow","max-snippet":"max-snippet:-1","max-image-preview":"max-image-preview:large","max-video-preview":"max-video-preview:-1"},"canonical":"https:\/\/www.materiel-relooking.com\/blog\/conseillere-en-image-a-douvres-latelier-m-g-relooking\/","og_locale":"fr_FR","og_type":"article","og_title":"Conseill\u00e8re en image \u00e0 Douvres - l'atelier M.G.relooking","og_description":"Je suis Conseill\u00e8re en Communication et Image dipl\u00f4m\u00e9e, Coiffeuse visagisme depuis une quinzaine d'ann\u00e9es, j'ai choisi de mettre en avant mes qualit\u00e9s","og_url":"https:\/\/www.materiel-relooking.com\/blog\/conseillere-en-image-a-douvres-latelier-m-g-relooking\/","og_site_name":"Conseils Relooking - blog Relooking","article_publisher":"https:\/\/www.facebook.com\/pages\/Materiel-Relooking\/","article_published_time":"2016-03-31T17:01:42+00:00","article_modified_time":"2016-03-31T17:11:31+00:00","og_image":[{"width":660,"height":400,"url":"https:\/\/i0.wp.com\/www.materiel-relooking.com\/blog\/wp-content\/uploads\/2016\/03\/atelier-MG-Relooking.jpg?fit=660%2C400&ssl=1","type":"image\/jpeg"}],"twitter_card":"summary","twitter_creator":"@materielrelook","twitter_site":"@materielrelook","twitter_misc":{"\u00c9crit par":"Cristina Pedretti","Dur\u00e9e de lecture estim\u00e9e":"1 minute"},"schema":{"@context":"https:\/\/schema.org","@graph":[{"@type":"WebSite","@id":"https:\/\/www.materiel-relooking.com\/blog\/#website","url":"https:\/\/www.materiel-relooking.com\/blog\/","name":"Conseils Relooking - blog Relooking","description":"Blog des conseils de relooking pour les Conseillers en image, des Coiffeurs, des Esth\u00e9ticiennes,","potentialAction":[{"@type":"SearchAction","target":{"@type":"EntryPoint","urlTemplate":"https:\/\/www.materiel-relooking.com\/blog\/?s={search_term_string}"},"query-input":"required name=search_term_string"}],"inLanguage":"fr-FR"},{"@type":"ImageObject","@id":"https:\/\/www.materiel-relooking.com\/blog\/conseillere-en-image-a-douvres-latelier-m-g-relooking\/#primaryimage","inLanguage":"fr-FR","url":"https:\/\/i0.wp.com\/www.materiel-relooking.com\/blog\/wp-content\/uploads\/2016\/03\/atelier-MG-Relooking.jpg?fit=660%2C400&ssl=1","contentUrl":"https:\/\/i0.wp.com\/www.materiel-relooking.com\/blog\/wp-content\/uploads\/2016\/03\/atelier-MG-Relooking.jpg?fit=660%2C400&ssl=1","width":660,"height":400,"caption":"Atelier MG Relooking"},{"@type":"WebPage","@id":"https:\/\/www.materiel-relooking.com\/blog\/conseillere-en-image-a-douvres-latelier-m-g-relooking\/#webpage","url":"https:\/\/www.materiel-relooking.com\/blog\/conseillere-en-image-a-douvres-latelier-m-g-relooking\/","name":"Conseill\u00e8re en image \u00e0 Douvres - l'atelier M.G.relooking","isPartOf":{"@id":"https:\/\/www.materiel-relooking.com\/blog\/#website"},"primaryImageOfPage":{"@id":"https:\/\/www.materiel-relooking.com\/blog\/conseillere-en-image-a-douvres-latelier-m-g-relooking\/#primaryimage"},"datePublished":"2016-03-31T17:01:42+00:00","dateModified":"2016-03-31T17:11:31+00:00","author":{"@id":"https:\/\/www.materiel-relooking.com\/blog\/#\/schema\/person\/649eb71a49ea802d5d397139a2ddf665"},"description":"Je suis Conseill\u00e8re en Communication et Image dipl\u00f4m\u00e9e, Coiffeuse visagisme depuis une quinzaine d'ann\u00e9es, j'ai choisi de mettre en avant mes qualit\u00e9s","breadcrumb":{"@id":"https:\/\/www.materiel-relooking.com\/blog\/conseillere-en-image-a-douvres-latelier-m-g-relooking\/#breadcrumb"},"inLanguage":"fr-FR","potentialAction":[{"@type":"ReadAction","target":["https:\/\/www.materiel-relooking.com\/blog\/conseillere-en-image-a-douvres-latelier-m-g-relooking\/"]}]},{"@type":"BreadcrumbList","@id":"https:\/\/www.materiel-relooking.com\/blog\/conseillere-en-image-a-douvres-latelier-m-g-relooking\/#breadcrumb","itemListElement":[{"@type":"ListItem","position":1,"name":"Accueil","item":"https:\/\/www.materiel-relooking.com\/blog\/"},{"@type":"ListItem","position":2,"name":"Annuaire Relooking","item":"https:\/\/www.materiel-relooking.com\/blog\/category\/annuaire-relooking\/"},{"@type":"ListItem","position":3,"name":"Conseill\u00e8re en image \u00e0 Douvres &#8211; l&rsquo;atelier M.G.relooking"}]},{"@type":"Person","@id":"https:\/\/www.materiel-relooking.com\/blog\/#\/schema\/person\/649eb71a49ea802d5d397139a2ddf665","name":"Cristina Pedretti","image":{"@type":"ImageObject","@id":"https:\/\/www.materiel-relooking.com\/blog\/#personlogo","inLanguage":"fr-FR","url":"https:\/\/i0.wp.com\/www.materiel-relooking.com\/blog\/wp-content\/uploads\/2015\/01\/cris.jpg?fit=72%2C96&ssl=1","contentUrl":"https:\/\/i0.wp.com\/www.materiel-relooking.com\/blog\/wp-content\/uploads\/2015\/01\/cris.jpg?fit=72%2C96&ssl=1","caption":"Cristina Pedretti"},"description":"Dipl\u00f4m\u00e9e de l\u2019\u00e9cole des Beaux-arts et de la C.S de la Haute Couture de Paris, Conseill\u00e8re en Image pour la personne depuis 1999."}]}},"jetpack_featured_media_url":"https:\/\/i0.wp.com\/www.materiel-relooking.com\/blog\/wp-content\/uploads\/2016\/03\/atelier-MG-Relooking.jpg?fit=660%2C400&ssl=1","jetpack_publicize_connections":[],"jetpack_sharing_enabled":true,"jetpack_shortlink":"https:\/\/wp.me\/p6KybK-fw","jetpack-related-posts":[{"id":417961,"url":"https:\/\/www.materiel-relooking.com\/blog\/reussir-en-tant-que-conseillere-en-image-des-pistes-a-suivre\/","url_meta":{"origin":962,"position":0},"title":"R\u00e9ussir en tant que conseill\u00e8re en image, des pistes \u00e0 suivre","date":"19 f\u00e9vrier 2019","format":"aside","excerpt":"Nous terminons aujourd\u2019hui le survol de quelques id\u00e9es \u00e0 mettre en \u0153uvre pour vous aider \u00e0 booster votre activit\u00e9. Alors inspirez-vous et participez \u00e0 ce remue-m\u00e9ninges destin\u00e9 \u00e0 aider les Relookeuses \u00e0 se d\u00e9velopper. Du shopping \u00e0 l\u2019estime de soi, donner un sens \u00e0 son quotidien, une mission pour les\u2026","rel":"","context":"Dans &quot;Les Astuces du Relooking&quot;","img":{"alt_text":"R\u00e9ussir en tant que conseill\u00e8re en image","src":"https:\/\/i0.wp.com\/www.materiel-relooking.com\/blog\/wp-content\/uploads\/2019\/02\/R\u00e9ussir-en-tant-que-conseill\u00e8re-en-image.jpg?fit=1170%2C792&ssl=1&resize=350%2C200","width":350,"height":200},"classes":[]},{"id":417689,"url":"https:\/\/www.materiel-relooking.com\/blog\/relooking-na-dage-vive-conseilleres-images\/","url_meta":{"origin":962,"position":1},"title":"Le relooking n\u2019a pas d\u2019\u00e2ge alors vive les conseill\u00e8res en images !","date":"6 mars 2018","format":false,"excerpt":"Le relooking n\u2019a pas d\u2019\u00e2ge alors vive les conseill\u00e8res en images\u00a0! La F\u00eate des Grands-m\u00e8res sera f\u00eat\u00e9e ce dimanche 4 mars. N\u2019est-ce pas l\u2019occasion r\u00eav\u00e9e pour souligner \u00e0 quel point, les femmes et les hommes d\u2019exp\u00e9rience sont eux aussi attach\u00e9s \u00e0 leur image et \u00e0 leur look. Une occasion pour\u2026","rel":"","context":"Dans &quot;Les Astuces du Relooking&quot;","img":{"alt_text":"Un relooking \u00e0 chaque \u00e2ge","src":"https:\/\/i0.wp.com\/www.materiel-relooking.com\/blog\/wp-content\/uploads\/2018\/03\/relooking-femme-agee.jpeg?fit=612%2C408&ssl=1&resize=350%2C200","width":350,"height":200},"classes":[]},{"id":937,"url":"https:\/\/www.materiel-relooking.com\/blog\/ganesha-events\/","url_meta":{"origin":962,"position":2},"title":"Ganesha Events : Agence et \u00e9cole de maquillage et de conseil en image \u00e0 Bruxelles","date":"15 janvier 2016","format":false,"excerpt":"Conseill\u00e8re en image \u00e0 Bruxelles En quelques mots pouvez vous nous dire en quoi votre m\u00e9tier vous passionne ? Passionn\u00e9e et fascin\u00e9e par l'humain, sa diversit\u00e9, sa complexit\u00e9, ses richesses multiples ... Accompagner les personnes dans leur d\u00e9veloppement personnel au niveau physique et artistique mais \u00e9galement psychique est devenu tr\u00e8s\u2026","rel":"","context":"Dans &quot;Annuaire Relooking&quot;","img":{"alt_text":"ganesha events","src":"https:\/\/i0.wp.com\/www.materiel-relooking.com\/blog\/wp-content\/uploads\/2016\/01\/ganesha-events.jpg?fit=800%2C408&ssl=1&resize=350%2C200","width":350,"height":200},"classes":[]},{"id":417921,"url":"https:\/\/www.materiel-relooking.com\/blog\/reussir-relooking-choix-de-lexpertise-approche\/","url_meta":{"origin":962,"position":3},"title":"Comment r\u00e9ussir dans le Relooking ? Le choix de l\u2019expertise comme approche","date":"16 novembre 2018","format":"aside","excerpt":"Conseill\u00e8re en apparence, Relookeuse, coach en look et en image, \u2026. Les qualificatifs ne manquent pas pour d\u00e9signer les expertes du Relooking. Et pourtant, si vous souhaitez vous lancer dans l\u2019aventure de l\u2019entreprenariat, vous devez adopter une approche commune\u00a0caract\u00e9ris\u00e9e par \u2026 l\u2019expertise\u00a0! Le business du relooking, quand l\u2019offre doit cr\u00e9er\u2026","rel":"","context":"Dans &quot;L'actualit\u00e9 du Relooking&quot;","img":{"alt_text":"Comment r\u00e9ussir dans le Relooking ? Le choix de l\u2019expertise comme approche","src":"https:\/\/i0.wp.com\/www.materiel-relooking.com\/blog\/wp-content\/uploads\/2018\/11\/Comment-r\u00e9ussir-dans-le-Relooking-Le-choix-de-l\u2019expertise-comme-approche.jpg?fit=1170%2C760&ssl=1&resize=350%2C200","width":350,"height":200},"classes":[]},{"id":417705,"url":"https:\/\/www.materiel-relooking.com\/blog\/relooking-devenait-atout-vie-professionnelle\/","url_meta":{"origin":962,"position":4},"title":"Et si le relooking devenait un atout pour la vie professionnelle !","date":"23 avril 2018","format":false,"excerpt":"Et si le relooking devenait un atout pour la vie professionnelle\u00a0! On parle souvent de s\u00e9duction et d\u2019apparence, lorsque l\u2019on \u00e9voque l\u2019activit\u00e9 des Relookeuses et des conseill\u00e8res en image. Pourtant, le relooking est aussi une mani\u00e8re d\u2019atteindre plus ais\u00e9ment les objectifs, que nous nous fixons, sur un plan purement professionnel.\u2026","rel":"","context":"Dans &quot;Les M\u00e9thodes du Relooking&quot;","img":{"alt_text":"relooking devenait un atout pour la vie professionnelle","src":"https:\/\/i0.wp.com\/www.materiel-relooking.com\/blog\/wp-content\/uploads\/2018\/04\/relooking-devenait-un-atout-pour-la-vie-professionnelle.jpeg?fit=612%2C408&ssl=1&resize=350%2C200","width":350,"height":200},"classes":[]},{"id":417709,"url":"https:\/\/www.materiel-relooking.com\/blog\/relooking-commence-communication-maitrisee\/","url_meta":{"origin":962,"position":5},"title":"Pourquoi le Relooking commence avant tout par une communication maitris\u00e9e ?","date":"9 mai 2018","format":false,"excerpt":"Pourquoi le Relooking commence avant tout par une communication maitris\u00e9e\u00a0? On n\u2019y pense pas toujours, mais en mati\u00e8re de Relooking, la communication est plus qu\u2019importante. Non seulement, les conseill\u00e8res en image doivent s\u2019assurer d\u2019\u00eatre convaincantes, mais elles doivent aussi veiller \u00e0 ne pas trop en dire\u2026. Un dilemme, qu\u2019il est\u2026","rel":"","context":"Dans &quot;Les Astuces du Relooking&quot;","img":{"alt_text":"relooking & communication","src":"https:\/\/i0.wp.com\/www.materiel-relooking.com\/blog\/wp-content\/uploads\/2018\/05\/relooking-communication.jpeg?fit=408%2C612&ssl=1&resize=350%2C200","width":350,"height":200},"classes":[]}],"amp_enabled":true,"_links":{"self":[{"href":"https:\/\/www.materiel-relooking.com\/blog\/wp-json\/wp\/v2\/posts\/962"}],"collection":[{"href":"https:\/\/www.materiel-relooking.com\/blog\/wp-json\/wp\/v2\/posts"}],"about":[{"href":"https:\/\/www.materiel-relooking.com\/blog\/wp-json\/wp\/v2\/types\/post"}],"author":[{"embeddable":true,"href":"https:\/\/www.materiel-relooking.com\/blog\/wp-json\/wp\/v2\/users\/2"}],"replies":[{"embeddable":true,"href":"https:\/\/www.materiel-relooking.com\/blog\/wp-json\/wp\/v2\/comments?post=962"}],"version-history":[{"count":10,"href":"https:\/\/www.materiel-relooking.com\/blog\/wp-json\/wp\/v2\/posts\/962\/revisions"}],"predecessor-version":[{"id":979,"href":"https:\/\/www.materiel-relooking.com\/blog\/wp-json\/wp\/v2\/posts\/962\/revisions\/979"}],"wp:featuredmedia":[{"embeddable":true,"href":"https:\/\/www.materiel-relooking.com\/blog\/wp-json\/wp\/v2\/media\/965"}],"wp:attachment":[{"href":"https:\/\/www.materiel-relooking.com\/blog\/wp-json\/wp\/v2\/media?parent=962"}],"wp:term":[{"taxonomy":"category","embeddable":true,"href":"https:\/\/www.materiel-relooking.com\/blog\/wp-json\/wp\/v2\/categories?post=962"},{"taxonomy":"post_tag","embeddable":true,"href":"https:\/\/www.materiel-relooking.com\/blog\/wp-json\/wp\/v2\/tags?post=962"}],"curies":[{"name":"wp","href":"https:\/\/api.w.org\/{rel}","templated":true}]}}